{"id":147,"date":"2021-09-12T22:11:39","date_gmt":"2021-09-12T20:11:39","guid":{"rendered":"https:\/\/blog.terreatribord.bzh\/?p=147"},"modified":"2026-02-15T22:17:55","modified_gmt":"2026-02-15T21:17:55","slug":"la-bretagne","status":"publish","type":"post","link":"https:\/\/terreatribord.bzh\/blog\/2021\/09\/12\/la-bretagne\/","title":{"rendered":"La Bretagne !"},"content":{"rendered":"\n<p>La Bretagne, vous sentez d\u00e9j\u00e0 son<strong> air iod\u00e9<\/strong>, ses <strong>embruns marins<\/strong> &#8230;<\/p>\n\n\n\n<h2 class=\"wp-block-heading has-text-align-center\"><strong>Partons \u00e0 sa d\u00e9couverte !<\/strong><\/h2>\n\n\n\n<!--more-->\n\n\n\n<p>Tout d&rsquo;abord, il s&rsquo;agit de la r\u00e9gion qui est situ\u00e9e le plus \u00e0 l\u2019extr\u00e9mit\u00e9 <strong>ouest<\/strong> de la France. Avec ses 4 d\u00e9partements (C\u00f4tes d&rsquo;Armor, Finist\u00e8re, Ille et Vilaine et Morbihan), c&rsquo;est une p\u00e9ninsule vallonn\u00e9e.<\/p>\n\n\n\n<h2 class=\"wp-block-heading has-text-align-center\"><strong>Les villes principales de la Bretagne<\/strong><\/h2>\n\n\n\n<ul class=\"wp-block-list\">\n<li>C\u00f4tes d&rsquo;Armor : <strong>Saint-Brieuc<\/strong> (sa capitale), <strong>Dinan<\/strong>, <strong>Guingamp<\/strong>, <strong>Loud\u00e9ac<\/strong> et <strong>Lannion<\/strong>.<\/li>\n<\/ul>\n\n\n\n<ul class=\"wp-block-list\">\n<li>Finist\u00e8re : <strong>Quimper<\/strong> (sa capitale), <strong>Brest<\/strong>, <strong>Carhaix<\/strong>, <strong>Quimperl\u00e9<\/strong>, <strong>Landerneau<\/strong> et <strong>Morlaix<\/strong>. <\/li>\n<\/ul>\n\n\n\n<ul class=\"wp-block-list\">\n<li>Ille et Vilaine : <strong>Rennes<\/strong> (sa capitale), <strong>Saint-Malo<\/strong>, <strong>Vitr\u00e9<\/strong>, <strong>Redon<\/strong> et <strong>Foug\u00e8res<\/strong>.<\/li>\n<\/ul>\n\n\n\n<ul class=\"wp-block-list\">\n<li>Morbihan : <strong>Vannes<\/strong> (sa capitale), <strong>Lorient<\/strong>, <strong>Auray<\/strong>, <strong>Pontivy<\/strong> et <strong>Pl\u00f6ermel<\/strong>.<\/li>\n<\/ul>\n\n\n\n<h2 class=\"wp-block-heading has-text-align-center\"><strong>Les petites cit\u00e9s de caract\u00e8re<\/strong> de Bretagne<\/h2>\n\n\n<div class=\"wp-block-image\">\n<figure class=\"aligncenter size-large\"><img loading=\"lazy\" decoding=\"async\" width=\"1024\" height=\"473\" src=\"https:\/\/terreatribord.bzh\/blog\/wp-content\/uploads\/2022\/01\/treguier-1024x473.jpg\" alt=\"Tr\u00e9guier C\u00f4te de Granit Rose C\u00f4tes d'Armor Bretagne Terre \u00e0 Tribord\" class=\"wp-image-300\" srcset=\"https:\/\/terreatribord.bzh\/blog\/wp-content\/uploads\/2022\/01\/treguier-1024x473.jpg 1024w, https:\/\/terreatribord.bzh\/blog\/wp-content\/uploads\/2022\/01\/treguier-300x138.jpg 300w, https:\/\/terreatribord.bzh\/blog\/wp-content\/uploads\/2022\/01\/treguier-768x354.jpg 768w, https:\/\/terreatribord.bzh\/blog\/wp-content\/uploads\/2022\/01\/treguier-676x312.jpg 676w, https:\/\/terreatribord.bzh\/blog\/wp-content\/uploads\/2022\/01\/treguier.jpg 1426w\" sizes=\"auto, (max-width: 1024px) 100vw, 1024px\" \/><figcaption class=\"wp-element-caption\"><em>Tr\u00e9guier \u2013 Autrefois la capitale du Tr\u00e9gor<\/em> en Bretagne<\/figcaption><\/figure>\n<\/div>\n\n\n<p>Gr\u00e2ce \u00e0 son c\u00f4t\u00e9 authentique, la <strong>Bretagne<\/strong> regorge de <strong>charmantes petites villes<\/strong>, comme <a href=\"https:\/\/terreatribord.bzh\/blog\/2026\/02\/15\/treguier-la-capitale-historique-du-tregor\/\" type=\"link\" id=\"https:\/\/terreatribord.bzh\/blog\/2026\/02\/15\/treguier-la-capitale-historique-du-tregor\/\">Tr\u00e9guier<\/a> sur la photo ci-dessus. <\/p>\n\n\n\n<p>Elles sont labellis\u00e9es sous le nom de Petites Cit\u00e9s de Caract\u00e8re. <\/p>\n\n\n\n<p>Autrefois importantes, elles ont su garder leurs <strong>c\u00f4t\u00e9s historiques<\/strong> avec l&rsquo;<strong>architecture<\/strong> de leurs centres-villes et de leurs maisons. De plus, leur environnement est prot\u00e9g\u00e9 et agr\u00e9able en partie gr\u00e2ce aux rivi\u00e8res qui traversent ses magnifiques villes.<\/p>\n\n\n\n<h2 class=\"wp-block-heading has-text-align-center\">La Bretagne, <strong>une r\u00e9gion riche en paysages !<\/strong><\/h2>\n\n\n\n<p>En effet, la v\u00e9g\u00e9tation est abondante&nbsp;et la r\u00e9gion dispose de nombreux <strong>sites naturels<\/strong>. Une palette de paysages s&rsquo;offrent \u00e0 vous !<\/p>\n\n\n\n<h2 class=\"wp-block-heading has-text-align-center\"><strong>L&rsquo;Argoat (\u00ab\u00a0les bois\u00a0\u00bb en breton)<\/strong><\/h2>\n\n\n<div class=\"wp-block-image is-resized\">\n<figure class=\"aligncenter size-large\"><img loading=\"lazy\" decoding=\"async\" width=\"1024\" height=\"683\" src=\"https:\/\/terreatribord.bzh\/blog\/wp-content\/uploads\/2022\/01\/vallee-traouieros-1024x683.jpg\" alt=\"Vall\u00e9e des Traou\u00efero - Perros-Guirec C\u00f4te de Granit Rose C\u00f4tes d'Armor Bretagne terre \u00e0 Tribord\" class=\"wp-image-297\" srcset=\"https:\/\/terreatribord.bzh\/blog\/wp-content\/uploads\/2022\/01\/vallee-traouieros-1024x683.jpg 1024w, https:\/\/terreatribord.bzh\/blog\/wp-content\/uploads\/2022\/01\/vallee-traouieros-300x200.jpg 300w, https:\/\/terreatribord.bzh\/blog\/wp-content\/uploads\/2022\/01\/vallee-traouieros-768x512.jpg 768w, https:\/\/terreatribord.bzh\/blog\/wp-content\/uploads\/2022\/01\/vallee-traouieros-1536x1024.jpg 1536w, https:\/\/terreatribord.bzh\/blog\/wp-content\/uploads\/2022\/01\/vallee-traouieros-676x451.jpg 676w, https:\/\/terreatribord.bzh\/blog\/wp-content\/uploads\/2022\/01\/vallee-traouieros.jpg 2048w\" sizes=\"auto, (max-width: 1024px) 100vw, 1024px\" \/><figcaption class=\"wp-element-caption\"><em>Vall\u00e9e des Traou\u00efero \u2013 Entre Perros-Guirec et Tr\u00e9gastel<\/em> en Bretagne<\/figcaption><\/figure>\n<\/div>\n\n\n<p>L&rsquo;int\u00e9rieur des terre, c&rsquo;est l&rsquo;Argoat. Landes, tourbi\u00e8res, bocages, for\u00eats &#8230; dessinent des paysages vari\u00e9s. <\/p>\n\n\n\n<p>Et surtout, l\u2019Argoat est le pays myst\u00e9rieux des <strong>contes et l\u00e9gendes bretonnes<\/strong>.<\/p>\n\n\n\n<h2 class=\"wp-block-heading has-text-align-center\"><strong>L&rsquo;Armor (\u00ab\u00a0le bord de mer\u00a0\u00bb en Breton)<\/strong><\/h2>\n\n\n<div class=\"wp-block-image\">\n<figure class=\"aligncenter size-large\"><img loading=\"lazy\" decoding=\"async\" width=\"1024\" height=\"684\" src=\"https:\/\/terreatribord.bzh\/blog\/wp-content\/uploads\/2022\/01\/fleurs-sauvages-1024x684.jpg\" alt=\"Am\u00e9rites maritimes Bretagne Terre \u00e0 Tribord\" class=\"wp-image-298\" srcset=\"https:\/\/terreatribord.bzh\/blog\/wp-content\/uploads\/2022\/01\/fleurs-sauvages-1024x684.jpg 1024w, https:\/\/terreatribord.bzh\/blog\/wp-content\/uploads\/2022\/01\/fleurs-sauvages-300x200.jpg 300w, https:\/\/terreatribord.bzh\/blog\/wp-content\/uploads\/2022\/01\/fleurs-sauvages-768x513.jpg 768w, https:\/\/terreatribord.bzh\/blog\/wp-content\/uploads\/2022\/01\/fleurs-sauvages-1536x1026.jpg 1536w, https:\/\/terreatribord.bzh\/blog\/wp-content\/uploads\/2022\/01\/fleurs-sauvages-676x451.jpg 676w, https:\/\/terreatribord.bzh\/blog\/wp-content\/uploads\/2022\/01\/fleurs-sauvages.jpg 1920w\" sizes=\"auto, (max-width: 1024px) 100vw, 1024px\" \/><figcaption class=\"wp-element-caption\"><em>Am\u00e9rites maritimes tr\u00e8s pr\u00e9sentes sur nos c\u00f4tes bretonnes<\/em><\/figcaption><\/figure>\n<\/div>\n\n\n<p>Le littoral, c&rsquo;est l&rsquo;Armor. En tout, la r\u00e9gion dispose de 2&nbsp;730 kilom\u00e8tres&nbsp;de c\u00f4tes. Et \u00e0 chaque virage, une nouvelle carte postale : <strong>pointes rocheuses<\/strong>, <span style=\"font-size: inherit;\"><strong>c\u00f4tes sauvages<\/strong>, <strong>petits ports de p\u00eache<\/strong>, <strong>dunes<\/strong> battues par le vent, <strong>criques<\/strong>, <strong>falaises<\/strong> \u00e0 pic, <strong>estuaires<\/strong> servant de refuges aux poissons, mollusques ou oiseaux, <strong>marais<\/strong> salants, cordons de <strong>galets<\/strong>.<\/span>.. .<\/p>\n\n\n\n<h2 class=\"wp-block-heading has-text-align-center\">Une r\u00e9gion qui ne laisse personne indiff\u00e9rent<\/h2>\n\n\n\n<p>Alors, si vous avez <strong>envie de d\u00e9couvrir la Bretagne<\/strong>, au calme, entre mer et chemins de randonn\u00e9e, nos deux maisons de vacances \u00e0 Tr\u00e9l\u00e9vern vous accueillent <strong>toute l\u2019ann\u00e9e<\/strong>.<\/p>\n\n\n\n<p>\ud83d\udc49 <a class=\"\" href=\"https:\/\/terreatribord.bzh\/tyGwenn\/\">Ty Gwenn<\/a> \u2013 une maison familiale avec vue sur la mer<br>\ud83d\udc49 <a class=\"\" href=\"https:\/\/terreatribord.bzh\/tyGlaz\/\">Ty Glaz<\/a> \u2013 une maison en bois \u00e0 l\u2019ambiance chaleureuse<\/p>\n","protected":false},"excerpt":{"rendered":"<p>La Bretagne, vous sentez d\u00e9j\u00e0 son air iod\u00e9, ses embruns marins &#8230; Partons \u00e0 sa d\u00e9couverte !<\/p>\n","protected":false},"author":1,"featured_media":299,"comment_status":"open","ping_status":"open","sticky":false,"template":"","format":"standard","meta":{"footnotes":""},"categories":[8],"tags":[14,13,11,12,16],"class_list":["post-147","post","type-post","status-publish","format-standard","has-post-thumbnail","hentry","category-decouverte-de-la-bretagne","tag-balade","tag-mer","tag-nature","tag-patrimoine-historique","tag-ville","post-preview"],"yoast_head":"<!-- This site is optimized with the Yoast SEO plugin v27.5 - https:\/\/yoast.com\/product\/yoast-seo-wordpress\/ -->\n<title>La Bretagne ! - Terre \u00e0 Tribord ! La Bretagne ! Terre \u00e0 Tribord !<\/title>\n<meta name=\"description\" content=\"D\u00e9couvrez la Bretagne ! C\u00f4tes d&#039;Armor, Finist\u00e8re, Ille et Vilaine, Morbihan, ses villes, ses paysages avec son littoral, ses for\u00eats ...\" \/>\n<meta name=\"robots\" content=\"index, follow, max-snippet:-1, max-image-preview:large, max-video-preview:-1\" \/>\n<link rel=\"canonical\" href=\"https:\/\/terreatribord.bzh\/blog\/2021\/09\/12\/la-bretagne\/\" \/>\n<meta property=\"og:locale\" content=\"fr_FR\" \/>\n<meta property=\"og:type\" content=\"article\" \/>\n<meta property=\"og:title\" content=\"La Bretagne !\" \/>\n<meta property=\"og:description\" content=\"D\u00e9couvrez la Bretagne ! C\u00f4tes d&#039;Armor, Finist\u00e8re, Ille et Vilaine, Morbihan, ses villes, ses paysages avec son littoral, ses for\u00eats ...\" \/>\n<meta property=\"og:url\" content=\"https:\/\/terreatribord.bzh\/blog\/2021\/09\/12\/la-bretagne\/\" \/>\n<meta property=\"og:site_name\" content=\"Terre \u00e0 Tribord !\" \/>\n<meta property=\"article:published_time\" content=\"2021-09-12T20:11:39+00:00\" \/>\n<meta property=\"article:modified_time\" content=\"2026-02-15T21:17:55+00:00\" \/>\n<meta property=\"og:image\" content=\"https:\/\/terreatribord.bzh\/blog\/wp-content\/uploads\/2021\/07\/cropped-banner_situation.jpg\" \/>\n\t<meta property=\"og:image:width\" content=\"1280\" \/>\n\t<meta property=\"og:image:height\" content=\"416\" \/>\n\t<meta property=\"og:image:type\" content=\"image\/jpeg\" \/>\n<meta name=\"author\" content=\"Charlotte\" \/>\n<meta name=\"twitter:card\" content=\"summary_large_image\" \/>\n<meta name=\"twitter:label1\" content=\"\u00c9crit par\" \/>\n\t<meta name=\"twitter:data1\" content=\"Charlotte\" \/>\n\t<meta name=\"twitter:label2\" content=\"Dur\u00e9e de lecture estim\u00e9e\" \/>\n\t<meta name=\"twitter:data2\" content=\"3 minutes\" \/>\n<script type=\"application\/ld+json\" class=\"yoast-schema-graph\">{\"@context\":\"https:\\\/\\\/schema.org\",\"@graph\":[{\"@type\":\"Article\",\"@id\":\"https:\\\/\\\/terreatribord.bzh\\\/blog\\\/2021\\\/09\\\/12\\\/la-bretagne\\\/#article\",\"isPartOf\":{\"@id\":\"https:\\\/\\\/terreatribord.bzh\\\/blog\\\/2021\\\/09\\\/12\\\/la-bretagne\\\/\"},\"author\":{\"name\":\"Charlotte\",\"@id\":\"https:\\\/\\\/terreatribord.bzh\\\/blog\\\/#\\\/schema\\\/person\\\/799840395f3f8c1f423b7eac8cacc075\"},\"headline\":\"La Bretagne !\",\"datePublished\":\"2021-09-12T20:11:39+00:00\",\"dateModified\":\"2026-02-15T21:17:55+00:00\",\"mainEntityOfPage\":{\"@id\":\"https:\\\/\\\/terreatribord.bzh\\\/blog\\\/2021\\\/09\\\/12\\\/la-bretagne\\\/\"},\"wordCount\":423,\"commentCount\":16,\"publisher\":{\"@id\":\"https:\\\/\\\/terreatribord.bzh\\\/blog\\\/#\\\/schema\\\/person\\\/799840395f3f8c1f423b7eac8cacc075\"},\"image\":{\"@id\":\"https:\\\/\\\/terreatribord.bzh\\\/blog\\\/2021\\\/09\\\/12\\\/la-bretagne\\\/#primaryimage\"},\"thumbnailUrl\":\"https:\\\/\\\/terreatribord.bzh\\\/blog\\\/wp-content\\\/uploads\\\/2022\\\/01\\\/keriec3-scaled.jpg\",\"keywords\":[\"Balade\",\"Mer\",\"Nature\",\"Patrimoine historique\",\"Ville\"],\"articleSection\":[\"D\u00e9couverte de la Bretagne\"],\"inLanguage\":\"fr-FR\",\"potentialAction\":[{\"@type\":\"CommentAction\",\"name\":\"Comment\",\"target\":[\"https:\\\/\\\/terreatribord.bzh\\\/blog\\\/2021\\\/09\\\/12\\\/la-bretagne\\\/#respond\"]}]},{\"@type\":\"WebPage\",\"@id\":\"https:\\\/\\\/terreatribord.bzh\\\/blog\\\/2021\\\/09\\\/12\\\/la-bretagne\\\/\",\"url\":\"https:\\\/\\\/terreatribord.bzh\\\/blog\\\/2021\\\/09\\\/12\\\/la-bretagne\\\/\",\"name\":\"La Bretagne ! - Terre \u00e0 Tribord ! La Bretagne ! Terre \u00e0 Tribord !\",\"isPartOf\":{\"@id\":\"https:\\\/\\\/terreatribord.bzh\\\/blog\\\/#website\"},\"primaryImageOfPage\":{\"@id\":\"https:\\\/\\\/terreatribord.bzh\\\/blog\\\/2021\\\/09\\\/12\\\/la-bretagne\\\/#primaryimage\"},\"image\":{\"@id\":\"https:\\\/\\\/terreatribord.bzh\\\/blog\\\/2021\\\/09\\\/12\\\/la-bretagne\\\/#primaryimage\"},\"thumbnailUrl\":\"https:\\\/\\\/terreatribord.bzh\\\/blog\\\/wp-content\\\/uploads\\\/2022\\\/01\\\/keriec3-scaled.jpg\",\"datePublished\":\"2021-09-12T20:11:39+00:00\",\"dateModified\":\"2026-02-15T21:17:55+00:00\",\"description\":\"D\u00e9couvrez la Bretagne ! C\u00f4tes d'Armor, Finist\u00e8re, Ille et Vilaine, Morbihan, ses villes, ses paysages avec son littoral, ses for\u00eats ...\",\"breadcrumb\":{\"@id\":\"https:\\\/\\\/terreatribord.bzh\\\/blog\\\/2021\\\/09\\\/12\\\/la-bretagne\\\/#breadcrumb\"},\"inLanguage\":\"fr-FR\",\"potentialAction\":[{\"@type\":\"ReadAction\",\"target\":[\"https:\\\/\\\/terreatribord.bzh\\\/blog\\\/2021\\\/09\\\/12\\\/la-bretagne\\\/\"]}]},{\"@type\":\"ImageObject\",\"inLanguage\":\"fr-FR\",\"@id\":\"https:\\\/\\\/terreatribord.bzh\\\/blog\\\/2021\\\/09\\\/12\\\/la-bretagne\\\/#primaryimage\",\"url\":\"https:\\\/\\\/terreatribord.bzh\\\/blog\\\/wp-content\\\/uploads\\\/2022\\\/01\\\/keriec3-scaled.jpg\",\"contentUrl\":\"https:\\\/\\\/terreatribord.bzh\\\/blog\\\/wp-content\\\/uploads\\\/2022\\\/01\\\/keriec3-scaled.jpg\",\"width\":2560,\"height\":1707,\"caption\":\"La c\u00f4te bretonne\"},{\"@type\":\"BreadcrumbList\",\"@id\":\"https:\\\/\\\/terreatribord.bzh\\\/blog\\\/2021\\\/09\\\/12\\\/la-bretagne\\\/#breadcrumb\",\"itemListElement\":[{\"@type\":\"ListItem\",\"position\":1,\"name\":\"Accueil\",\"item\":\"https:\\\/\\\/terreatribord.bzh\\\/blog\\\/\"},{\"@type\":\"ListItem\",\"position\":2,\"name\":\"La Bretagne !\"}]},{\"@type\":\"WebSite\",\"@id\":\"https:\\\/\\\/terreatribord.bzh\\\/blog\\\/#website\",\"url\":\"https:\\\/\\\/terreatribord.bzh\\\/blog\\\/\",\"name\":\"Terre \u00e0 Tribord !\",\"description\":\"Le blog qui met le cap sur la Bretagne.\",\"publisher\":{\"@id\":\"https:\\\/\\\/terreatribord.bzh\\\/blog\\\/#\\\/schema\\\/person\\\/799840395f3f8c1f423b7eac8cacc075\"},\"potentialAction\":[{\"@type\":\"SearchAction\",\"target\":{\"@type\":\"EntryPoint\",\"urlTemplate\":\"https:\\\/\\\/terreatribord.bzh\\\/blog\\\/?s={search_term_string}\"},\"query-input\":{\"@type\":\"PropertyValueSpecification\",\"valueRequired\":true,\"valueName\":\"search_term_string\"}}],\"inLanguage\":\"fr-FR\"},{\"@type\":[\"Person\",\"Organization\"],\"@id\":\"https:\\\/\\\/terreatribord.bzh\\\/blog\\\/#\\\/schema\\\/person\\\/799840395f3f8c1f423b7eac8cacc075\",\"name\":\"Charlotte\",\"image\":{\"@type\":\"ImageObject\",\"inLanguage\":\"fr-FR\",\"@id\":\"https:\\\/\\\/blog.terreatribord.bzh\\\/wp-content\\\/uploads\\\/2021\\\/08\\\/36825346_2456960194321511_447552153637093376_n.jpg\",\"url\":\"https:\\\/\\\/blog.terreatribord.bzh\\\/wp-content\\\/uploads\\\/2021\\\/08\\\/36825346_2456960194321511_447552153637093376_n.jpg\",\"contentUrl\":\"https:\\\/\\\/blog.terreatribord.bzh\\\/wp-content\\\/uploads\\\/2021\\\/08\\\/36825346_2456960194321511_447552153637093376_n.jpg\",\"width\":1462,\"height\":1462,\"caption\":\"Charlotte\"},\"logo\":{\"@id\":\"https:\\\/\\\/blog.terreatribord.bzh\\\/wp-content\\\/uploads\\\/2021\\\/08\\\/36825346_2456960194321511_447552153637093376_n.jpg\"},\"sameAs\":[\"https:\\\/\\\/blog.terreatribord.bzh\"]}]}<\/script>\n<!-- \/ Yoast SEO plugin. -->","yoast_head_json":{"title":"La Bretagne ! - Terre \u00e0 Tribord ! La Bretagne ! Terre \u00e0 Tribord !","description":"D\u00e9couvrez la Bretagne ! C\u00f4tes d'Armor, Finist\u00e8re, Ille et Vilaine, Morbihan, ses villes, ses paysages avec son littoral, ses for\u00eats ...","robots":{"index":"index","follow":"follow","max-snippet":"max-snippet:-1","max-image-preview":"max-image-preview:large","max-video-preview":"max-video-preview:-1"},"canonical":"https:\/\/terreatribord.bzh\/blog\/2021\/09\/12\/la-bretagne\/","og_locale":"fr_FR","og_type":"article","og_title":"La Bretagne !","og_description":"D\u00e9couvrez la Bretagne ! C\u00f4tes d'Armor, Finist\u00e8re, Ille et Vilaine, Morbihan, ses villes, ses paysages avec son littoral, ses for\u00eats ...","og_url":"https:\/\/terreatribord.bzh\/blog\/2021\/09\/12\/la-bretagne\/","og_site_name":"Terre \u00e0 Tribord !","article_published_time":"2021-09-12T20:11:39+00:00","article_modified_time":"2026-02-15T21:17:55+00:00","og_image":[{"width":1280,"height":416,"url":"https:\/\/terreatribord.bzh\/blog\/wp-content\/uploads\/2021\/07\/cropped-banner_situation.jpg","type":"image\/jpeg"}],"author":"Charlotte","twitter_card":"summary_large_image","twitter_misc":{"\u00c9crit par":"Charlotte","Dur\u00e9e de lecture estim\u00e9e":"3 minutes"},"schema":{"@context":"https:\/\/schema.org","@graph":[{"@type":"Article","@id":"https:\/\/terreatribord.bzh\/blog\/2021\/09\/12\/la-bretagne\/#article","isPartOf":{"@id":"https:\/\/terreatribord.bzh\/blog\/2021\/09\/12\/la-bretagne\/"},"author":{"name":"Charlotte","@id":"https:\/\/terreatribord.bzh\/blog\/#\/schema\/person\/799840395f3f8c1f423b7eac8cacc075"},"headline":"La Bretagne !","datePublished":"2021-09-12T20:11:39+00:00","dateModified":"2026-02-15T21:17:55+00:00","mainEntityOfPage":{"@id":"https:\/\/terreatribord.bzh\/blog\/2021\/09\/12\/la-bretagne\/"},"wordCount":423,"commentCount":16,"publisher":{"@id":"https:\/\/terreatribord.bzh\/blog\/#\/schema\/person\/799840395f3f8c1f423b7eac8cacc075"},"image":{"@id":"https:\/\/terreatribord.bzh\/blog\/2021\/09\/12\/la-bretagne\/#primaryimage"},"thumbnailUrl":"https:\/\/terreatribord.bzh\/blog\/wp-content\/uploads\/2022\/01\/keriec3-scaled.jpg","keywords":["Balade","Mer","Nature","Patrimoine historique","Ville"],"articleSection":["D\u00e9couverte de la Bretagne"],"inLanguage":"fr-FR","potentialAction":[{"@type":"CommentAction","name":"Comment","target":["https:\/\/terreatribord.bzh\/blog\/2021\/09\/12\/la-bretagne\/#respond"]}]},{"@type":"WebPage","@id":"https:\/\/terreatribord.bzh\/blog\/2021\/09\/12\/la-bretagne\/","url":"https:\/\/terreatribord.bzh\/blog\/2021\/09\/12\/la-bretagne\/","name":"La Bretagne ! - Terre \u00e0 Tribord ! La Bretagne ! Terre \u00e0 Tribord !","isPartOf":{"@id":"https:\/\/terreatribord.bzh\/blog\/#website"},"primaryImageOfPage":{"@id":"https:\/\/terreatribord.bzh\/blog\/2021\/09\/12\/la-bretagne\/#primaryimage"},"image":{"@id":"https:\/\/terreatribord.bzh\/blog\/2021\/09\/12\/la-bretagne\/#primaryimage"},"thumbnailUrl":"https:\/\/terreatribord.bzh\/blog\/wp-content\/uploads\/2022\/01\/keriec3-scaled.jpg","datePublished":"2021-09-12T20:11:39+00:00","dateModified":"2026-02-15T21:17:55+00:00","description":"D\u00e9couvrez la Bretagne ! C\u00f4tes d'Armor, Finist\u00e8re, Ille et Vilaine, Morbihan, ses villes, ses paysages avec son littoral, ses for\u00eats ...","breadcrumb":{"@id":"https:\/\/terreatribord.bzh\/blog\/2021\/09\/12\/la-bretagne\/#breadcrumb"},"inLanguage":"fr-FR","potentialAction":[{"@type":"ReadAction","target":["https:\/\/terreatribord.bzh\/blog\/2021\/09\/12\/la-bretagne\/"]}]},{"@type":"ImageObject","inLanguage":"fr-FR","@id":"https:\/\/terreatribord.bzh\/blog\/2021\/09\/12\/la-bretagne\/#primaryimage","url":"https:\/\/terreatribord.bzh\/blog\/wp-content\/uploads\/2022\/01\/keriec3-scaled.jpg","contentUrl":"https:\/\/terreatribord.bzh\/blog\/wp-content\/uploads\/2022\/01\/keriec3-scaled.jpg","width":2560,"height":1707,"caption":"La c\u00f4te bretonne"},{"@type":"BreadcrumbList","@id":"https:\/\/terreatribord.bzh\/blog\/2021\/09\/12\/la-bretagne\/#breadcrumb","itemListElement":[{"@type":"ListItem","position":1,"name":"Accueil","item":"https:\/\/terreatribord.bzh\/blog\/"},{"@type":"ListItem","position":2,"name":"La Bretagne !"}]},{"@type":"WebSite","@id":"https:\/\/terreatribord.bzh\/blog\/#website","url":"https:\/\/terreatribord.bzh\/blog\/","name":"Terre \u00e0 Tribord !","description":"Le blog qui met le cap sur la Bretagne.","publisher":{"@id":"https:\/\/terreatribord.bzh\/blog\/#\/schema\/person\/799840395f3f8c1f423b7eac8cacc075"},"potentialAction":[{"@type":"SearchAction","target":{"@type":"EntryPoint","urlTemplate":"https:\/\/terreatribord.bzh\/blog\/?s={search_term_string}"},"query-input":{"@type":"PropertyValueSpecification","valueRequired":true,"valueName":"search_term_string"}}],"inLanguage":"fr-FR"},{"@type":["Person","Organization"],"@id":"https:\/\/terreatribord.bzh\/blog\/#\/schema\/person\/799840395f3f8c1f423b7eac8cacc075","name":"Charlotte","image":{"@type":"ImageObject","inLanguage":"fr-FR","@id":"https:\/\/blog.terreatribord.bzh\/wp-content\/uploads\/2021\/08\/36825346_2456960194321511_447552153637093376_n.jpg","url":"https:\/\/blog.terreatribord.bzh\/wp-content\/uploads\/2021\/08\/36825346_2456960194321511_447552153637093376_n.jpg","contentUrl":"https:\/\/blog.terreatribord.bzh\/wp-content\/uploads\/2021\/08\/36825346_2456960194321511_447552153637093376_n.jpg","width":1462,"height":1462,"caption":"Charlotte"},"logo":{"@id":"https:\/\/blog.terreatribord.bzh\/wp-content\/uploads\/2021\/08\/36825346_2456960194321511_447552153637093376_n.jpg"},"sameAs":["https:\/\/blog.terreatribord.bzh"]}]}},"_links":{"self":[{"href":"https:\/\/terreatribord.bzh\/blog\/wp-json\/wp\/v2\/posts\/147","targetHints":{"allow":["GET"]}}],"collection":[{"href":"https:\/\/terreatribord.bzh\/blog\/wp-json\/wp\/v2\/posts"}],"about":[{"href":"https:\/\/terreatribord.bzh\/blog\/wp-json\/wp\/v2\/types\/post"}],"author":[{"embeddable":true,"href":"https:\/\/terreatribord.bzh\/blog\/wp-json\/wp\/v2\/users\/1"}],"replies":[{"embeddable":true,"href":"https:\/\/terreatribord.bzh\/blog\/wp-json\/wp\/v2\/comments?post=147"}],"version-history":[{"count":29,"href":"https:\/\/terreatribord.bzh\/blog\/wp-json\/wp\/v2\/posts\/147\/revisions"}],"predecessor-version":[{"id":963,"href":"https:\/\/terreatribord.bzh\/blog\/wp-json\/wp\/v2\/posts\/147\/revisions\/963"}],"wp:featuredmedia":[{"embeddable":true,"href":"https:\/\/terreatribord.bzh\/blog\/wp-json\/wp\/v2\/media\/299"}],"wp:attachment":[{"href":"https:\/\/terreatribord.bzh\/blog\/wp-json\/wp\/v2\/media?parent=147"}],"wp:term":[{"taxonomy":"category","embeddable":true,"href":"https:\/\/terreatribord.bzh\/blog\/wp-json\/wp\/v2\/categories?post=147"},{"taxonomy":"post_tag","embeddable":true,"href":"https:\/\/terreatribord.bzh\/blog\/wp-json\/wp\/v2\/tags?post=147"}],"curies":[{"name":"wp","href":"https:\/\/api.w.org\/{rel}","templated":true}]}}