{"id":238,"date":"2021-10-15T16:18:12","date_gmt":"2021-10-15T14:18:12","guid":{"rendered":"https:\/\/terreatribord.bzh\/blog\/?p=238"},"modified":"2026-02-15T22:22:42","modified_gmt":"2026-02-15T21:22:42","slug":"noel-en-bretagne","status":"publish","type":"post","link":"https:\/\/terreatribord.bzh\/blog\/2021\/10\/15\/noel-en-bretagne\/","title":{"rendered":"No\u00ebl en Bretagne"},"content":{"rendered":"\n<p>La <a href=\"https:\/\/terreatribord.bzh\/blog\/2021\/09\/12\/la-bretagne\/\">Bretagne<\/a> est une destination f\u00e9erique pour les <strong>vacances de No\u00ebl<\/strong> et du premier de l&rsquo;an. D\u00e9couvrez ses <strong>paysages hivernaux<\/strong>, ses <strong>villages illumin\u00e9s<\/strong> et leurs convivialit\u00e9s, ses <strong>traditions<\/strong>, ses <strong>l\u00e9gendes<\/strong>, sa <strong>gastronomie<\/strong> et ses <strong>festivit\u00e9s<\/strong> &#8230;<\/p>\n\n\n\n<!--more-->\n\n\n\n<h2 class=\"wp-block-heading has-text-align-center\">Les paysages hivernaux<\/h2>\n\n\n<div class=\"wp-block-image is-resized\">\n<figure class=\"aligncenter size-large\"><img loading=\"lazy\" decoding=\"async\" width=\"1024\" height=\"788\" src=\"https:\/\/terreatribord.bzh\/blog\/wp-content\/uploads\/2022\/01\/greve-blanche-hiver-1024x788.jpg\" alt=\"\" class=\"wp-image-313\" srcset=\"https:\/\/terreatribord.bzh\/blog\/wp-content\/uploads\/2022\/01\/greve-blanche-hiver-1024x788.jpg 1024w, https:\/\/terreatribord.bzh\/blog\/wp-content\/uploads\/2022\/01\/greve-blanche-hiver-300x231.jpg 300w, https:\/\/terreatribord.bzh\/blog\/wp-content\/uploads\/2022\/01\/greve-blanche-hiver-768x591.jpg 768w, https:\/\/terreatribord.bzh\/blog\/wp-content\/uploads\/2022\/01\/greve-blanche-hiver-1536x1181.jpg 1536w, https:\/\/terreatribord.bzh\/blog\/wp-content\/uploads\/2022\/01\/greve-blanche-hiver-2048x1575.jpg 2048w, https:\/\/terreatribord.bzh\/blog\/wp-content\/uploads\/2022\/01\/greve-blanche-hiver-676x520.jpg 676w\" sizes=\"auto, (max-width: 1024px) 100vw, 1024px\" \/><figcaption class=\"wp-element-caption\">Plage de La Gr\u00e8ve Blanche \u00e0 Tr\u00e9gastel<\/figcaption><\/figure>\n<\/div>\n\n\n<p>Pr\u00e8s de la <strong>mer<\/strong>, vous pourrez profiter d&rsquo;une jolie balade sur les plages de la <strong>C\u00f4te de Granit Rose<\/strong> et des <strong>Ajoncs d&rsquo;Or<\/strong> ou sur le <strong><a href=\"https:\/\/terreatribord.bzh\/blog\/2024\/02\/15\/le-gr34-le-sentier-des-douaniers-en-bretagne\/\">GR34<\/a><\/strong> tout le long du littoral &#8230; Avec son <strong>air marin<\/strong> revigorant, d\u00e9couvrez ses paysages marins et ses jolis petits ports. <\/p>\n\n\n<div class=\"wp-block-image\">\n<figure class=\"aligncenter size-large\"><img loading=\"lazy\" decoding=\"async\" width=\"1024\" height=\"768\" src=\"https:\/\/terreatribord.bzh\/blog\/wp-content\/uploads\/2022\/01\/paimpol-noel-1024x768.jpg\" alt=\"No\u00ebl \u00e0 Paimpol\" class=\"wp-image-311\" srcset=\"https:\/\/terreatribord.bzh\/blog\/wp-content\/uploads\/2022\/01\/paimpol-noel-1024x768.jpg 1024w, https:\/\/terreatribord.bzh\/blog\/wp-content\/uploads\/2022\/01\/paimpol-noel-300x225.jpg 300w, https:\/\/terreatribord.bzh\/blog\/wp-content\/uploads\/2022\/01\/paimpol-noel-768x576.jpg 768w, https:\/\/terreatribord.bzh\/blog\/wp-content\/uploads\/2022\/01\/paimpol-noel-1536x1152.jpg 1536w, https:\/\/terreatribord.bzh\/blog\/wp-content\/uploads\/2022\/01\/paimpol-noel-2048x1536.jpg 2048w, https:\/\/terreatribord.bzh\/blog\/wp-content\/uploads\/2022\/01\/paimpol-noel-676x507.jpg 676w\" sizes=\"auto, (max-width: 1024px) 100vw, 1024px\" \/><figcaption class=\"wp-element-caption\"> <em>Mon coup de c\u0153ur : Les bateaux du port de Paimpol sont illumin\u00e9s pour les vacances de No\u00ebl.<\/em> <\/figcaption><\/figure>\n<\/div>\n\n\n<p>La Bretagne, c&rsquo;est aussi de magnifiques for\u00eats. Les couleurs hivernales les mettent en valeur, une belle occasion pour s&rsquo;y promener et d\u00e9couvrir leurs tr\u00e9sors. <\/p>\n\n\n\n<p>Arm\u00e9 de vos bottes, d\u00e9couvrez la <strong>vall\u00e9e des Traou\u00efero<\/strong> entre Perros-Guirec et Tr\u00e9gastel, le <strong>bois Riou<\/strong> \u00e0 Tr\u00e9vou-Tr\u00e9guignec, la <strong>vall\u00e9e des moulins<\/strong> \u00e0 Tr\u00e9l\u00e9vern \u2026<\/p>\n\n\n\n<p class=\"has-text-align-center\">La Bretagne saura vous surprendre en hiver !<\/p>\n\n\n\n<h2 class=\"wp-block-heading has-text-align-center\">Les villes et villages illumin\u00e9s de Bretagne<\/h2>\n\n\n<div class=\"wp-block-image is-resized\">\n<figure class=\"aligncenter size-full\"><img loading=\"lazy\" decoding=\"async\" width=\"720\" height=\"960\" src=\"https:\/\/terreatribord.bzh\/blog\/wp-content\/uploads\/2021\/10\/FB_IMG_1608326341671-1.jpg\" alt=\"\" class=\"wp-image-240\" srcset=\"https:\/\/terreatribord.bzh\/blog\/wp-content\/uploads\/2021\/10\/FB_IMG_1608326341671-1.jpg 720w, https:\/\/terreatribord.bzh\/blog\/wp-content\/uploads\/2021\/10\/FB_IMG_1608326341671-1-225x300.jpg 225w, https:\/\/terreatribord.bzh\/blog\/wp-content\/uploads\/2021\/10\/FB_IMG_1608326341671-1-676x901.jpg 676w\" sizes=\"auto, (max-width: 720px) 100vw, 720px\" \/><figcaption class=\"wp-element-caption\">Tr\u00e9guier \u00e0 No\u00ebl<\/figcaption><\/figure>\n<\/div>\n\n\n<p>Le <strong>caract\u00e8re des villes et villages typiques de Bretagne<\/strong> se marient magnifiquement bien avec l&rsquo;<strong>ambiance de No\u00ebl<\/strong> ! Les d\u00e9corations de No\u00ebl, les sapins, les <strong>illuminations \u00e0 la tomb\u00e9e de la nuit <\/strong>mettent en valeur les centres-villes et les maisons traditionnelles en pierres. Une <strong>atmosph\u00e8re f\u00e9\u00e9rique<\/strong> s&rsquo;en d\u00e9gage.<\/p>\n\n\n\n<p><em>Mes coups de c\u0153ur : fl\u00e2ner \u00e0 la tomb\u00e9e de la nuit dans <a href=\"https:\/\/terreatribord.bzh\/blog\/2024\/06\/15\/trelevern-le-joyau-cache-de-la-cote-de-granit-rose\/\">Tr\u00e9l\u00e9vern<\/a>, Lannion et son march\u00e9 de No\u00ebl, <a href=\"https:\/\/terreatribord.bzh\/blog\/2026\/02\/15\/treguier-la-capitale-historique-du-tregor\/\" type=\"link\" id=\"https:\/\/terreatribord.bzh\/blog\/2026\/02\/15\/treguier-la-capitale-historique-du-tregor\/\">Tr\u00e9guier<\/a> ou encore <a href=\"https:\/\/terreatribord.bzh\/blog\/2024\/10\/15\/perros-guirec-cote-de-granit-rose\/\">Perros-Guirec<\/a>.<\/em><\/p>\n\n\n\n<p>Les villes de Guingamp et de Paimpol proposent une patinoire \u00e9ph\u00e9m\u00e8re.<\/p>\n\n\n\n<p class=\"has-text-align-center\">Les villes de Bretagne sauront vous charmer \u00e0 No\u00ebl !<\/p>\n\n\n\n<h2 class=\"wp-block-heading has-text-align-center\">Les traditions et l\u00e9gendes de Bretagne<\/h2>\n\n\n\n<p>Apr\u00e8s une belle balade hivernale, asseyez-vous confortablement dans votre canap\u00e9 avec une boisson chaude et profitez pour d\u00e9couvrir les contes et les l\u00e9gendes bretonnes.<\/p>\n\n\n\n<p class=\"has-text-align-center\">Les histoires de Bretagne sauront vous embarquer \u00e0 No\u00ebl !<\/p>\n\n\n\n<h2 class=\"wp-block-heading has-text-align-center\">La gastronomie bretonne<\/h2>\n\n\n\n<p>Le <strong>plateau de fruits de mer,<\/strong> les <a href=\"https:\/\/terreatribord.bzh\/blog\/2021\/10\/05\/recette-coquilles-saint-jacques\/\">Coquilles Saint-Jacques<\/a> sont des mets incontournables des <strong>f\u00eates de fin d&rsquo;ann\u00e9e<\/strong> et du <strong>r\u00e9veillon de la Saint Silvestre<\/strong> ! <\/p>\n\n\n\n<p>Quoi de mieux que de les d\u00e9guster sur leurs terres, au plus proche de leurs p\u00eaches. A d\u00e9guster accompagn\u00e9s de beurre sal\u00e9 et de petites bulles &#8230;<\/p>\n\n\n\n<p>Et c\u00f4t\u00e9 sucr\u00e9, les p\u00e2tisseries bretonnes raviront vos papilles !<\/p>\n\n\n<div class=\"wp-block-image\">\n<figure class=\"aligncenter size-large\"><img loading=\"lazy\" decoding=\"async\" width=\"1024\" height=\"768\" src=\"https:\/\/terreatribord.bzh\/blog\/wp-content\/uploads\/2022\/01\/IMG_20210523_123148-1024x768.jpg\" alt=\"Fruits de mer Bretagne Terre \u00e0 Tribord\" class=\"wp-image-319\" srcset=\"https:\/\/terreatribord.bzh\/blog\/wp-content\/uploads\/2022\/01\/IMG_20210523_123148-1024x768.jpg 1024w, https:\/\/terreatribord.bzh\/blog\/wp-content\/uploads\/2022\/01\/IMG_20210523_123148-300x225.jpg 300w, https:\/\/terreatribord.bzh\/blog\/wp-content\/uploads\/2022\/01\/IMG_20210523_123148-768x576.jpg 768w, https:\/\/terreatribord.bzh\/blog\/wp-content\/uploads\/2022\/01\/IMG_20210523_123148-1536x1152.jpg 1536w, https:\/\/terreatribord.bzh\/blog\/wp-content\/uploads\/2022\/01\/IMG_20210523_123148-2048x1536.jpg 2048w, https:\/\/terreatribord.bzh\/blog\/wp-content\/uploads\/2022\/01\/IMG_20210523_123148-676x507.jpg 676w\" sizes=\"auto, (max-width: 1024px) 100vw, 1024px\" \/><figcaption class=\"wp-element-caption\"> La Bretagne saura ravir vos papilles ! <\/figcaption><\/figure>\n<\/div>\n\n\n<h2 class=\"wp-block-heading has-text-align-center\">Plonger dans un bain d&rsquo;eau de mer<\/h2>\n\n\n\n<figure class=\"wp-block-image size-full\"><img loading=\"lazy\" decoding=\"async\" width=\"960\" height=\"720\" src=\"https:\/\/terreatribord.bzh\/blog\/wp-content\/uploads\/2022\/03\/forum-tregastel.jpg\" alt=\"forum de la mer tr\u00e9gastel bretagne\" class=\"wp-image-354\" srcset=\"https:\/\/terreatribord.bzh\/blog\/wp-content\/uploads\/2022\/03\/forum-tregastel.jpg 960w, https:\/\/terreatribord.bzh\/blog\/wp-content\/uploads\/2022\/03\/forum-tregastel-300x225.jpg 300w, https:\/\/terreatribord.bzh\/blog\/wp-content\/uploads\/2022\/03\/forum-tregastel-768x576.jpg 768w, https:\/\/terreatribord.bzh\/blog\/wp-content\/uploads\/2022\/03\/forum-tregastel-676x507.jpg 676w\" sizes=\"auto, (max-width: 960px) 100vw, 960px\" \/><figcaption class=\"wp-element-caption\">Forum de la mer \u00e0 Tr\u00e9gastel<\/figcaption><\/figure>\n\n\n\n<p>Le <strong><a href=\"https:\/\/forumdetregastel.fr\/\" target=\"_blank\" rel=\"noreferrer noopener\">Forum de Tr\u00e9gastel<\/a><\/strong> est <strong>complexe aquatique d\u2019eau de mer chauff\u00e9e \u00e0 30\u00b0. <\/strong>Profiter de sa piscine avec une&nbsp;<strong>vue exceptionnelle sur la plage du Coz-Pors<\/strong>, son espace d\u00e9tente (saunas, hammams, jacuzzi) ou de sa salle de sport.<\/p>\n\n\n\n<p>Aussi, vous pouvez vous offrir une journ\u00e9e \u00e0 la nouvelle&nbsp;<strong><a href=\"https:\/\/roz-marine-thalasso.com\/?gclid=CjwKCAjw5MOlBhBTEiwAAJ8e1twzBbVoYB-KrzfAEyIr0Fnpp9NGaC4j6N_ohv_zHxEMLsEVWumKZRoC1GIQAvD_BwE\" target=\"_blank\" rel=\"noreferrer noopener\">Thalasso Roz Marine<\/a><\/strong>&nbsp;sur la plage de Trestraou \u00e0 Perros-Guirec.<\/p>\n\n\n\n<h2 class=\"wp-block-heading has-text-align-center\">Les festivit\u00e9s \u00e0 No\u00ebl<\/h2>\n\n\n\n<figure class=\"wp-block-image size-large\"><img loading=\"lazy\" decoding=\"async\" width=\"1024\" height=\"768\" src=\"https:\/\/terreatribord.bzh\/blog\/wp-content\/uploads\/2022\/01\/beauport-noel-1024x768.jpg\" alt=\"No\u00ebl \u00e0 Beauport Paimpol\" class=\"wp-image-312\" srcset=\"https:\/\/terreatribord.bzh\/blog\/wp-content\/uploads\/2022\/01\/beauport-noel-1024x768.jpg 1024w, https:\/\/terreatribord.bzh\/blog\/wp-content\/uploads\/2022\/01\/beauport-noel-300x225.jpg 300w, https:\/\/terreatribord.bzh\/blog\/wp-content\/uploads\/2022\/01\/beauport-noel-768x576.jpg 768w, https:\/\/terreatribord.bzh\/blog\/wp-content\/uploads\/2022\/01\/beauport-noel-1536x1152.jpg 1536w, https:\/\/terreatribord.bzh\/blog\/wp-content\/uploads\/2022\/01\/beauport-noel-2048x1536.jpg 2048w, https:\/\/terreatribord.bzh\/blog\/wp-content\/uploads\/2022\/01\/beauport-noel-676x507.jpg 676w\" sizes=\"auto, (max-width: 1024px) 100vw, 1024px\" \/><figcaption class=\"wp-element-caption\">No\u00ebl \u00e0 l&rsquo;abbaye de Beauport (Paimpol)<\/figcaption><\/figure>\n\n\n\n<p><strong>No\u00ebl<\/strong> s&rsquo;invite aussi sur les <strong>sites culturels de Bretagne<\/strong> : programmation de <strong>spectacles et de contes pour toute la famille<\/strong>, cr\u00e8ches dans les \u00e9glises, <strong>mise en lumi\u00e8re des monuments historiques<\/strong> &#8230; <\/p>\n\n\n\n<p class=\"has-text-align-center\">La Bretagne \u00e0 No\u00ebl saura vous enchanter !<\/p>\n\n\n\n<h3 class=\"wp-block-heading\"><em>No\u00ebl \u00e0 Beauport<\/em><\/h3>\n\n\n\n<p>Pour les vacances de No\u00ebl, l&rsquo;<a href=\"https:\/\/abbayebeauport.com\/fr\/actus-et-evenements\/noel-a-beauport.html\" target=\"_blank\" rel=\"noreferrer noopener\">Abbaye de Beauport<\/a>, \u00e0 Paimpol, se pare de d\u00e9cors et de lumi\u00e8res f\u00e9\u00e9riques. A la tomb\u00e9e de la nuit, la magie de No\u00ebl op\u00e8re &#8230;<\/p>\n\n\n\n<h3 class=\"wp-block-heading\"><em>Les No\u00ebls de la Ville Chevalier<\/em><\/h3>\n\n\n\n<p>Durant les vacances de No\u00ebl, le Ch\u00e2teau La Ville Chevalier, \u00e0 Plouagat, ouvre ses portes pour vous faire d\u00e9couvrir ses d\u00e9corations de No\u00ebl et ses importantes maquettes de trains \u00e9lectriques pr\u00e9par\u00e9es pour cette occasion.<\/p>\n\n\n\n<h3 class=\"wp-block-heading\"><em>Les March\u00e9s de No\u00ebl<\/em><\/h3>\n\n\n\n<p>D\u00e9couvrez les march\u00e9s de No\u00ebl de la r\u00e9gion :<\/p>\n\n\n\n<ul class=\"wp-block-list\">\n<li><strong>La Clart\u00e9<\/strong> \u00e0 Perros-Guirec d\u00e9but d\u00e9cembre<\/li>\n\n\n\n<li><strong>Lannion<\/strong> : le mois de d\u00e9cembre<\/li>\n\n\n\n<li><strong>Paimpol<\/strong> : du d\u00e9but du mois de d\u00e9cembre jusqu&rsquo;\u00e0 la fin des vacances de No\u00ebl<\/li>\n\n\n\n<li><strong>Guingamp :<\/strong> de fin novembre jusqu&rsquo;\u00e0 la fin des vacances de No\u00ebl<\/li>\n<\/ul>\n\n\n\n<h2 class=\"wp-block-heading has-text-align-center\">Passer No\u00ebl en Bretagne<\/h2>\n\n\n\n<p>C\u2019est une autre fa\u00e7on de vivre cette p\u00e9riode : plus simple, plus douce, au rythme des mar\u00e9es et des lumi\u00e8res d\u2019hiver.<br>Si l\u2019id\u00e9e vous tente, <strong>nos maisons vous accueillent aussi pendant les f\u00eates<\/strong>, d\u00e9cor\u00e9es et pr\u00eates \u00e0 vous offrir une pause tranquille.<\/p>\n\n\n\n<p>\ud83d\udc49 <a class=\"\" href=\"https:\/\/terreatribord.bzh\/tyGwenn\/\">Ty Gwenn<\/a> \u2013 une maison avec vue sur la mer, id\u00e9ale pour un r\u00e9veillon en famille ou en duo<br>\ud83d\udc49 <a class=\"\" href=\"https:\/\/terreatribord.bzh\/tyGlaz\/\">Ty Glaz<\/a> \u2013 une maison en bois chaleureuse, parfaite pour cocooner apr\u00e8s une balade iod\u00e9e<\/p>\n\n\n\n<p><\/p>\n","protected":false},"excerpt":{"rendered":"<p>La Bretagne est une destination f\u00e9erique pour les vacances de No\u00ebl et du premier de l&rsquo;an. D\u00e9couvrez ses paysages hivernaux, ses villages illumin\u00e9s et leurs convivialit\u00e9s, ses traditions, ses l\u00e9gendes, sa gastronomie et ses festivit\u00e9s &#8230;<\/p>\n","protected":false},"author":1,"featured_media":314,"comment_status":"open","ping_status":"open","sticky":false,"template":"","format":"standard","meta":{"footnotes":""},"categories":[8],"tags":[14,15,13,11,12,17,18,16],"class_list":["post-238","post","type-post","status-publish","format-standard","has-post-thumbnail","hentry","category-decouverte-de-la-bretagne","tag-balade","tag-famille","tag-mer","tag-nature","tag-patrimoine-historique","tag-produits-du-terroir","tag-traditions-bretonnes","tag-ville","post-preview"],"yoast_head":"<!-- This site is optimized with the Yoast SEO plugin v27.5 - https:\/\/yoast.com\/product\/yoast-seo-wordpress\/ -->\n<title>No\u00ebl en Bretagne - Terre \u00e0 Tribord ! No\u00ebl en Bretagne<\/title>\n<meta name=\"description\" content=\"D\u00e9couvrez les atouts de la bretagne au moment des vacances des f\u00eates de fin d&#039;ann\u00e9e, \u00e0 No\u00ebl ou au premier de l&#039;an.\" \/>\n<meta name=\"robots\" content=\"index, follow, max-snippet:-1, max-image-preview:large, max-video-preview:-1\" \/>\n<link rel=\"canonical\" href=\"https:\/\/terreatribord.bzh\/blog\/2021\/10\/15\/noel-en-bretagne\/\" \/>\n<meta property=\"og:locale\" content=\"fr_FR\" \/>\n<meta property=\"og:type\" content=\"article\" \/>\n<meta property=\"og:title\" content=\"No\u00ebl en Bretagne\" \/>\n<meta property=\"og:description\" content=\"D\u00e9couvrez les atouts de la bretagne au moment des vacances des f\u00eates de fin d&#039;ann\u00e9e, \u00e0 No\u00ebl ou au premier de l&#039;an.\" \/>\n<meta property=\"og:url\" content=\"https:\/\/terreatribord.bzh\/blog\/2021\/10\/15\/noel-en-bretagne\/\" \/>\n<meta property=\"og:site_name\" content=\"Terre \u00e0 Tribord !\" \/>\n<meta property=\"article:published_time\" content=\"2021-10-15T14:18:12+00:00\" \/>\n<meta property=\"article:modified_time\" content=\"2026-02-15T21:22:42+00:00\" \/>\n<meta property=\"og:image\" content=\"https:\/\/terreatribord.bzh\/blog\/wp-content\/uploads\/2022\/01\/noel-ty-glaz-scaled.jpg\" \/>\n\t<meta property=\"og:image:width\" content=\"2560\" \/>\n\t<meta property=\"og:image:height\" content=\"1839\" \/>\n\t<meta property=\"og:image:type\" content=\"image\/jpeg\" \/>\n<meta name=\"author\" content=\"Charlotte\" \/>\n<meta name=\"twitter:card\" content=\"summary_large_image\" \/>\n<meta name=\"twitter:label1\" content=\"\u00c9crit par\" \/>\n\t<meta name=\"twitter:data1\" content=\"Charlotte\" \/>\n\t<meta name=\"twitter:label2\" content=\"Dur\u00e9e de lecture estim\u00e9e\" \/>\n\t<meta name=\"twitter:data2\" content=\"5 minutes\" \/>\n<script type=\"application\/ld+json\" class=\"yoast-schema-graph\">{\"@context\":\"https:\\\/\\\/schema.org\",\"@graph\":[{\"@type\":\"Article\",\"@id\":\"https:\\\/\\\/terreatribord.bzh\\\/blog\\\/2021\\\/10\\\/15\\\/noel-en-bretagne\\\/#article\",\"isPartOf\":{\"@id\":\"https:\\\/\\\/terreatribord.bzh\\\/blog\\\/2021\\\/10\\\/15\\\/noel-en-bretagne\\\/\"},\"author\":{\"name\":\"Charlotte\",\"@id\":\"https:\\\/\\\/terreatribord.bzh\\\/blog\\\/#\\\/schema\\\/person\\\/799840395f3f8c1f423b7eac8cacc075\"},\"headline\":\"No\u00ebl en Bretagne\",\"datePublished\":\"2021-10-15T14:18:12+00:00\",\"dateModified\":\"2026-02-15T21:22:42+00:00\",\"mainEntityOfPage\":{\"@id\":\"https:\\\/\\\/terreatribord.bzh\\\/blog\\\/2021\\\/10\\\/15\\\/noel-en-bretagne\\\/\"},\"wordCount\":792,\"commentCount\":0,\"publisher\":{\"@id\":\"https:\\\/\\\/terreatribord.bzh\\\/blog\\\/#\\\/schema\\\/person\\\/799840395f3f8c1f423b7eac8cacc075\"},\"image\":{\"@id\":\"https:\\\/\\\/terreatribord.bzh\\\/blog\\\/2021\\\/10\\\/15\\\/noel-en-bretagne\\\/#primaryimage\"},\"thumbnailUrl\":\"https:\\\/\\\/terreatribord.bzh\\\/blog\\\/wp-content\\\/uploads\\\/2022\\\/01\\\/noel-ty-glaz-scaled.jpg\",\"keywords\":[\"Balade\",\"famille\",\"Mer\",\"Nature\",\"Patrimoine historique\",\"Produits du terroir\",\"Traditions bretonnes\",\"Ville\"],\"articleSection\":[\"D\u00e9couverte de la Bretagne\"],\"inLanguage\":\"fr-FR\",\"potentialAction\":[{\"@type\":\"CommentAction\",\"name\":\"Comment\",\"target\":[\"https:\\\/\\\/terreatribord.bzh\\\/blog\\\/2021\\\/10\\\/15\\\/noel-en-bretagne\\\/#respond\"]}]},{\"@type\":\"WebPage\",\"@id\":\"https:\\\/\\\/terreatribord.bzh\\\/blog\\\/2021\\\/10\\\/15\\\/noel-en-bretagne\\\/\",\"url\":\"https:\\\/\\\/terreatribord.bzh\\\/blog\\\/2021\\\/10\\\/15\\\/noel-en-bretagne\\\/\",\"name\":\"No\u00ebl en Bretagne - Terre \u00e0 Tribord ! No\u00ebl en Bretagne\",\"isPartOf\":{\"@id\":\"https:\\\/\\\/terreatribord.bzh\\\/blog\\\/#website\"},\"primaryImageOfPage\":{\"@id\":\"https:\\\/\\\/terreatribord.bzh\\\/blog\\\/2021\\\/10\\\/15\\\/noel-en-bretagne\\\/#primaryimage\"},\"image\":{\"@id\":\"https:\\\/\\\/terreatribord.bzh\\\/blog\\\/2021\\\/10\\\/15\\\/noel-en-bretagne\\\/#primaryimage\"},\"thumbnailUrl\":\"https:\\\/\\\/terreatribord.bzh\\\/blog\\\/wp-content\\\/uploads\\\/2022\\\/01\\\/noel-ty-glaz-scaled.jpg\",\"datePublished\":\"2021-10-15T14:18:12+00:00\",\"dateModified\":\"2026-02-15T21:22:42+00:00\",\"description\":\"D\u00e9couvrez les atouts de la bretagne au moment des vacances des f\u00eates de fin d'ann\u00e9e, \u00e0 No\u00ebl ou au premier de l'an.\",\"breadcrumb\":{\"@id\":\"https:\\\/\\\/terreatribord.bzh\\\/blog\\\/2021\\\/10\\\/15\\\/noel-en-bretagne\\\/#breadcrumb\"},\"inLanguage\":\"fr-FR\",\"potentialAction\":[{\"@type\":\"ReadAction\",\"target\":[\"https:\\\/\\\/terreatribord.bzh\\\/blog\\\/2021\\\/10\\\/15\\\/noel-en-bretagne\\\/\"]}]},{\"@type\":\"ImageObject\",\"inLanguage\":\"fr-FR\",\"@id\":\"https:\\\/\\\/terreatribord.bzh\\\/blog\\\/2021\\\/10\\\/15\\\/noel-en-bretagne\\\/#primaryimage\",\"url\":\"https:\\\/\\\/terreatribord.bzh\\\/blog\\\/wp-content\\\/uploads\\\/2022\\\/01\\\/noel-ty-glaz-scaled.jpg\",\"contentUrl\":\"https:\\\/\\\/terreatribord.bzh\\\/blog\\\/wp-content\\\/uploads\\\/2022\\\/01\\\/noel-ty-glaz-scaled.jpg\",\"width\":2560,\"height\":1839,\"caption\":\"No\u00ebl en Bretagne\"},{\"@type\":\"BreadcrumbList\",\"@id\":\"https:\\\/\\\/terreatribord.bzh\\\/blog\\\/2021\\\/10\\\/15\\\/noel-en-bretagne\\\/#breadcrumb\",\"itemListElement\":[{\"@type\":\"ListItem\",\"position\":1,\"name\":\"Accueil\",\"item\":\"https:\\\/\\\/terreatribord.bzh\\\/blog\\\/\"},{\"@type\":\"ListItem\",\"position\":2,\"name\":\"No\u00ebl en Bretagne\"}]},{\"@type\":\"WebSite\",\"@id\":\"https:\\\/\\\/terreatribord.bzh\\\/blog\\\/#website\",\"url\":\"https:\\\/\\\/terreatribord.bzh\\\/blog\\\/\",\"name\":\"Terre \u00e0 Tribord !\",\"description\":\"Le blog qui met le cap sur la Bretagne.\",\"publisher\":{\"@id\":\"https:\\\/\\\/terreatribord.bzh\\\/blog\\\/#\\\/schema\\\/person\\\/799840395f3f8c1f423b7eac8cacc075\"},\"potentialAction\":[{\"@type\":\"SearchAction\",\"target\":{\"@type\":\"EntryPoint\",\"urlTemplate\":\"https:\\\/\\\/terreatribord.bzh\\\/blog\\\/?s={search_term_string}\"},\"query-input\":{\"@type\":\"PropertyValueSpecification\",\"valueRequired\":true,\"valueName\":\"search_term_string\"}}],\"inLanguage\":\"fr-FR\"},{\"@type\":[\"Person\",\"Organization\"],\"@id\":\"https:\\\/\\\/terreatribord.bzh\\\/blog\\\/#\\\/schema\\\/person\\\/799840395f3f8c1f423b7eac8cacc075\",\"name\":\"Charlotte\",\"image\":{\"@type\":\"ImageObject\",\"inLanguage\":\"fr-FR\",\"@id\":\"https:\\\/\\\/blog.terreatribord.bzh\\\/wp-content\\\/uploads\\\/2021\\\/08\\\/36825346_2456960194321511_447552153637093376_n.jpg\",\"url\":\"https:\\\/\\\/blog.terreatribord.bzh\\\/wp-content\\\/uploads\\\/2021\\\/08\\\/36825346_2456960194321511_447552153637093376_n.jpg\",\"contentUrl\":\"https:\\\/\\\/blog.terreatribord.bzh\\\/wp-content\\\/uploads\\\/2021\\\/08\\\/36825346_2456960194321511_447552153637093376_n.jpg\",\"width\":1462,\"height\":1462,\"caption\":\"Charlotte\"},\"logo\":{\"@id\":\"https:\\\/\\\/blog.terreatribord.bzh\\\/wp-content\\\/uploads\\\/2021\\\/08\\\/36825346_2456960194321511_447552153637093376_n.jpg\"},\"sameAs\":[\"https:\\\/\\\/blog.terreatribord.bzh\"]}]}<\/script>\n<!-- \/ Yoast SEO plugin. -->","yoast_head_json":{"title":"No\u00ebl en Bretagne - Terre \u00e0 Tribord ! No\u00ebl en Bretagne","description":"D\u00e9couvrez les atouts de la bretagne au moment des vacances des f\u00eates de fin d'ann\u00e9e, \u00e0 No\u00ebl ou au premier de l'an.","robots":{"index":"index","follow":"follow","max-snippet":"max-snippet:-1","max-image-preview":"max-image-preview:large","max-video-preview":"max-video-preview:-1"},"canonical":"https:\/\/terreatribord.bzh\/blog\/2021\/10\/15\/noel-en-bretagne\/","og_locale":"fr_FR","og_type":"article","og_title":"No\u00ebl en Bretagne","og_description":"D\u00e9couvrez les atouts de la bretagne au moment des vacances des f\u00eates de fin d'ann\u00e9e, \u00e0 No\u00ebl ou au premier de l'an.","og_url":"https:\/\/terreatribord.bzh\/blog\/2021\/10\/15\/noel-en-bretagne\/","og_site_name":"Terre \u00e0 Tribord !","article_published_time":"2021-10-15T14:18:12+00:00","article_modified_time":"2026-02-15T21:22:42+00:00","og_image":[{"width":2560,"height":1839,"url":"https:\/\/terreatribord.bzh\/blog\/wp-content\/uploads\/2022\/01\/noel-ty-glaz-scaled.jpg","type":"image\/jpeg"}],"author":"Charlotte","twitter_card":"summary_large_image","twitter_misc":{"\u00c9crit par":"Charlotte","Dur\u00e9e de lecture estim\u00e9e":"5 minutes"},"schema":{"@context":"https:\/\/schema.org","@graph":[{"@type":"Article","@id":"https:\/\/terreatribord.bzh\/blog\/2021\/10\/15\/noel-en-bretagne\/#article","isPartOf":{"@id":"https:\/\/terreatribord.bzh\/blog\/2021\/10\/15\/noel-en-bretagne\/"},"author":{"name":"Charlotte","@id":"https:\/\/terreatribord.bzh\/blog\/#\/schema\/person\/799840395f3f8c1f423b7eac8cacc075"},"headline":"No\u00ebl en Bretagne","datePublished":"2021-10-15T14:18:12+00:00","dateModified":"2026-02-15T21:22:42+00:00","mainEntityOfPage":{"@id":"https:\/\/terreatribord.bzh\/blog\/2021\/10\/15\/noel-en-bretagne\/"},"wordCount":792,"commentCount":0,"publisher":{"@id":"https:\/\/terreatribord.bzh\/blog\/#\/schema\/person\/799840395f3f8c1f423b7eac8cacc075"},"image":{"@id":"https:\/\/terreatribord.bzh\/blog\/2021\/10\/15\/noel-en-bretagne\/#primaryimage"},"thumbnailUrl":"https:\/\/terreatribord.bzh\/blog\/wp-content\/uploads\/2022\/01\/noel-ty-glaz-scaled.jpg","keywords":["Balade","famille","Mer","Nature","Patrimoine historique","Produits du terroir","Traditions bretonnes","Ville"],"articleSection":["D\u00e9couverte de la Bretagne"],"inLanguage":"fr-FR","potentialAction":[{"@type":"CommentAction","name":"Comment","target":["https:\/\/terreatribord.bzh\/blog\/2021\/10\/15\/noel-en-bretagne\/#respond"]}]},{"@type":"WebPage","@id":"https:\/\/terreatribord.bzh\/blog\/2021\/10\/15\/noel-en-bretagne\/","url":"https:\/\/terreatribord.bzh\/blog\/2021\/10\/15\/noel-en-bretagne\/","name":"No\u00ebl en Bretagne - Terre \u00e0 Tribord ! No\u00ebl en Bretagne","isPartOf":{"@id":"https:\/\/terreatribord.bzh\/blog\/#website"},"primaryImageOfPage":{"@id":"https:\/\/terreatribord.bzh\/blog\/2021\/10\/15\/noel-en-bretagne\/#primaryimage"},"image":{"@id":"https:\/\/terreatribord.bzh\/blog\/2021\/10\/15\/noel-en-bretagne\/#primaryimage"},"thumbnailUrl":"https:\/\/terreatribord.bzh\/blog\/wp-content\/uploads\/2022\/01\/noel-ty-glaz-scaled.jpg","datePublished":"2021-10-15T14:18:12+00:00","dateModified":"2026-02-15T21:22:42+00:00","description":"D\u00e9couvrez les atouts de la bretagne au moment des vacances des f\u00eates de fin d'ann\u00e9e, \u00e0 No\u00ebl ou au premier de l'an.","breadcrumb":{"@id":"https:\/\/terreatribord.bzh\/blog\/2021\/10\/15\/noel-en-bretagne\/#breadcrumb"},"inLanguage":"fr-FR","potentialAction":[{"@type":"ReadAction","target":["https:\/\/terreatribord.bzh\/blog\/2021\/10\/15\/noel-en-bretagne\/"]}]},{"@type":"ImageObject","inLanguage":"fr-FR","@id":"https:\/\/terreatribord.bzh\/blog\/2021\/10\/15\/noel-en-bretagne\/#primaryimage","url":"https:\/\/terreatribord.bzh\/blog\/wp-content\/uploads\/2022\/01\/noel-ty-glaz-scaled.jpg","contentUrl":"https:\/\/terreatribord.bzh\/blog\/wp-content\/uploads\/2022\/01\/noel-ty-glaz-scaled.jpg","width":2560,"height":1839,"caption":"No\u00ebl en Bretagne"},{"@type":"BreadcrumbList","@id":"https:\/\/terreatribord.bzh\/blog\/2021\/10\/15\/noel-en-bretagne\/#breadcrumb","itemListElement":[{"@type":"ListItem","position":1,"name":"Accueil","item":"https:\/\/terreatribord.bzh\/blog\/"},{"@type":"ListItem","position":2,"name":"No\u00ebl en Bretagne"}]},{"@type":"WebSite","@id":"https:\/\/terreatribord.bzh\/blog\/#website","url":"https:\/\/terreatribord.bzh\/blog\/","name":"Terre \u00e0 Tribord !","description":"Le blog qui met le cap sur la Bretagne.","publisher":{"@id":"https:\/\/terreatribord.bzh\/blog\/#\/schema\/person\/799840395f3f8c1f423b7eac8cacc075"},"potentialAction":[{"@type":"SearchAction","target":{"@type":"EntryPoint","urlTemplate":"https:\/\/terreatribord.bzh\/blog\/?s={search_term_string}"},"query-input":{"@type":"PropertyValueSpecification","valueRequired":true,"valueName":"search_term_string"}}],"inLanguage":"fr-FR"},{"@type":["Person","Organization"],"@id":"https:\/\/terreatribord.bzh\/blog\/#\/schema\/person\/799840395f3f8c1f423b7eac8cacc075","name":"Charlotte","image":{"@type":"ImageObject","inLanguage":"fr-FR","@id":"https:\/\/blog.terreatribord.bzh\/wp-content\/uploads\/2021\/08\/36825346_2456960194321511_447552153637093376_n.jpg","url":"https:\/\/blog.terreatribord.bzh\/wp-content\/uploads\/2021\/08\/36825346_2456960194321511_447552153637093376_n.jpg","contentUrl":"https:\/\/blog.terreatribord.bzh\/wp-content\/uploads\/2021\/08\/36825346_2456960194321511_447552153637093376_n.jpg","width":1462,"height":1462,"caption":"Charlotte"},"logo":{"@id":"https:\/\/blog.terreatribord.bzh\/wp-content\/uploads\/2021\/08\/36825346_2456960194321511_447552153637093376_n.jpg"},"sameAs":["https:\/\/blog.terreatribord.bzh"]}]}},"_links":{"self":[{"href":"https:\/\/terreatribord.bzh\/blog\/wp-json\/wp\/v2\/posts\/238","targetHints":{"allow":["GET"]}}],"collection":[{"href":"https:\/\/terreatribord.bzh\/blog\/wp-json\/wp\/v2\/posts"}],"about":[{"href":"https:\/\/terreatribord.bzh\/blog\/wp-json\/wp\/v2\/types\/post"}],"author":[{"embeddable":true,"href":"https:\/\/terreatribord.bzh\/blog\/wp-json\/wp\/v2\/users\/1"}],"replies":[{"embeddable":true,"href":"https:\/\/terreatribord.bzh\/blog\/wp-json\/wp\/v2\/comments?post=238"}],"version-history":[{"count":33,"href":"https:\/\/terreatribord.bzh\/blog\/wp-json\/wp\/v2\/posts\/238\/revisions"}],"predecessor-version":[{"id":965,"href":"https:\/\/terreatribord.bzh\/blog\/wp-json\/wp\/v2\/posts\/238\/revisions\/965"}],"wp:featuredmedia":[{"embeddable":true,"href":"https:\/\/terreatribord.bzh\/blog\/wp-json\/wp\/v2\/media\/314"}],"wp:attachment":[{"href":"https:\/\/terreatribord.bzh\/blog\/wp-json\/wp\/v2\/media?parent=238"}],"wp:term":[{"taxonomy":"category","embeddable":true,"href":"https:\/\/terreatribord.bzh\/blog\/wp-json\/wp\/v2\/categories?post=238"},{"taxonomy":"post_tag","embeddable":true,"href":"https:\/\/terreatribord.bzh\/blog\/wp-json\/wp\/v2\/tags?post=238"}],"curies":[{"name":"wp","href":"https:\/\/api.w.org\/{rel}","templated":true}]}}