{"id":263,"date":"2021-11-15T15:20:56","date_gmt":"2021-11-15T14:20:56","guid":{"rendered":"https:\/\/terreatribord.bzh\/blog\/?p=263"},"modified":"2026-02-15T22:24:17","modified_gmt":"2026-02-15T21:24:17","slug":"jours-de-marches","status":"publish","type":"post","link":"https:\/\/terreatribord.bzh\/blog\/2021\/11\/15\/jours-de-marches\/","title":{"rendered":"Jours de March\u00e9s"},"content":{"rendered":"\n<h2 class=\"wp-block-heading has-text-align-center\">Qui veut mon poisson ?<\/h2>\n\n\n\n<p>Quoi de mieux que les march\u00e9s pour d\u00e9couvrir les  <strong>produits du terroir<\/strong> et ses habitants. Et dans le pays du Tr\u00e9gor, il y en a des <strong>sp\u00e9cialit\u00e9s<\/strong>&nbsp;!<\/p>\n\n\n\n<!--more-->\n\n\n\n<h2 class=\"wp-block-heading has-text-align-center\">Les march\u00e9s : \u00e0 la d\u00e9couverte des produits locaux<\/h2>\n\n\n\n<p>Les march\u00e9s vous permettent aussi d&rsquo;acheter des <strong>produits de qualit\u00e9<\/strong>, frais et locaux.<\/p>\n\n\n\n<p>Nos marins-p\u00eacheurs vous feront d\u00e9couvrir <strong>crustac\u00e9s et poissons fra\u00eechement p\u00each\u00e9s<\/strong>, nos agriculteurs, les <strong>fruits et l\u00e9gumes de nos terres<\/strong> \u2026 <\/p>\n\n\n\n<p>La <a href=\"https:\/\/terreatribord.bzh\/blog\/2021\/09\/12\/la-bretagne\/\">Bretagne<\/a> est une r\u00e9gion gourmande ! D\u00e9couvrez nos sp\u00e9cialit\u00e9s sal\u00e9s et sucr\u00e9s&nbsp;: <strong>charcuteries, fromages, cr\u00eapes, galettes, p\u00e2tisseries dont le Kouign-Amann, cidres, bi\u00e8res locales<\/strong> \u2026<\/p>\n\n\n\n<h2 class=\"wp-block-heading has-text-align-center\">Les march\u00e9s : \u00e0 la d\u00e9couverte des villes<\/h2>\n\n\n\n<p>Les march\u00e9s sont de belles occasions de<strong> fl\u00e2ner au c\u0153ur du patrimoine  nos villes bretonnes<\/strong> (Tr\u00e9guier, Lannion,&#8230;) ou de <strong>se balader le long de nos ports<\/strong> (Paimpol, Ploumanac&rsquo;h et Port-Blanc&#8230;), le tout dans une atmosph\u00e8re conviviale.<\/p>\n\n\n\n<p>Les voix des commer\u00e7ants, les \u00e9tales color\u00e9s, les odeurs qui mettent l&rsquo;eau \u00e0 la bouche, la musique \u00e0 chaque recoin de rue &#8230; offrent une exp\u00e9riences pour tous les sens. <\/p>\n\n\n\n<h2 class=\"wp-block-heading has-text-align-center\">La liste des march\u00e9s jour par jour dans le Tr\u00e9gor<\/h2>\n\n\n\n<figure class=\"wp-block-image size-large\"><img loading=\"lazy\" decoding=\"async\" width=\"1024\" height=\"768\" src=\"https:\/\/terreatribord.bzh\/blog\/wp-content\/uploads\/2021\/11\/marche-legumes-1024x768.jpg\" alt=\"March\u00e9 Tr\u00e9gor\" class=\"wp-image-265\" srcset=\"https:\/\/terreatribord.bzh\/blog\/wp-content\/uploads\/2021\/11\/marche-legumes-1024x768.jpg 1024w, https:\/\/terreatribord.bzh\/blog\/wp-content\/uploads\/2021\/11\/marche-legumes-300x225.jpg 300w, https:\/\/terreatribord.bzh\/blog\/wp-content\/uploads\/2021\/11\/marche-legumes-768x576.jpg 768w, https:\/\/terreatribord.bzh\/blog\/wp-content\/uploads\/2021\/11\/marche-legumes-1536x1152.jpg 1536w, https:\/\/terreatribord.bzh\/blog\/wp-content\/uploads\/2021\/11\/marche-legumes-2048x1536.jpg 2048w, https:\/\/terreatribord.bzh\/blog\/wp-content\/uploads\/2021\/11\/marche-legumes-676x507.jpg 676w\" sizes=\"auto, (max-width: 1024px) 100vw, 1024px\" \/><figcaption class=\"wp-element-caption\">Etale de l\u00e9gumes au march\u00e9 de Perros-Guirec<\/figcaption><\/figure>\n\n\n\n<p>Vous trouverez ci-dessous la liste des march\u00e9s du Tr\u00e9gor&nbsp;:<\/p>\n\n\n\n<ul class=\"wp-block-list\">\n<li>Lundi&nbsp;: <strong>Tr\u00e9gastel<\/strong>, <strong>Pontrieux<\/strong> le matin et <strong>Bugu\u00e9l\u00e8s<\/strong> (en \u00e9t\u00e9) le soir,<\/li>\n<\/ul>\n\n\n\n<ul class=\"wp-block-list\">\n<li>Mardi&nbsp;matin : <strong>Tr\u00e9vou-Tr\u00e9guignec<\/strong>, <strong><a href=\"https:\/\/terreatribord.bzh\/blog\/2025\/05\/15\/ploumanach-le-tresor-de-la-cote-de-granit-rose\/\">Ploumanac\u2019h<\/a><\/strong> (en \u00e9t\u00e9), <strong>Paimpol<\/strong> et <strong>Tr\u00e9beurden<\/strong>,<\/li>\n<\/ul>\n\n\n\n<ul class=\"wp-block-list\">\n<li>Mercredi\u00a0matin:<a href=\"https:\/\/terreatribord.bzh\/blog\/2026\/02\/15\/treguier-la-capitale-historique-du-tregor\/\" type=\"link\" id=\"https:\/\/terreatribord.bzh\/blog\/2026\/02\/15\/treguier-la-capitale-historique-du-tregor\/\"> <strong>Tr\u00e9guier<\/strong><\/a> et au <strong>port de <a href=\"https:\/\/terreatribord.bzh\/blog\/2024\/10\/15\/perros-guirec-cote-de-granit-rose\/\">Perros-Guirec<\/a><\/strong>,<\/li>\n<\/ul>\n\n\n\n<ul class=\"wp-block-list\">\n<li>Jeudi&nbsp;: <strong>Port-Blanc<\/strong> (en \u00e9t\u00e9), centre de <strong>Lannion<\/strong> le matin et <strong>La Roche Jaune<\/strong> (en \u00e9t\u00e9) le soir,<\/li>\n<\/ul>\n\n\n\n<ul class=\"wp-block-list\">\n<li>Vendredi&nbsp;matin : centre de <strong><a href=\"https:\/\/terreatribord.bzh\/blog\/2024\/10\/15\/perros-guirec-cote-de-granit-rose\/\">Perros-Guirec<\/a><\/strong>, <strong>La Roche Derrien<\/strong>,<\/li>\n<\/ul>\n\n\n\n<ul class=\"wp-block-list\">\n<li>Samedi&nbsp;matin : <strong>Penv\u00e9nan<\/strong>,<\/li>\n<\/ul>\n\n\n\n<ul class=\"wp-block-list\">\n<li>Dimanche&nbsp;matin : <strong><a href=\"https:\/\/terreatribord.bzh\/blog\/2024\/06\/15\/trelevern-le-joyau-cache-de-la-cote-de-granit-rose\/\">Tr\u00e9l\u00e9vern<\/a><\/strong> (en \u00e9t\u00e9), <strong>Plougrescant<\/strong>, <strong>La Clart\u00e9<\/strong>, <strong>Lannion<\/strong> (quartier de La Gare) et <strong>Plestin-Les-Gr\u00e8ves<\/strong>.<\/li>\n<\/ul>\n\n\n\n<p>Il y a un march\u00e9 tous les matins en \u00e9t\u00e9 sur l\u2019Ile de <strong>Br\u00e9hat<\/strong>.<\/p>\n\n\n\n<h2 class=\"wp-block-heading has-text-align-center\">Prendre le temps d&rsquo;aller au march\u00e9<\/h2>\n\n\n\n<p>Discuter avec les producteurs, rentrer les bras charg\u00e9s et prolonger la matin\u00e9e par une balade en bord de mer\u2026 <strong>C\u2019est \u00e7a aussi, les vacances<\/strong>.<\/p>\n\n\n\n<p>Nos maisons \u00e0 Tr\u00e9l\u00e9vern sont \u00e0 quelques minutes de ces march\u00e9s.<br>\ud83d\udc49 <a class=\"\" href=\"https:\/\/terreatribord.bzh\/tyGwenn\/\">Ty Gwenn<\/a> \u2013 avec sa vue sur la mer et son grand balcon pour un caf\u00e9 au soleil<br>\ud83d\udc49 <a class=\"\" href=\"https:\/\/terreatribord.bzh\/tyGlaz\/\">Ty Glaz<\/a> \u2013 un cocon en bois tout proche des sentiers<\/p>\n\n\n\n<p>Et pour la cuisine\u2026 libre \u00e0 vous d\u2019improviser avec les tr\u00e9sors du panier.<\/p>\n\n\n\n<p><\/p>\n","protected":false},"excerpt":{"rendered":"<p>Qui veut mon poisson ? Quoi de mieux que les march\u00e9s pour d\u00e9couvrir les produits du terroir et ses habitants. Et dans le pays du Tr\u00e9gor, il y en a des sp\u00e9cialit\u00e9s&nbsp;!<\/p>\n","protected":false},"author":1,"featured_media":266,"comment_status":"open","ping_status":"open","sticky":false,"template":"","format":"standard","meta":{"footnotes":""},"categories":[10],"tags":[17,18,16],"class_list":["post-263","post","type-post","status-publish","format-standard","has-post-thumbnail","hentry","category-gastronomie","tag-produits-du-terroir","tag-traditions-bretonnes","tag-ville","post-preview"],"yoast_head":"<!-- This site is optimized with the Yoast SEO plugin v27.5 - https:\/\/yoast.com\/product\/yoast-seo-wordpress\/ -->\n<title>Jours de March\u00e9s - Terre \u00e0 Tribord ! Jours de March\u00e9s - Tr\u00e9gor<\/title>\n<meta name=\"description\" content=\"Quoi de mieux que les march\u00e9s pour d\u00e9couvrir les sp\u00e9cialit\u00e9s de la r\u00e9gion. Retrouvez ici la liste des march\u00e9s dans le Tr\u00e9gor en Bretagne.\" \/>\n<meta name=\"robots\" content=\"index, follow, max-snippet:-1, max-image-preview:large, max-video-preview:-1\" \/>\n<link rel=\"canonical\" href=\"https:\/\/terreatribord.bzh\/blog\/2021\/11\/15\/jours-de-marches\/\" \/>\n<meta property=\"og:locale\" content=\"fr_FR\" \/>\n<meta property=\"og:type\" content=\"article\" \/>\n<meta property=\"og:title\" content=\"Jours de March\u00e9s - Terre \u00e0 Tribord\" \/>\n<meta property=\"og:description\" content=\"Quoi de mieux que les march\u00e9s pour d\u00e9couvrir les sp\u00e9cialit\u00e9s de la r\u00e9gion. Retrouvez ici la liste des march\u00e9s dans le Tr\u00e9gor en Bretagne.\" \/>\n<meta property=\"og:url\" content=\"https:\/\/terreatribord.bzh\/blog\/2021\/11\/15\/jours-de-marches\/\" \/>\n<meta property=\"og:site_name\" content=\"Terre \u00e0 Tribord !\" \/>\n<meta property=\"article:published_time\" content=\"2021-11-15T14:20:56+00:00\" \/>\n<meta property=\"article:modified_time\" content=\"2026-02-15T21:24:17+00:00\" \/>\n<meta property=\"og:image\" content=\"https:\/\/terreatribord.bzh\/blog\/wp-content\/uploads\/2021\/11\/marche-tregor-scaled.jpg\" \/>\n\t<meta property=\"og:image:width\" content=\"2560\" \/>\n\t<meta property=\"og:image:height\" content=\"1527\" \/>\n\t<meta property=\"og:image:type\" content=\"image\/jpeg\" \/>\n<meta name=\"author\" content=\"Charlotte\" \/>\n<meta name=\"twitter:card\" content=\"summary_large_image\" \/>\n<meta name=\"twitter:label1\" content=\"\u00c9crit par\" \/>\n\t<meta name=\"twitter:data1\" content=\"Charlotte\" \/>\n\t<meta name=\"twitter:label2\" content=\"Dur\u00e9e de lecture estim\u00e9e\" \/>\n\t<meta name=\"twitter:data2\" content=\"3 minutes\" \/>\n<script type=\"application\/ld+json\" class=\"yoast-schema-graph\">{\"@context\":\"https:\\\/\\\/schema.org\",\"@graph\":[{\"@type\":\"Article\",\"@id\":\"https:\\\/\\\/terreatribord.bzh\\\/blog\\\/2021\\\/11\\\/15\\\/jours-de-marches\\\/#article\",\"isPartOf\":{\"@id\":\"https:\\\/\\\/terreatribord.bzh\\\/blog\\\/2021\\\/11\\\/15\\\/jours-de-marches\\\/\"},\"author\":{\"name\":\"Charlotte\",\"@id\":\"https:\\\/\\\/terreatribord.bzh\\\/blog\\\/#\\\/schema\\\/person\\\/799840395f3f8c1f423b7eac8cacc075\"},\"headline\":\"Jours de March\u00e9s\",\"datePublished\":\"2021-11-15T14:20:56+00:00\",\"dateModified\":\"2026-02-15T21:24:17+00:00\",\"mainEntityOfPage\":{\"@id\":\"https:\\\/\\\/terreatribord.bzh\\\/blog\\\/2021\\\/11\\\/15\\\/jours-de-marches\\\/\"},\"wordCount\":425,\"commentCount\":6,\"publisher\":{\"@id\":\"https:\\\/\\\/terreatribord.bzh\\\/blog\\\/#\\\/schema\\\/person\\\/799840395f3f8c1f423b7eac8cacc075\"},\"image\":{\"@id\":\"https:\\\/\\\/terreatribord.bzh\\\/blog\\\/2021\\\/11\\\/15\\\/jours-de-marches\\\/#primaryimage\"},\"thumbnailUrl\":\"https:\\\/\\\/terreatribord.bzh\\\/blog\\\/wp-content\\\/uploads\\\/2021\\\/11\\\/marche-tregor-scaled.jpg\",\"keywords\":[\"Produits du terroir\",\"Traditions bretonnes\",\"Ville\"],\"articleSection\":[\"Gastronomie\"],\"inLanguage\":\"fr-FR\",\"potentialAction\":[{\"@type\":\"CommentAction\",\"name\":\"Comment\",\"target\":[\"https:\\\/\\\/terreatribord.bzh\\\/blog\\\/2021\\\/11\\\/15\\\/jours-de-marches\\\/#respond\"]}]},{\"@type\":\"WebPage\",\"@id\":\"https:\\\/\\\/terreatribord.bzh\\\/blog\\\/2021\\\/11\\\/15\\\/jours-de-marches\\\/\",\"url\":\"https:\\\/\\\/terreatribord.bzh\\\/blog\\\/2021\\\/11\\\/15\\\/jours-de-marches\\\/\",\"name\":\"Jours de March\u00e9s - Terre \u00e0 Tribord ! Jours de March\u00e9s - Tr\u00e9gor\",\"isPartOf\":{\"@id\":\"https:\\\/\\\/terreatribord.bzh\\\/blog\\\/#website\"},\"primaryImageOfPage\":{\"@id\":\"https:\\\/\\\/terreatribord.bzh\\\/blog\\\/2021\\\/11\\\/15\\\/jours-de-marches\\\/#primaryimage\"},\"image\":{\"@id\":\"https:\\\/\\\/terreatribord.bzh\\\/blog\\\/2021\\\/11\\\/15\\\/jours-de-marches\\\/#primaryimage\"},\"thumbnailUrl\":\"https:\\\/\\\/terreatribord.bzh\\\/blog\\\/wp-content\\\/uploads\\\/2021\\\/11\\\/marche-tregor-scaled.jpg\",\"datePublished\":\"2021-11-15T14:20:56+00:00\",\"dateModified\":\"2026-02-15T21:24:17+00:00\",\"description\":\"Quoi de mieux que les march\u00e9s pour d\u00e9couvrir les sp\u00e9cialit\u00e9s de la r\u00e9gion. Retrouvez ici la liste des march\u00e9s dans le Tr\u00e9gor en Bretagne.\",\"breadcrumb\":{\"@id\":\"https:\\\/\\\/terreatribord.bzh\\\/blog\\\/2021\\\/11\\\/15\\\/jours-de-marches\\\/#breadcrumb\"},\"inLanguage\":\"fr-FR\",\"potentialAction\":[{\"@type\":\"ReadAction\",\"target\":[\"https:\\\/\\\/terreatribord.bzh\\\/blog\\\/2021\\\/11\\\/15\\\/jours-de-marches\\\/\"]}]},{\"@type\":\"ImageObject\",\"inLanguage\":\"fr-FR\",\"@id\":\"https:\\\/\\\/terreatribord.bzh\\\/blog\\\/2021\\\/11\\\/15\\\/jours-de-marches\\\/#primaryimage\",\"url\":\"https:\\\/\\\/terreatribord.bzh\\\/blog\\\/wp-content\\\/uploads\\\/2021\\\/11\\\/marche-tregor-scaled.jpg\",\"contentUrl\":\"https:\\\/\\\/terreatribord.bzh\\\/blog\\\/wp-content\\\/uploads\\\/2021\\\/11\\\/marche-tregor-scaled.jpg\",\"width\":2560,\"height\":1527,\"caption\":\"Jour de march\u00e9 en Bretagne\"},{\"@type\":\"BreadcrumbList\",\"@id\":\"https:\\\/\\\/terreatribord.bzh\\\/blog\\\/2021\\\/11\\\/15\\\/jours-de-marches\\\/#breadcrumb\",\"itemListElement\":[{\"@type\":\"ListItem\",\"position\":1,\"name\":\"Accueil\",\"item\":\"https:\\\/\\\/terreatribord.bzh\\\/blog\\\/\"},{\"@type\":\"ListItem\",\"position\":2,\"name\":\"Jours de March\u00e9s\"}]},{\"@type\":\"WebSite\",\"@id\":\"https:\\\/\\\/terreatribord.bzh\\\/blog\\\/#website\",\"url\":\"https:\\\/\\\/terreatribord.bzh\\\/blog\\\/\",\"name\":\"Terre \u00e0 Tribord !\",\"description\":\"Le blog qui met le cap sur la Bretagne.\",\"publisher\":{\"@id\":\"https:\\\/\\\/terreatribord.bzh\\\/blog\\\/#\\\/schema\\\/person\\\/799840395f3f8c1f423b7eac8cacc075\"},\"potentialAction\":[{\"@type\":\"SearchAction\",\"target\":{\"@type\":\"EntryPoint\",\"urlTemplate\":\"https:\\\/\\\/terreatribord.bzh\\\/blog\\\/?s={search_term_string}\"},\"query-input\":{\"@type\":\"PropertyValueSpecification\",\"valueRequired\":true,\"valueName\":\"search_term_string\"}}],\"inLanguage\":\"fr-FR\"},{\"@type\":[\"Person\",\"Organization\"],\"@id\":\"https:\\\/\\\/terreatribord.bzh\\\/blog\\\/#\\\/schema\\\/person\\\/799840395f3f8c1f423b7eac8cacc075\",\"name\":\"Charlotte\",\"image\":{\"@type\":\"ImageObject\",\"inLanguage\":\"fr-FR\",\"@id\":\"https:\\\/\\\/blog.terreatribord.bzh\\\/wp-content\\\/uploads\\\/2021\\\/08\\\/36825346_2456960194321511_447552153637093376_n.jpg\",\"url\":\"https:\\\/\\\/blog.terreatribord.bzh\\\/wp-content\\\/uploads\\\/2021\\\/08\\\/36825346_2456960194321511_447552153637093376_n.jpg\",\"contentUrl\":\"https:\\\/\\\/blog.terreatribord.bzh\\\/wp-content\\\/uploads\\\/2021\\\/08\\\/36825346_2456960194321511_447552153637093376_n.jpg\",\"width\":1462,\"height\":1462,\"caption\":\"Charlotte\"},\"logo\":{\"@id\":\"https:\\\/\\\/blog.terreatribord.bzh\\\/wp-content\\\/uploads\\\/2021\\\/08\\\/36825346_2456960194321511_447552153637093376_n.jpg\"},\"sameAs\":[\"https:\\\/\\\/blog.terreatribord.bzh\"]}]}<\/script>\n<!-- \/ Yoast SEO plugin. -->","yoast_head_json":{"title":"Jours de March\u00e9s - Terre \u00e0 Tribord ! Jours de March\u00e9s - Tr\u00e9gor","description":"Quoi de mieux que les march\u00e9s pour d\u00e9couvrir les sp\u00e9cialit\u00e9s de la r\u00e9gion. Retrouvez ici la liste des march\u00e9s dans le Tr\u00e9gor en Bretagne.","robots":{"index":"index","follow":"follow","max-snippet":"max-snippet:-1","max-image-preview":"max-image-preview:large","max-video-preview":"max-video-preview:-1"},"canonical":"https:\/\/terreatribord.bzh\/blog\/2021\/11\/15\/jours-de-marches\/","og_locale":"fr_FR","og_type":"article","og_title":"Jours de March\u00e9s - Terre \u00e0 Tribord","og_description":"Quoi de mieux que les march\u00e9s pour d\u00e9couvrir les sp\u00e9cialit\u00e9s de la r\u00e9gion. Retrouvez ici la liste des march\u00e9s dans le Tr\u00e9gor en Bretagne.","og_url":"https:\/\/terreatribord.bzh\/blog\/2021\/11\/15\/jours-de-marches\/","og_site_name":"Terre \u00e0 Tribord !","article_published_time":"2021-11-15T14:20:56+00:00","article_modified_time":"2026-02-15T21:24:17+00:00","og_image":[{"width":2560,"height":1527,"url":"https:\/\/terreatribord.bzh\/blog\/wp-content\/uploads\/2021\/11\/marche-tregor-scaled.jpg","type":"image\/jpeg"}],"author":"Charlotte","twitter_card":"summary_large_image","twitter_misc":{"\u00c9crit par":"Charlotte","Dur\u00e9e de lecture estim\u00e9e":"3 minutes"},"schema":{"@context":"https:\/\/schema.org","@graph":[{"@type":"Article","@id":"https:\/\/terreatribord.bzh\/blog\/2021\/11\/15\/jours-de-marches\/#article","isPartOf":{"@id":"https:\/\/terreatribord.bzh\/blog\/2021\/11\/15\/jours-de-marches\/"},"author":{"name":"Charlotte","@id":"https:\/\/terreatribord.bzh\/blog\/#\/schema\/person\/799840395f3f8c1f423b7eac8cacc075"},"headline":"Jours de March\u00e9s","datePublished":"2021-11-15T14:20:56+00:00","dateModified":"2026-02-15T21:24:17+00:00","mainEntityOfPage":{"@id":"https:\/\/terreatribord.bzh\/blog\/2021\/11\/15\/jours-de-marches\/"},"wordCount":425,"commentCount":6,"publisher":{"@id":"https:\/\/terreatribord.bzh\/blog\/#\/schema\/person\/799840395f3f8c1f423b7eac8cacc075"},"image":{"@id":"https:\/\/terreatribord.bzh\/blog\/2021\/11\/15\/jours-de-marches\/#primaryimage"},"thumbnailUrl":"https:\/\/terreatribord.bzh\/blog\/wp-content\/uploads\/2021\/11\/marche-tregor-scaled.jpg","keywords":["Produits du terroir","Traditions bretonnes","Ville"],"articleSection":["Gastronomie"],"inLanguage":"fr-FR","potentialAction":[{"@type":"CommentAction","name":"Comment","target":["https:\/\/terreatribord.bzh\/blog\/2021\/11\/15\/jours-de-marches\/#respond"]}]},{"@type":"WebPage","@id":"https:\/\/terreatribord.bzh\/blog\/2021\/11\/15\/jours-de-marches\/","url":"https:\/\/terreatribord.bzh\/blog\/2021\/11\/15\/jours-de-marches\/","name":"Jours de March\u00e9s - Terre \u00e0 Tribord ! Jours de March\u00e9s - Tr\u00e9gor","isPartOf":{"@id":"https:\/\/terreatribord.bzh\/blog\/#website"},"primaryImageOfPage":{"@id":"https:\/\/terreatribord.bzh\/blog\/2021\/11\/15\/jours-de-marches\/#primaryimage"},"image":{"@id":"https:\/\/terreatribord.bzh\/blog\/2021\/11\/15\/jours-de-marches\/#primaryimage"},"thumbnailUrl":"https:\/\/terreatribord.bzh\/blog\/wp-content\/uploads\/2021\/11\/marche-tregor-scaled.jpg","datePublished":"2021-11-15T14:20:56+00:00","dateModified":"2026-02-15T21:24:17+00:00","description":"Quoi de mieux que les march\u00e9s pour d\u00e9couvrir les sp\u00e9cialit\u00e9s de la r\u00e9gion. Retrouvez ici la liste des march\u00e9s dans le Tr\u00e9gor en Bretagne.","breadcrumb":{"@id":"https:\/\/terreatribord.bzh\/blog\/2021\/11\/15\/jours-de-marches\/#breadcrumb"},"inLanguage":"fr-FR","potentialAction":[{"@type":"ReadAction","target":["https:\/\/terreatribord.bzh\/blog\/2021\/11\/15\/jours-de-marches\/"]}]},{"@type":"ImageObject","inLanguage":"fr-FR","@id":"https:\/\/terreatribord.bzh\/blog\/2021\/11\/15\/jours-de-marches\/#primaryimage","url":"https:\/\/terreatribord.bzh\/blog\/wp-content\/uploads\/2021\/11\/marche-tregor-scaled.jpg","contentUrl":"https:\/\/terreatribord.bzh\/blog\/wp-content\/uploads\/2021\/11\/marche-tregor-scaled.jpg","width":2560,"height":1527,"caption":"Jour de march\u00e9 en Bretagne"},{"@type":"BreadcrumbList","@id":"https:\/\/terreatribord.bzh\/blog\/2021\/11\/15\/jours-de-marches\/#breadcrumb","itemListElement":[{"@type":"ListItem","position":1,"name":"Accueil","item":"https:\/\/terreatribord.bzh\/blog\/"},{"@type":"ListItem","position":2,"name":"Jours de March\u00e9s"}]},{"@type":"WebSite","@id":"https:\/\/terreatribord.bzh\/blog\/#website","url":"https:\/\/terreatribord.bzh\/blog\/","name":"Terre \u00e0 Tribord !","description":"Le blog qui met le cap sur la Bretagne.","publisher":{"@id":"https:\/\/terreatribord.bzh\/blog\/#\/schema\/person\/799840395f3f8c1f423b7eac8cacc075"},"potentialAction":[{"@type":"SearchAction","target":{"@type":"EntryPoint","urlTemplate":"https:\/\/terreatribord.bzh\/blog\/?s={search_term_string}"},"query-input":{"@type":"PropertyValueSpecification","valueRequired":true,"valueName":"search_term_string"}}],"inLanguage":"fr-FR"},{"@type":["Person","Organization"],"@id":"https:\/\/terreatribord.bzh\/blog\/#\/schema\/person\/799840395f3f8c1f423b7eac8cacc075","name":"Charlotte","image":{"@type":"ImageObject","inLanguage":"fr-FR","@id":"https:\/\/blog.terreatribord.bzh\/wp-content\/uploads\/2021\/08\/36825346_2456960194321511_447552153637093376_n.jpg","url":"https:\/\/blog.terreatribord.bzh\/wp-content\/uploads\/2021\/08\/36825346_2456960194321511_447552153637093376_n.jpg","contentUrl":"https:\/\/blog.terreatribord.bzh\/wp-content\/uploads\/2021\/08\/36825346_2456960194321511_447552153637093376_n.jpg","width":1462,"height":1462,"caption":"Charlotte"},"logo":{"@id":"https:\/\/blog.terreatribord.bzh\/wp-content\/uploads\/2021\/08\/36825346_2456960194321511_447552153637093376_n.jpg"},"sameAs":["https:\/\/blog.terreatribord.bzh"]}]}},"_links":{"self":[{"href":"https:\/\/terreatribord.bzh\/blog\/wp-json\/wp\/v2\/posts\/263","targetHints":{"allow":["GET"]}}],"collection":[{"href":"https:\/\/terreatribord.bzh\/blog\/wp-json\/wp\/v2\/posts"}],"about":[{"href":"https:\/\/terreatribord.bzh\/blog\/wp-json\/wp\/v2\/types\/post"}],"author":[{"embeddable":true,"href":"https:\/\/terreatribord.bzh\/blog\/wp-json\/wp\/v2\/users\/1"}],"replies":[{"embeddable":true,"href":"https:\/\/terreatribord.bzh\/blog\/wp-json\/wp\/v2\/comments?post=263"}],"version-history":[{"count":17,"href":"https:\/\/terreatribord.bzh\/blog\/wp-json\/wp\/v2\/posts\/263\/revisions"}],"predecessor-version":[{"id":966,"href":"https:\/\/terreatribord.bzh\/blog\/wp-json\/wp\/v2\/posts\/263\/revisions\/966"}],"wp:featuredmedia":[{"embeddable":true,"href":"https:\/\/terreatribord.bzh\/blog\/wp-json\/wp\/v2\/media\/266"}],"wp:attachment":[{"href":"https:\/\/terreatribord.bzh\/blog\/wp-json\/wp\/v2\/media?parent=263"}],"wp:term":[{"taxonomy":"category","embeddable":true,"href":"https:\/\/terreatribord.bzh\/blog\/wp-json\/wp\/v2\/categories?post=263"},{"taxonomy":"post_tag","embeddable":true,"href":"https:\/\/terreatribord.bzh\/blog\/wp-json\/wp\/v2\/tags?post=263"}],"curies":[{"name":"wp","href":"https:\/\/api.w.org\/{rel}","templated":true}]}}