{"id":500,"date":"2022-10-15T14:57:43","date_gmt":"2022-10-15T12:57:43","guid":{"rendered":"https:\/\/terreatribord.bzh\/blog\/?p=500"},"modified":"2025-04-26T17:07:56","modified_gmt":"2025-04-26T15:07:56","slug":"larchipel-des-7-iles","status":"publish","type":"post","link":"https:\/\/terreatribord.bzh\/blog\/2022\/10\/15\/larchipel-des-7-iles\/","title":{"rendered":"L&rsquo;Archipel des 7 \u00eeles"},"content":{"rendered":"\n<p>Au large de nos c\u00f4tes, vous pouvez admirer des \u00eeles. Il s&rsquo;agit de l\u2019Archipel des Sept-\u00celes. C\u2019est une sortie <strong>incontournable<\/strong> pour vos vacances sur la C\u00f4te de Granit Rose&nbsp;!<\/p>\n\n\n\n<!--more-->\n\n\n\n<h2 class=\"wp-block-heading has-text-align-center\">Le royaume des oiseaux marins<\/h2>\n\n\n<div class=\"wp-block-image\">\n<figure class=\"aligncenter size-large\"><img loading=\"lazy\" decoding=\"async\" width=\"1024\" height=\"678\" src=\"https:\/\/terreatribord.bzh\/blog\/wp-content\/uploads\/2022\/10\/ile-rouzic-1024x678.jpg\" alt=\"ile rouzic sept iles bretagne\" class=\"wp-image-510\" srcset=\"https:\/\/terreatribord.bzh\/blog\/wp-content\/uploads\/2022\/10\/ile-rouzic-1024x678.jpg 1024w, https:\/\/terreatribord.bzh\/blog\/wp-content\/uploads\/2022\/10\/ile-rouzic-300x199.jpg 300w, https:\/\/terreatribord.bzh\/blog\/wp-content\/uploads\/2022\/10\/ile-rouzic-768x509.jpg 768w, https:\/\/terreatribord.bzh\/blog\/wp-content\/uploads\/2022\/10\/ile-rouzic-676x448.jpg 676w, https:\/\/terreatribord.bzh\/blog\/wp-content\/uploads\/2022\/10\/ile-rouzic.jpg 1478w\" sizes=\"auto, (max-width: 1024px) 100vw, 1024px\" \/><figcaption class=\"wp-element-caption\">L&rsquo;\u00eele Rouzic faisant partie des sept \u00eeles en Cotes d&rsquo;Armor<\/figcaption><\/figure>\n<\/div>\n\n\n<p>Avant tout,  l&rsquo;archipel des 7 \u00eeles est une <strong>r\u00e9serve naturelle ornithologique<\/strong>, class\u00e9e depuis 1912. Les \u00eeles sont r\u00e9serv\u00e9es aux oiseaux qui y vivent librement. Gr\u00e2ce \u00e0 cette loi, cela a permis la protection des <strong>macareux moines<\/strong> en voie de disparition. En effet, ces derniers \u00e9taient victimes d&rsquo;excursion de chasse. <\/p>\n\n\n\n<p>L&rsquo;archipel est constitu\u00e9 de : <\/p>\n\n\n\n<ul class=\"wp-block-list\">\n<li>L&rsquo;\u00eele Rouzic o\u00f9 se trouve le plus grand nombre d&rsquo;oiseaux, <\/li>\n\n\n\n<li>L&rsquo; \u00eele Malban, <\/li>\n\n\n\n<li>Les Costans, <\/li>\n\n\n\n<li>L&rsquo;\u00eele Bono, <\/li>\n\n\n\n<li>L\u2019\u00cele aux Moines o\u00f9 se trouve le phare, <\/li>\n\n\n\n<li>l\u2019\u00cele Plate <\/li>\n\n\n\n<li>Le Cerf <\/li>\n<\/ul>\n\n\n\n<p>C&rsquo;est ainsi que l&rsquo;archipel devient la plus ancienne et plus grande r\u00e9serve ornithologique de France. On y recense la plus importante colonie d\u2019oiseaux de mer de France&nbsp;: 27 esp\u00e8ces d\u2019oiseaux nicheurs dont 12 esp\u00e8ces d\u2019oiseaux marins, soit plus de 23 000 couples. <\/p>\n\n\n\n<p>Aujourd&rsquo;hui encore, la Ligue pour la Protection des Oiseaux garde un r\u00f4le tr\u00e8s important sur la r\u00e9serve.<\/p>\n\n\n\n<h2 class=\"wp-block-heading has-text-align-center\">Observer les animaux marins<\/h2>\n\n\n<div class=\"wp-block-image\">\n<figure class=\"aligncenter size-large\"><img loading=\"lazy\" decoding=\"async\" width=\"1024\" height=\"683\" src=\"https:\/\/terreatribord.bzh\/blog\/wp-content\/uploads\/2022\/10\/macareux-moines-1024x683.png\" alt=\"macareux moines sept iles bretagne\" class=\"wp-image-511\" srcset=\"https:\/\/terreatribord.bzh\/blog\/wp-content\/uploads\/2022\/10\/macareux-moines-1024x683.png 1024w, https:\/\/terreatribord.bzh\/blog\/wp-content\/uploads\/2022\/10\/macareux-moines-300x200.png 300w, https:\/\/terreatribord.bzh\/blog\/wp-content\/uploads\/2022\/10\/macareux-moines-768x512.png 768w, https:\/\/terreatribord.bzh\/blog\/wp-content\/uploads\/2022\/10\/macareux-moines-676x451.png 676w, https:\/\/terreatribord.bzh\/blog\/wp-content\/uploads\/2022\/10\/macareux-moines.png 1200w\" sizes=\"auto, (max-width: 1024px) 100vw, 1024px\" \/><figcaption class=\"wp-element-caption\">Les macareux moines embl\u00e8me de la ville de Perros-Guirec aux sept iles<\/figcaption><\/figure>\n<\/div>\n\n\n<p>Par exemple, sur l\u2019\u00eele Rouzic, vous pourrez observer l\u2019unique colonie fran\u00e7aise de <strong>fous de Bassan<\/strong>, qui y vivent par milliers. Mais aussi d&rsquo;autres oiseaux marins comme : <\/p>\n\n\n\n<ul class=\"wp-block-list\">\n<li>macareux-moines, <\/li>\n\n\n\n<li>cormorans hupp\u00e9s, <\/li>\n\n\n\n<li>pingouins torda, <\/li>\n\n\n\n<li>puffins des anglais, <\/li>\n\n\n\n<li>guillemots de Troil, <\/li>\n\n\n\n<li>aigrettes garzettes, <\/li>\n\n\n\n<li>faucons p\u00e9lerins, <\/li>\n\n\n\n<li>fulmars bor\u00e9aux, <\/li>\n\n\n\n<li>go\u00e9lands marins, argent\u00e9s et bruns\u2026<\/li>\n<\/ul>\n\n\n\n<p>Soit pr\u00e8s de 75&nbsp;000 sp\u00e9cimens \u00e0 la belle saison&nbsp;!<\/p>\n\n\n\n<p>De m\u00eame, une trentaine de phoques gris vivent en permanence sur cette r\u00e9serve naturelle, mais son observation reste al\u00e9atoire. Et par chance, vous pourrez m\u00eame apercevoir un <strong>banc de dauphins<\/strong>&nbsp;!<\/p>\n\n\n\n<h2 class=\"wp-block-heading has-text-align-center\">Une escale sur l&rsquo;\u00eele aux Moines<\/h2>\n\n\n<div class=\"wp-block-image\">\n<figure class=\"aligncenter size-large\"><img loading=\"lazy\" decoding=\"async\" width=\"1024\" height=\"672\" src=\"https:\/\/terreatribord.bzh\/blog\/wp-content\/uploads\/2022\/10\/ile-moines-1024x672.jpeg\" alt=\"ile aux moines c\u00f4te de granit rose bretagne\" class=\"wp-image-514\" srcset=\"https:\/\/terreatribord.bzh\/blog\/wp-content\/uploads\/2022\/10\/ile-moines-1024x672.jpeg 1024w, https:\/\/terreatribord.bzh\/blog\/wp-content\/uploads\/2022\/10\/ile-moines-300x197.jpeg 300w, https:\/\/terreatribord.bzh\/blog\/wp-content\/uploads\/2022\/10\/ile-moines-768x504.jpeg 768w, https:\/\/terreatribord.bzh\/blog\/wp-content\/uploads\/2022\/10\/ile-moines-676x443.jpeg 676w, https:\/\/terreatribord.bzh\/blog\/wp-content\/uploads\/2022\/10\/ile-moines.jpeg 1200w\" sizes=\"auto, (max-width: 1024px) 100vw, 1024px\" \/><figcaption class=\"wp-element-caption\">L&rsquo;ile aux moines au large de la c\u00f4te de granit rose<\/figcaption><\/figure>\n<\/div>\n\n\n<p>L\u2019\u00eele aux Moines est la seule \u00eele de l&rsquo;archipel \u00e0 avoir \u00e9t\u00e9 habit\u00e9e et \u00eatre ouverte au public. Son nom vient du fait qu&rsquo;au XV\u00e8me si\u00e8cle des moines vinrent s\u2019installer sur l\u2019\u00eele. Confront\u00e9s \u00e0 des conditions de vie extr\u00eames, ils demand\u00e8rent bien vite leur rapatriement sur le continent.&nbsp; <\/p>\n\n\n\n<p>C&rsquo;est ainsi que l\u2019\u00eele servit de refuge aux corsaires. Pour faire cesser ces trafics, un fort&nbsp;fut \u00e9difi\u00e9 sous Louis XV.<\/p>\n\n\n\n<p>Son phare a \u00e9t\u00e9 b\u00e2ti en 1835. D\u00e9moli en 1944, il fut reconstruit apr\u00e8s la guerre. Mesurant une hauteur de vingt m\u00e8tres, il est l\u2019un des derniers phares en mer \u00e0 avoir \u00e9t\u00e9 habit\u00e9 avant d&rsquo;\u00eatre automatis\u00e9 en 2007.&nbsp;<\/p>\n\n\n\n<h2 class=\"wp-block-heading has-text-align-center\">Comment visiter l&rsquo;Archipel des 7 \u00eeles ?<\/h2>\n\n\n<div class=\"wp-block-image\">\n<figure class=\"aligncenter size-large\"><img loading=\"lazy\" decoding=\"async\" width=\"1024\" height=\"683\" src=\"https:\/\/terreatribord.bzh\/blog\/wp-content\/uploads\/2022\/10\/trestraou-iles-1024x683.jpg\" alt=\"armor navigation trestraou perros guirec\" class=\"wp-image-508\" srcset=\"https:\/\/terreatribord.bzh\/blog\/wp-content\/uploads\/2022\/10\/trestraou-iles-1024x683.jpg 1024w, https:\/\/terreatribord.bzh\/blog\/wp-content\/uploads\/2022\/10\/trestraou-iles-300x200.jpg 300w, https:\/\/terreatribord.bzh\/blog\/wp-content\/uploads\/2022\/10\/trestraou-iles-768x512.jpg 768w, https:\/\/terreatribord.bzh\/blog\/wp-content\/uploads\/2022\/10\/trestraou-iles-1536x1024.jpg 1536w, https:\/\/terreatribord.bzh\/blog\/wp-content\/uploads\/2022\/10\/trestraou-iles-676x451.jpg 676w, https:\/\/terreatribord.bzh\/blog\/wp-content\/uploads\/2022\/10\/trestraou-iles.jpg 2048w\" sizes=\"auto, (max-width: 1024px) 100vw, 1024px\" \/><figcaption class=\"wp-element-caption\">Armor Navigation au d\u00e9part de la plage de Trestraou \u00e0 Perros Guirec <\/figcaption><\/figure>\n<\/div>\n\n\n<p>Les principaux d\u00e9parts se font de la plage de Trestraou \u00e0 <a href=\"https:\/\/terreatribord.bzh\/blog\/2024\/10\/15\/perros-guirec-cote-de-granit-rose\/\">Perros-Guirec<\/a>. Vous pourrez vous rendre jusqu&rsquo;\u00e0 l&rsquo;archipel des 7 \u00eeles \u00e0 partir de plusieurs embarcations :<\/p>\n\n\n\n<ul class=\"wp-block-list\">\n<li>Les vedettes <strong><a href=\"https:\/\/www.armor-navigation.com\/\" target=\"_blank\" rel=\"noreferrer noopener\">Armor Navigation <\/a><\/strong> : durant votre sortie en mer d&rsquo;environ 2 heures,  le marin animateur vous parlera des oiseaux mais aussi,  il \u00e9voquera la c\u00f4te de granit rose et l\u2019histoire des 7 \u00celes. Au retour, vous longerez le sentier des douaniers vers Ploumanac\u2019h (r\u00e9servation fortement conseill\u00e9e, indispensable en juillet et ao\u00fbt). <\/li>\n\n\n\n<li>Le voilier traditionnel <strong><a href=\"https:\/\/www.santguirec.com\/\" target=\"_blank\" rel=\"noreferrer noopener\">Sant C&rsquo;hireg<\/a><\/strong> : de la demi-journ\u00e9e \u00e0 la journ\u00e9e, d\u00e9couvrez notre littoral \u00e0 la voile. Vous pourrez participer aux man\u0153uvres et vous familiariser \u00e0 la navigation \u00e0 l&rsquo;ancienne.<\/li>\n\n\n\n<li>Le voilier Le <strong><a href=\"http:\/\/nautisme.perros-guirec.com\/embarquez-pour-une-balade-en-mer\/a-la-voile\/fillao.html\" target=\"_blank\" rel=\"noreferrer noopener\">Fillao du centre nautique de Perros-Guirec<\/a><\/strong> : embarquez pour 4 heures sur cette go\u00e9lette de 9 m\u00e8tres accessible \u00e0 tous. Elle se distingue par sa stabilit\u00e9 et son confort tout en offrant de belles sensations nautiques.<\/li>\n<\/ul>\n\n\n\n<h2 class=\"wp-block-heading has-text-align-center\">Pour conclure, voici mes conseils<\/h2>\n\n\n\n<p>Pour observer le maximum d&rsquo;oiseaux, il vaut mieux privil\u00e9gier les visites du d\u00e9but ou de fin  de journ\u00e9e. En effet, les oiseaux partent \u00e0 la p\u00eache durant la journ\u00e9e.<\/p>\n\n\n\n<p>Pr\u00e9voyez des v\u00eatements chauds pour votre sortie en mer !<\/p>\n\n\n\n<h2 class=\"wp-block-heading has-text-align-center\">L&rsquo;\u00cele Tom\u00e9<\/h2>\n\n\n<div class=\"wp-block-image\">\n<figure class=\"aligncenter size-large\"><img loading=\"lazy\" decoding=\"async\" width=\"1024\" height=\"632\" src=\"https:\/\/terreatribord.bzh\/blog\/wp-content\/uploads\/2022\/10\/portlepine-1024x632.jpg\" alt=\"ile tom\u00e9 c\u00f4te de granit rose bretagne\" class=\"wp-image-512\" srcset=\"https:\/\/terreatribord.bzh\/blog\/wp-content\/uploads\/2022\/10\/portlepine-1024x632.jpg 1024w, https:\/\/terreatribord.bzh\/blog\/wp-content\/uploads\/2022\/10\/portlepine-300x185.jpg 300w, https:\/\/terreatribord.bzh\/blog\/wp-content\/uploads\/2022\/10\/portlepine-768x474.jpg 768w, https:\/\/terreatribord.bzh\/blog\/wp-content\/uploads\/2022\/10\/portlepine-1536x948.jpg 1536w, https:\/\/terreatribord.bzh\/blog\/wp-content\/uploads\/2022\/10\/portlepine-2048x1263.jpg 2048w, https:\/\/terreatribord.bzh\/blog\/wp-content\/uploads\/2022\/10\/portlepine-676x417.jpg 676w\" sizes=\"auto, (max-width: 1024px) 100vw, 1024px\" \/><figcaption class=\"wp-element-caption\">L&rsquo;ile tom\u00e9 au large de la c\u00f4te de granit rose<\/figcaption><\/figure>\n<\/div>\n\n\n<p>Bien que proche des 7 \u00eeles, l\u2019\u00eele Tom\u00e9 ne fait pas partie de l\u2019archipel. <\/p>\n\n\n\n<p>Elle fut longtemps un repaire de corsaires espagnols ou britanniques.<\/p>\n\n\n\n<p>A la fin du XIX\u00e8me si\u00e8cle, elle fut habit\u00e9e. Il y avait une petite ferme situ\u00e9e au nord-est de l\u2019\u00eele avec un puit comme unique source d\u2019eau. Les habitants se rendaient \u00e0 Tr\u00e9l\u00e9vern pour y faire leurs provisions. Ils d\u00e9barquaient \u00e0 Port L\u2019\u00c9pine \u00e0 la godille, soit pr\u00e8s de 2 km contre vents et mar\u00e9es. Cependant, elle fut abandonn\u00e9e entre les deux guerres mondiales.  <\/p>\n\n\n\n<p>Aujourd\u2019hui, l&rsquo;\u00eele abrite de nombreuses esp\u00e8ces prot\u00e9g\u00e9es et fait partie du conservatoire du littoral.<\/p>\n\n\n\n<h2 class=\"wp-block-heading has-text-align-center\">Observer les oiseaux et la mer<\/h2>\n\n\n\n<p>Apr\u00e8s une sortie en mer, retrouver le calme de la terre et prolonger la journ\u00e9e autour d\u2019une balade sur la <a href=\"https:\/\/terreatribord.bzh\/cote-de-granit-rose-bretagne\">C\u00f4te de Granit Rose<\/a>.<\/p>\n\n\n\n<p>Nos maisons \u00e0 Tr\u00e9l\u00e9vern sont parfaites pour poser vos valises entre deux explorations :<br>\ud83d\udc49 <a class=\"\" href=\"https:\/\/terreatribord.bzh\/tyGwenn\/\">Ty Gwenn<\/a> \u2013 avec sa vue sur la mer pour r\u00eaver encore un peu<br>\ud83d\udc49 <a class=\"\" href=\"https:\/\/terreatribord.bzh\/tyGlaz\/\">Ty Glaz<\/a> \u2013 un cocon en bois pour se ressourcer en toute simplicit\u00e9<\/p>\n\n\n\n<p><\/p>\n","protected":false},"excerpt":{"rendered":"<p>Au large de nos c\u00f4tes, vous pouvez admirer des \u00eeles. Il s&rsquo;agit de l\u2019Archipel des Sept-\u00celes. C\u2019est une sortie incontournable pour vos vacances sur la C\u00f4te de Granit Rose&nbsp;!<\/p>\n","protected":false},"author":1,"featured_media":510,"comment_status":"closed","ping_status":"closed","sticky":false,"template":"","format":"standard","meta":{"footnotes":""},"categories":[9],"tags":[14,15,13,11,12],"class_list":["post-500","post","type-post","status-publish","format-standard","has-post-thumbnail","hentry","category-activites","tag-balade","tag-famille","tag-mer","tag-nature","tag-patrimoine-historique","post-preview"],"yoast_head":"<!-- This site is optimized with the Yoast SEO plugin v27.5 - https:\/\/yoast.com\/product\/yoast-seo-wordpress\/ -->\n<title>L&#039;Archipel des 7 \u00eeles - Terre \u00e0 Tribord !<\/title>\n<meta name=\"description\" content=\"D\u00e9couvrez dans cet article l&#039;archipel des Sept \u00celes la r\u00e9serve ornithologique naturelle au large de la C\u00f4te de Granit Rose en Bretagne\" \/>\n<meta name=\"robots\" content=\"index, follow, max-snippet:-1, max-image-preview:large, max-video-preview:-1\" \/>\n<link rel=\"canonical\" href=\"https:\/\/terreatribord.bzh\/blog\/2022\/10\/15\/larchipel-des-7-iles\/\" \/>\n<meta property=\"og:locale\" content=\"fr_FR\" \/>\n<meta property=\"og:type\" content=\"article\" \/>\n<meta property=\"og:title\" content=\"D\u00e9couvrez l&#039;archipel des 7 \u00eeles\" \/>\n<meta property=\"og:description\" content=\"D\u00e9couvrez dans cet article l&#039;archipel des Sept \u00celes la r\u00e9serve ornithologique naturelle au large de la C\u00f4te de Granit Rose en Bretagne\" \/>\n<meta property=\"og:url\" content=\"https:\/\/terreatribord.bzh\/blog\/2022\/10\/15\/larchipel-des-7-iles\/\" \/>\n<meta property=\"og:site_name\" content=\"Terre \u00e0 Tribord !\" \/>\n<meta property=\"article:published_time\" content=\"2022-10-15T12:57:43+00:00\" \/>\n<meta property=\"article:modified_time\" content=\"2025-04-26T15:07:56+00:00\" \/>\n<meta property=\"og:image\" content=\"https:\/\/terreatribord.bzh\/blog\/wp-content\/uploads\/2022\/10\/ile-rouzic.jpg\" \/>\n\t<meta property=\"og:image:width\" content=\"1478\" \/>\n\t<meta property=\"og:image:height\" content=\"979\" \/>\n\t<meta property=\"og:image:type\" content=\"image\/jpeg\" \/>\n<meta name=\"author\" content=\"Charlotte\" \/>\n<meta name=\"twitter:card\" content=\"summary_large_image\" \/>\n<meta name=\"twitter:label1\" content=\"\u00c9crit par\" \/>\n\t<meta name=\"twitter:data1\" content=\"Charlotte\" \/>\n\t<meta name=\"twitter:label2\" content=\"Dur\u00e9e de lecture estim\u00e9e\" \/>\n\t<meta name=\"twitter:data2\" content=\"6 minutes\" \/>\n<script type=\"application\/ld+json\" class=\"yoast-schema-graph\">{\"@context\":\"https:\\\/\\\/schema.org\",\"@graph\":[{\"@type\":\"Article\",\"@id\":\"https:\\\/\\\/terreatribord.bzh\\\/blog\\\/2022\\\/10\\\/15\\\/larchipel-des-7-iles\\\/#article\",\"isPartOf\":{\"@id\":\"https:\\\/\\\/terreatribord.bzh\\\/blog\\\/2022\\\/10\\\/15\\\/larchipel-des-7-iles\\\/\"},\"author\":{\"name\":\"Charlotte\",\"@id\":\"https:\\\/\\\/terreatribord.bzh\\\/blog\\\/#\\\/schema\\\/person\\\/799840395f3f8c1f423b7eac8cacc075\"},\"headline\":\"L&rsquo;Archipel des 7 \u00eeles\",\"datePublished\":\"2022-10-15T12:57:43+00:00\",\"dateModified\":\"2025-04-26T15:07:56+00:00\",\"mainEntityOfPage\":{\"@id\":\"https:\\\/\\\/terreatribord.bzh\\\/blog\\\/2022\\\/10\\\/15\\\/larchipel-des-7-iles\\\/\"},\"wordCount\":883,\"publisher\":{\"@id\":\"https:\\\/\\\/terreatribord.bzh\\\/blog\\\/#\\\/schema\\\/person\\\/799840395f3f8c1f423b7eac8cacc075\"},\"image\":{\"@id\":\"https:\\\/\\\/terreatribord.bzh\\\/blog\\\/2022\\\/10\\\/15\\\/larchipel-des-7-iles\\\/#primaryimage\"},\"thumbnailUrl\":\"https:\\\/\\\/terreatribord.bzh\\\/blog\\\/wp-content\\\/uploads\\\/2022\\\/10\\\/ile-rouzic.jpg\",\"keywords\":[\"Balade\",\"famille\",\"Mer\",\"Nature\",\"Patrimoine historique\"],\"articleSection\":[\"Activit\u00e9s\"],\"inLanguage\":\"fr-FR\"},{\"@type\":\"WebPage\",\"@id\":\"https:\\\/\\\/terreatribord.bzh\\\/blog\\\/2022\\\/10\\\/15\\\/larchipel-des-7-iles\\\/\",\"url\":\"https:\\\/\\\/terreatribord.bzh\\\/blog\\\/2022\\\/10\\\/15\\\/larchipel-des-7-iles\\\/\",\"name\":\"L'Archipel des 7 \u00eeles - Terre \u00e0 Tribord !\",\"isPartOf\":{\"@id\":\"https:\\\/\\\/terreatribord.bzh\\\/blog\\\/#website\"},\"primaryImageOfPage\":{\"@id\":\"https:\\\/\\\/terreatribord.bzh\\\/blog\\\/2022\\\/10\\\/15\\\/larchipel-des-7-iles\\\/#primaryimage\"},\"image\":{\"@id\":\"https:\\\/\\\/terreatribord.bzh\\\/blog\\\/2022\\\/10\\\/15\\\/larchipel-des-7-iles\\\/#primaryimage\"},\"thumbnailUrl\":\"https:\\\/\\\/terreatribord.bzh\\\/blog\\\/wp-content\\\/uploads\\\/2022\\\/10\\\/ile-rouzic.jpg\",\"datePublished\":\"2022-10-15T12:57:43+00:00\",\"dateModified\":\"2025-04-26T15:07:56+00:00\",\"description\":\"D\u00e9couvrez dans cet article l'archipel des Sept \u00celes la r\u00e9serve ornithologique naturelle au large de la C\u00f4te de Granit Rose en Bretagne\",\"breadcrumb\":{\"@id\":\"https:\\\/\\\/terreatribord.bzh\\\/blog\\\/2022\\\/10\\\/15\\\/larchipel-des-7-iles\\\/#breadcrumb\"},\"inLanguage\":\"fr-FR\",\"potentialAction\":[{\"@type\":\"ReadAction\",\"target\":[\"https:\\\/\\\/terreatribord.bzh\\\/blog\\\/2022\\\/10\\\/15\\\/larchipel-des-7-iles\\\/\"]}]},{\"@type\":\"ImageObject\",\"inLanguage\":\"fr-FR\",\"@id\":\"https:\\\/\\\/terreatribord.bzh\\\/blog\\\/2022\\\/10\\\/15\\\/larchipel-des-7-iles\\\/#primaryimage\",\"url\":\"https:\\\/\\\/terreatribord.bzh\\\/blog\\\/wp-content\\\/uploads\\\/2022\\\/10\\\/ile-rouzic.jpg\",\"contentUrl\":\"https:\\\/\\\/terreatribord.bzh\\\/blog\\\/wp-content\\\/uploads\\\/2022\\\/10\\\/ile-rouzic.jpg\",\"width\":1478,\"height\":979,\"caption\":\"ile rouzic sept iles c\u00f4te de granit rose cotes d armor bretagne\"},{\"@type\":\"BreadcrumbList\",\"@id\":\"https:\\\/\\\/terreatribord.bzh\\\/blog\\\/2022\\\/10\\\/15\\\/larchipel-des-7-iles\\\/#breadcrumb\",\"itemListElement\":[{\"@type\":\"ListItem\",\"position\":1,\"name\":\"Accueil\",\"item\":\"https:\\\/\\\/terreatribord.bzh\\\/blog\\\/\"},{\"@type\":\"ListItem\",\"position\":2,\"name\":\"L&rsquo;Archipel des 7 \u00eeles\"}]},{\"@type\":\"WebSite\",\"@id\":\"https:\\\/\\\/terreatribord.bzh\\\/blog\\\/#website\",\"url\":\"https:\\\/\\\/terreatribord.bzh\\\/blog\\\/\",\"name\":\"Terre \u00e0 Tribord !\",\"description\":\"Le blog qui met le cap sur la Bretagne.\",\"publisher\":{\"@id\":\"https:\\\/\\\/terreatribord.bzh\\\/blog\\\/#\\\/schema\\\/person\\\/799840395f3f8c1f423b7eac8cacc075\"},\"potentialAction\":[{\"@type\":\"SearchAction\",\"target\":{\"@type\":\"EntryPoint\",\"urlTemplate\":\"https:\\\/\\\/terreatribord.bzh\\\/blog\\\/?s={search_term_string}\"},\"query-input\":{\"@type\":\"PropertyValueSpecification\",\"valueRequired\":true,\"valueName\":\"search_term_string\"}}],\"inLanguage\":\"fr-FR\"},{\"@type\":[\"Person\",\"Organization\"],\"@id\":\"https:\\\/\\\/terreatribord.bzh\\\/blog\\\/#\\\/schema\\\/person\\\/799840395f3f8c1f423b7eac8cacc075\",\"name\":\"Charlotte\",\"image\":{\"@type\":\"ImageObject\",\"inLanguage\":\"fr-FR\",\"@id\":\"https:\\\/\\\/blog.terreatribord.bzh\\\/wp-content\\\/uploads\\\/2021\\\/08\\\/36825346_2456960194321511_447552153637093376_n.jpg\",\"url\":\"https:\\\/\\\/blog.terreatribord.bzh\\\/wp-content\\\/uploads\\\/2021\\\/08\\\/36825346_2456960194321511_447552153637093376_n.jpg\",\"contentUrl\":\"https:\\\/\\\/blog.terreatribord.bzh\\\/wp-content\\\/uploads\\\/2021\\\/08\\\/36825346_2456960194321511_447552153637093376_n.jpg\",\"width\":1462,\"height\":1462,\"caption\":\"Charlotte\"},\"logo\":{\"@id\":\"https:\\\/\\\/blog.terreatribord.bzh\\\/wp-content\\\/uploads\\\/2021\\\/08\\\/36825346_2456960194321511_447552153637093376_n.jpg\"},\"sameAs\":[\"https:\\\/\\\/blog.terreatribord.bzh\"]}]}<\/script>\n<!-- \/ Yoast SEO plugin. -->","yoast_head_json":{"title":"L'Archipel des 7 \u00eeles - Terre \u00e0 Tribord !","description":"D\u00e9couvrez dans cet article l'archipel des Sept \u00celes la r\u00e9serve ornithologique naturelle au large de la C\u00f4te de Granit Rose en Bretagne","robots":{"index":"index","follow":"follow","max-snippet":"max-snippet:-1","max-image-preview":"max-image-preview:large","max-video-preview":"max-video-preview:-1"},"canonical":"https:\/\/terreatribord.bzh\/blog\/2022\/10\/15\/larchipel-des-7-iles\/","og_locale":"fr_FR","og_type":"article","og_title":"D\u00e9couvrez l'archipel des 7 \u00eeles","og_description":"D\u00e9couvrez dans cet article l'archipel des Sept \u00celes la r\u00e9serve ornithologique naturelle au large de la C\u00f4te de Granit Rose en Bretagne","og_url":"https:\/\/terreatribord.bzh\/blog\/2022\/10\/15\/larchipel-des-7-iles\/","og_site_name":"Terre \u00e0 Tribord !","article_published_time":"2022-10-15T12:57:43+00:00","article_modified_time":"2025-04-26T15:07:56+00:00","og_image":[{"width":1478,"height":979,"url":"https:\/\/terreatribord.bzh\/blog\/wp-content\/uploads\/2022\/10\/ile-rouzic.jpg","type":"image\/jpeg"}],"author":"Charlotte","twitter_card":"summary_large_image","twitter_misc":{"\u00c9crit par":"Charlotte","Dur\u00e9e de lecture estim\u00e9e":"6 minutes"},"schema":{"@context":"https:\/\/schema.org","@graph":[{"@type":"Article","@id":"https:\/\/terreatribord.bzh\/blog\/2022\/10\/15\/larchipel-des-7-iles\/#article","isPartOf":{"@id":"https:\/\/terreatribord.bzh\/blog\/2022\/10\/15\/larchipel-des-7-iles\/"},"author":{"name":"Charlotte","@id":"https:\/\/terreatribord.bzh\/blog\/#\/schema\/person\/799840395f3f8c1f423b7eac8cacc075"},"headline":"L&rsquo;Archipel des 7 \u00eeles","datePublished":"2022-10-15T12:57:43+00:00","dateModified":"2025-04-26T15:07:56+00:00","mainEntityOfPage":{"@id":"https:\/\/terreatribord.bzh\/blog\/2022\/10\/15\/larchipel-des-7-iles\/"},"wordCount":883,"publisher":{"@id":"https:\/\/terreatribord.bzh\/blog\/#\/schema\/person\/799840395f3f8c1f423b7eac8cacc075"},"image":{"@id":"https:\/\/terreatribord.bzh\/blog\/2022\/10\/15\/larchipel-des-7-iles\/#primaryimage"},"thumbnailUrl":"https:\/\/terreatribord.bzh\/blog\/wp-content\/uploads\/2022\/10\/ile-rouzic.jpg","keywords":["Balade","famille","Mer","Nature","Patrimoine historique"],"articleSection":["Activit\u00e9s"],"inLanguage":"fr-FR"},{"@type":"WebPage","@id":"https:\/\/terreatribord.bzh\/blog\/2022\/10\/15\/larchipel-des-7-iles\/","url":"https:\/\/terreatribord.bzh\/blog\/2022\/10\/15\/larchipel-des-7-iles\/","name":"L'Archipel des 7 \u00eeles - Terre \u00e0 Tribord !","isPartOf":{"@id":"https:\/\/terreatribord.bzh\/blog\/#website"},"primaryImageOfPage":{"@id":"https:\/\/terreatribord.bzh\/blog\/2022\/10\/15\/larchipel-des-7-iles\/#primaryimage"},"image":{"@id":"https:\/\/terreatribord.bzh\/blog\/2022\/10\/15\/larchipel-des-7-iles\/#primaryimage"},"thumbnailUrl":"https:\/\/terreatribord.bzh\/blog\/wp-content\/uploads\/2022\/10\/ile-rouzic.jpg","datePublished":"2022-10-15T12:57:43+00:00","dateModified":"2025-04-26T15:07:56+00:00","description":"D\u00e9couvrez dans cet article l'archipel des Sept \u00celes la r\u00e9serve ornithologique naturelle au large de la C\u00f4te de Granit Rose en Bretagne","breadcrumb":{"@id":"https:\/\/terreatribord.bzh\/blog\/2022\/10\/15\/larchipel-des-7-iles\/#breadcrumb"},"inLanguage":"fr-FR","potentialAction":[{"@type":"ReadAction","target":["https:\/\/terreatribord.bzh\/blog\/2022\/10\/15\/larchipel-des-7-iles\/"]}]},{"@type":"ImageObject","inLanguage":"fr-FR","@id":"https:\/\/terreatribord.bzh\/blog\/2022\/10\/15\/larchipel-des-7-iles\/#primaryimage","url":"https:\/\/terreatribord.bzh\/blog\/wp-content\/uploads\/2022\/10\/ile-rouzic.jpg","contentUrl":"https:\/\/terreatribord.bzh\/blog\/wp-content\/uploads\/2022\/10\/ile-rouzic.jpg","width":1478,"height":979,"caption":"ile rouzic sept iles c\u00f4te de granit rose cotes d armor bretagne"},{"@type":"BreadcrumbList","@id":"https:\/\/terreatribord.bzh\/blog\/2022\/10\/15\/larchipel-des-7-iles\/#breadcrumb","itemListElement":[{"@type":"ListItem","position":1,"name":"Accueil","item":"https:\/\/terreatribord.bzh\/blog\/"},{"@type":"ListItem","position":2,"name":"L&rsquo;Archipel des 7 \u00eeles"}]},{"@type":"WebSite","@id":"https:\/\/terreatribord.bzh\/blog\/#website","url":"https:\/\/terreatribord.bzh\/blog\/","name":"Terre \u00e0 Tribord !","description":"Le blog qui met le cap sur la Bretagne.","publisher":{"@id":"https:\/\/terreatribord.bzh\/blog\/#\/schema\/person\/799840395f3f8c1f423b7eac8cacc075"},"potentialAction":[{"@type":"SearchAction","target":{"@type":"EntryPoint","urlTemplate":"https:\/\/terreatribord.bzh\/blog\/?s={search_term_string}"},"query-input":{"@type":"PropertyValueSpecification","valueRequired":true,"valueName":"search_term_string"}}],"inLanguage":"fr-FR"},{"@type":["Person","Organization"],"@id":"https:\/\/terreatribord.bzh\/blog\/#\/schema\/person\/799840395f3f8c1f423b7eac8cacc075","name":"Charlotte","image":{"@type":"ImageObject","inLanguage":"fr-FR","@id":"https:\/\/blog.terreatribord.bzh\/wp-content\/uploads\/2021\/08\/36825346_2456960194321511_447552153637093376_n.jpg","url":"https:\/\/blog.terreatribord.bzh\/wp-content\/uploads\/2021\/08\/36825346_2456960194321511_447552153637093376_n.jpg","contentUrl":"https:\/\/blog.terreatribord.bzh\/wp-content\/uploads\/2021\/08\/36825346_2456960194321511_447552153637093376_n.jpg","width":1462,"height":1462,"caption":"Charlotte"},"logo":{"@id":"https:\/\/blog.terreatribord.bzh\/wp-content\/uploads\/2021\/08\/36825346_2456960194321511_447552153637093376_n.jpg"},"sameAs":["https:\/\/blog.terreatribord.bzh"]}]}},"_links":{"self":[{"href":"https:\/\/terreatribord.bzh\/blog\/wp-json\/wp\/v2\/posts\/500","targetHints":{"allow":["GET"]}}],"collection":[{"href":"https:\/\/terreatribord.bzh\/blog\/wp-json\/wp\/v2\/posts"}],"about":[{"href":"https:\/\/terreatribord.bzh\/blog\/wp-json\/wp\/v2\/types\/post"}],"author":[{"embeddable":true,"href":"https:\/\/terreatribord.bzh\/blog\/wp-json\/wp\/v2\/users\/1"}],"replies":[{"embeddable":true,"href":"https:\/\/terreatribord.bzh\/blog\/wp-json\/wp\/v2\/comments?post=500"}],"version-history":[{"count":16,"href":"https:\/\/terreatribord.bzh\/blog\/wp-json\/wp\/v2\/posts\/500\/revisions"}],"predecessor-version":[{"id":851,"href":"https:\/\/terreatribord.bzh\/blog\/wp-json\/wp\/v2\/posts\/500\/revisions\/851"}],"wp:featuredmedia":[{"embeddable":true,"href":"https:\/\/terreatribord.bzh\/blog\/wp-json\/wp\/v2\/media\/510"}],"wp:attachment":[{"href":"https:\/\/terreatribord.bzh\/blog\/wp-json\/wp\/v2\/media?parent=500"}],"wp:term":[{"taxonomy":"category","embeddable":true,"href":"https:\/\/terreatribord.bzh\/blog\/wp-json\/wp\/v2\/categories?post=500"},{"taxonomy":"post_tag","embeddable":true,"href":"https:\/\/terreatribord.bzh\/blog\/wp-json\/wp\/v2\/tags?post=500"}],"curies":[{"name":"wp","href":"https:\/\/api.w.org\/{rel}","templated":true}]}}