{"id":529,"date":"2023-01-15T14:58:55","date_gmt":"2023-01-15T13:58:55","guid":{"rendered":"https:\/\/terreatribord.bzh\/blog\/?p=529"},"modified":"2025-04-26T18:00:36","modified_gmt":"2025-04-26T16:00:36","slug":"lile-de-brehat","status":"publish","type":"post","link":"https:\/\/terreatribord.bzh\/blog\/2023\/01\/15\/lile-de-brehat\/","title":{"rendered":"L&rsquo;\u00cele de Br\u00e9hat"},"content":{"rendered":"\n<p>Class\u00e9e dans le <strong>top 5 des \u00eeles de la <a href=\"https:\/\/terreatribord.bzh\/blog\/2021\/09\/12\/la-bretagne\/\">Bretagne<\/a><\/strong> pr\u00e9f\u00e9r\u00e9es des fran\u00e7ais, l\u2019\u00cele de Br\u00e9hat est une destination incontournable.  D\u00e9couvrez son <strong>charme authentique<\/strong> !<\/p>\n\n\n\n<p>En effet, d\u00e8s l\u2019accostage on est saisi par l\u2019ambiance particuli\u00e8re de l\u2019\u00eele o\u00f9 <strong>le temps s\u2019arr\u00eate<\/strong>, d\u00e9paysement assur\u00e9&nbsp;! <\/p>\n\n\n\n<p>De plus, tout se fait \u00e0 pied ou en v\u00e9lo, un v\u00e9ritable <strong>petit paradis<\/strong> sans voiture.<\/p>\n\n\n\n<!--more-->\n\n\n\n<h2 class=\"wp-block-heading has-text-align-center\">Br\u00e9hat et son archipel<\/h2>\n\n\n\n<figure class=\"wp-block-image size-full\"><img loading=\"lazy\" decoding=\"async\" width=\"767\" height=\"342\" src=\"https:\/\/terreatribord.bzh\/blog\/wp-content\/uploads\/2022\/06\/estuaire-trieux.jpg\" alt=\"l'esturaire du trieux go\u00eblo c\u00f4tes d'armor bretagne\" class=\"wp-image-439\" srcset=\"https:\/\/terreatribord.bzh\/blog\/wp-content\/uploads\/2022\/06\/estuaire-trieux.jpg 767w, https:\/\/terreatribord.bzh\/blog\/wp-content\/uploads\/2022\/06\/estuaire-trieux-300x134.jpg 300w, https:\/\/terreatribord.bzh\/blog\/wp-content\/uploads\/2022\/06\/estuaire-trieux-676x301.jpg 676w\" sizes=\"auto, (max-width: 767px) 100vw, 767px\" \/><figcaption class=\"wp-element-caption\">l&rsquo;archipel de Br\u00e9hat c\u00f4tes d&rsquo;armor bretagne<\/figcaption><\/figure>\n\n\n\n<p>L\u2019\u00cele de Br\u00e9hat fait partie d\u2019un archipel de 96 \u00eelots. Ainsi, les panoramas vus de l&rsquo;\u00eele sont \u00e9poustouflants ! <\/p>\n\n\n\n<p>Votre <strong>balade sur l&rsquo;\u00eele<\/strong> se fera par d&rsquo;adorables petits chemins. A chaque d\u00e9tour, vous d\u00e9couvrirez son patrimoine, ses plages, ses demeures et ses jardins bien entretenus.<\/p>\n\n\n\n<p>Longue de 3,5 kilom\u00e8tres et large de 1,5 kilom\u00e8tre, l\u2019\u00cele est en fait constitu\u00e9e de&nbsp;deux \u00eeles reli\u00e9es par un pont. <\/p>\n\n\n\n<p>Toutefois, vous serez surpris par l\u2019ambiance bien diff\u00e9rente entre les 2 \u00eeles :<\/p>\n\n\n\n<ul class=\"wp-block-list\">\n<li>l\u2019\u00eele sud o\u00f9 se trouve le <strong>petit village pittoresque<\/strong> avec ses commerces et ses artisans, d&rsquo;\u00e9troites&nbsp;ruelles bord\u00e9es de charmantes <strong>maisons en pierre<\/strong> et de <strong>v\u00e9g\u00e9tation luxuriante<\/strong>,<\/li>\n\n\n\n<li>l\u2019\u00eele nord plus sauvage avec des&nbsp;<strong>c\u00f4tes d\u00e9chiquet\u00e9es<\/strong>, des&nbsp;<strong>landes&nbsp;d&rsquo;ajoncs<\/strong>, de foug\u00e8res et de bruy\u00e8res et les deux <strong>phares de l\u2019\u00eele<\/strong>.<\/li>\n<\/ul>\n\n\n\n<h2 class=\"wp-block-heading has-text-align-center\">Br\u00e9hat, l&rsquo;\u00cele aux fleurs<\/h2>\n\n\n\n<figure class=\"wp-block-image size-large\"><img loading=\"lazy\" decoding=\"async\" width=\"1024\" height=\"770\" src=\"https:\/\/terreatribord.bzh\/blog\/wp-content\/uploads\/2022\/06\/brehat-1024x770.jpg\" alt=\"l'\u00eele de br\u00e9hat c\u00f4tes d'armor bretagne\" class=\"wp-image-437\" srcset=\"https:\/\/terreatribord.bzh\/blog\/wp-content\/uploads\/2022\/06\/brehat-1024x770.jpg 1024w, https:\/\/terreatribord.bzh\/blog\/wp-content\/uploads\/2022\/06\/brehat-300x225.jpg 300w, https:\/\/terreatribord.bzh\/blog\/wp-content\/uploads\/2022\/06\/brehat-768x577.jpg 768w, https:\/\/terreatribord.bzh\/blog\/wp-content\/uploads\/2022\/06\/brehat-676x508.jpg 676w, https:\/\/terreatribord.bzh\/blog\/wp-content\/uploads\/2022\/06\/brehat.jpg 1280w\" sizes=\"auto, (max-width: 1024px) 100vw, 1024px\" \/><figcaption class=\"wp-element-caption\">les agapanthes de l&rsquo;\u00eele de Br\u00e9hat c\u00f4tes d&rsquo;armor bretagne<\/figcaption><\/figure>\n\n\n\n<p>Gr\u00e2ce \u00e0 son micro climat, comparable \u00e0 la douceur m\u00e9diterran\u00e9enne, une&nbsp;multitude de plantes&nbsp;s&rsquo;\u00e9panouissent sur l&rsquo;\u00eele. <\/p>\n\n\n\n<p>On y trouve des plus traditionnelles, aux plus&nbsp;exotiques&nbsp;rapport\u00e9es par les marins&nbsp;: hortensias, cam\u00e9lias, lauriers roses,&nbsp;mimosas, jasmins, passiflores, palmiers \u2026 <\/p>\n\n\n\n<p>Sans oublier l&rsquo;incontournable&nbsp;agapanthe, la reine des lieux. L&rsquo;\u00e9t\u00e9, ses fleurs bleues violac\u00e9es se m\u00e9langent au rose des hortensias, sur un fond de mer turquoise. <\/p>\n\n\n\n<h2 class=\"wp-block-heading has-text-align-center\">Br\u00e9hat et son patrimoine<\/h2>\n\n\n\n<figure class=\"wp-block-image size-large\"><img loading=\"lazy\" decoding=\"async\" width=\"2560\" height=\"1920\" src=\"https:\/\/terreatribord.bzh\/blog\/wp-content\/uploads\/2023\/01\/archipel-brehat-edited-1-scaled.jpeg\" alt=\"archipel brehat paimpol cotes d'armor bretagne\" class=\"wp-image-541\" srcset=\"https:\/\/terreatribord.bzh\/blog\/wp-content\/uploads\/2023\/01\/archipel-brehat-edited-1-scaled.jpeg 2560w, https:\/\/terreatribord.bzh\/blog\/wp-content\/uploads\/2023\/01\/archipel-brehat-edited-1-300x225.jpeg 300w, https:\/\/terreatribord.bzh\/blog\/wp-content\/uploads\/2023\/01\/archipel-brehat-edited-1-1024x768.jpeg 1024w, https:\/\/terreatribord.bzh\/blog\/wp-content\/uploads\/2023\/01\/archipel-brehat-edited-1-768x576.jpeg 768w, https:\/\/terreatribord.bzh\/blog\/wp-content\/uploads\/2023\/01\/archipel-brehat-edited-1-1536x1152.jpeg 1536w, https:\/\/terreatribord.bzh\/blog\/wp-content\/uploads\/2023\/01\/archipel-brehat-edited-1-2048x1536.jpeg 2048w, https:\/\/terreatribord.bzh\/blog\/wp-content\/uploads\/2023\/01\/archipel-brehat-edited-1-676x507.jpeg 676w\" sizes=\"auto, (max-width: 2560px) 100vw, 2560px\" \/><figcaption class=\"wp-element-caption\">l&rsquo;archipel de Br\u00e9hat en Bretagne<\/figcaption><\/figure>\n\n\n\n<p>En effet, Br\u00e9hat d\u00e9tient un magnifique patrimoine \u00e0 d\u00e9couvrir :<\/p>\n\n\n\n<ul class=\"wp-block-list\">\n<li>Son ancien <strong>moulin \u00e0 mar\u00e9e du Birlot<\/strong> qui utilisait l&rsquo;\u00e9nergie des mar\u00e9es pour actionner sa meule,<\/li>\n\n\n\n<li>Sa <strong>chapelle Saint-Michel<\/strong> surplombant l&rsquo;\u00eele,<\/li>\n\n\n\n<li>Son <strong>phare du Paon<\/strong> situ\u00e9 \u00e0 l&rsquo;extr\u00e9mit\u00e9 de la pointe nord de l&rsquo;\u00eele,<\/li>\n\n\n\n<li>Sa <strong>citadelle<\/strong> qui abrite aujourd&rsquo;hui sa c\u00e9l\u00e8bre verrerie d&rsquo;art,<\/li>\n\n\n\n<li>&#8230;<\/li>\n<\/ul>\n\n\n\n<h2 class=\"wp-block-heading has-text-align-center\">Les plages de Br\u00e9hat<\/h2>\n\n\n\n<figure class=\"wp-block-image size-full\"><img loading=\"lazy\" decoding=\"async\" width=\"800\" height=\"533\" src=\"https:\/\/terreatribord.bzh\/blog\/wp-content\/uploads\/2022\/06\/plage-brehat.jpg\" alt=\"plage de guerzido br\u00e9hat c\u00f4tes d'armor bretagne\" class=\"wp-image-436\" srcset=\"https:\/\/terreatribord.bzh\/blog\/wp-content\/uploads\/2022\/06\/plage-brehat.jpg 800w, https:\/\/terreatribord.bzh\/blog\/wp-content\/uploads\/2022\/06\/plage-brehat-300x200.jpg 300w, https:\/\/terreatribord.bzh\/blog\/wp-content\/uploads\/2022\/06\/plage-brehat-768x512.jpg 768w, https:\/\/terreatribord.bzh\/blog\/wp-content\/uploads\/2022\/06\/plage-brehat-676x450.jpg 676w\" sizes=\"auto, (max-width: 800px) 100vw, 800px\" \/><figcaption class=\"wp-element-caption\">La plage de Guerzido \u00e0 Br\u00e9hat c\u00f4tes d&rsquo;armor bretagne<\/figcaption><\/figure>\n\n\n\n<p>D\u00e9couvrez de splendides au d\u00e9tour de chemins c\u00f4tiers.<\/p>\n\n\n\n<p>La <strong>plage du Guerzido<\/strong> situ\u00e9e au sud-est de l&rsquo;\u00eele est magnifique. Elle abrite aussi le centre nautique de Br\u00e9hat.<\/p>\n\n\n\n<h2 class=\"wp-block-heading has-text-align-center\">Comment se rendre \u00e0 Br\u00e9hat ?<\/h2>\n\n\n\n<figure class=\"wp-block-image size-large\"><img loading=\"lazy\" decoding=\"async\" width=\"2560\" height=\"1920\" src=\"https:\/\/terreatribord.bzh\/blog\/wp-content\/uploads\/2023\/01\/vedettes-brehat-edited-scaled.jpeg\" alt=\"vedettes brehat paimpol cotes d'armor bretagne\" class=\"wp-image-542\" srcset=\"https:\/\/terreatribord.bzh\/blog\/wp-content\/uploads\/2023\/01\/vedettes-brehat-edited-scaled.jpeg 2560w, https:\/\/terreatribord.bzh\/blog\/wp-content\/uploads\/2023\/01\/vedettes-brehat-edited-300x225.jpeg 300w, https:\/\/terreatribord.bzh\/blog\/wp-content\/uploads\/2023\/01\/vedettes-brehat-edited-1024x768.jpeg 1024w, https:\/\/terreatribord.bzh\/blog\/wp-content\/uploads\/2023\/01\/vedettes-brehat-edited-768x576.jpeg 768w, https:\/\/terreatribord.bzh\/blog\/wp-content\/uploads\/2023\/01\/vedettes-brehat-edited-1536x1152.jpeg 1536w, https:\/\/terreatribord.bzh\/blog\/wp-content\/uploads\/2023\/01\/vedettes-brehat-edited-2048x1536.jpeg 2048w, https:\/\/terreatribord.bzh\/blog\/wp-content\/uploads\/2023\/01\/vedettes-brehat-edited-676x507.jpeg 676w\" sizes=\"auto, (max-width: 2560px) 100vw, 2560px\" \/><figcaption class=\"wp-element-caption\">les vedettes de Br\u00e9hat C\u00f4tes d&rsquo;Armor<\/figcaption><\/figure>\n\n\n\n<p>Les principales navettes pour rejoindre l&rsquo;\u00eele se trouvent \u00e0 l&#8217;embarcad\u00e8re de la pointe de l&rsquo;Arcouest, au nord de <strong>Paimpol<\/strong>.<\/p>\n\n\n\n<p>Une fois votre voiture gar\u00e9 sur le parking d\u00e9di\u00e9, vous pourrez prendre un des bateaux qui assurent la travers\u00e9e, toutes les 30 minutes en saison par la compagnie des <a href=\"https:\/\/www.vedettesdebrehat.com\/\" target=\"_blank\" rel=\"noreferrer noopener\">vedettes de Br\u00e9hat<\/a> (travers\u00e9es toute l&rsquo;ann\u00e9e).<\/p>\n\n\n\n<p>Apr\u00e8s une balade en mer de 15 minutes, vous accosterez sur l&rsquo;une des 3 cales de l&#8217;embarcad\u00e8re du Port Clos, en fonction des mar\u00e9es. Il se situe tout au sud de l&rsquo;\u00eele.<\/p>\n\n\n\n<p>Pour votre retour sur le continent, pr\u00e9voyez 20 minutes de marche suppl\u00e9mentaire entre la cale 1 et la cale 3 en fonction des mar\u00e9es. <\/p>\n\n\n\n<p>De plus, vous pourrez prendre en option, la possibilit\u00e9 de faire <strong>le tour de l&rsquo;\u00eele en bateau<\/strong>. Ce circuit comment\u00e9 de 45 minutes vous permettra de mieux appr\u00e9hender l&rsquo;\u00eele et d&rsquo;appr\u00e9cier la beaut\u00e9 de l&rsquo;archipel. Le tour peut se faire \u00e0 l&rsquo;aller ou au retour.<\/p>\n\n\n\n<p>Aussi, il est possible en saison de rejoindre l&rsquo;\u00cele de Br\u00e9hat en partant de <a href=\"https:\/\/terreatribord.bzh\/blog\/2024\/10\/15\/perros-guirec-cote-de-granit-rose\/\">Perros-Guirec <\/a>avec la compagnie <a href=\"https:\/\/www.armor-navigation.com\/viree-lile-de-brehat\/\" target=\"_blank\" rel=\"noreferrer noopener\">Armor Naviguation<\/a>.<\/p>\n\n\n\n<h2 class=\"wp-block-heading has-text-align-center\">Comment visiter l&rsquo;\u00eele ?<\/h2>\n\n\n\n<p>L&rsquo;\u00eele se visite \u00e0 pied ou \u00e0 v\u00e9lo. <\/p>\n\n\n\n<p>Vous pourrez accoster avec vos propres v\u00e9los ou louer directement sur l&rsquo;\u00eele. Plusieurs loueurs de v\u00e9los se trouvent pr\u00e8s de l&#8217;embarcad\u00e8re au Port Clos. <\/p>\n\n\n\n<p>Vous trouverez aussi un petit train de Br\u00e9hat qui propose le tour de l&rsquo;\u00eele pour une dur\u00e9e de 40 minutes.<\/p>\n\n\n\n<h2 class=\"wp-block-heading has-text-align-center\">Mes conseils<\/h2>\n\n\n\n<p>Une journ\u00e9e est le temps id\u00e9al pour visiter de l&rsquo;\u00cele de Br\u00e9hat. Partez assez t\u00f4t pour prendre le bateau au plus tard \u00e0 10h. Cela vous laissera du temps pour parcourir les ruelles, profiter des plages, d\u00e9jeuner ou pique-niquer et appr\u00e9cier la douceur et la beaut\u00e9 de l&rsquo;\u00eele. <\/p>\n\n\n\n<h2 class=\"wp-block-heading has-text-align-center\">Et apr\u00e8s une journ\u00e9e sur l&rsquo;\u00cele aux fleurs<\/h2>\n\n\n\n<p>Retrouver le calme du continent pour prolonger l\u2019escapade.<\/p>\n\n\n\n<p>Nos maisons \u00e0 Tr\u00e9l\u00e9vern sont id\u00e9alement situ\u00e9es pour explorer Br\u00e9hat et toute la c\u00f4te :<br>\ud83d\udc49 <a class=\"\" href=\"https:\/\/terreatribord.bzh\/tyGwenn\/\">Ty Gwenn<\/a> \u2013 une maison avec vue sur la mer pour prolonger l\u2019\u00e9vasion<br>\ud83d\udc49 <a class=\"\" href=\"https:\/\/terreatribord.bzh\/tyGlaz\/\">Ty Glaz<\/a> \u2013 un cocon en bois pour une parenth\u00e8se toute douce<\/p>\n\n\n\n<p>Et si vous avez aim\u00e9 Br\u00e9hat, vous allez adorer explorer d\u2019autres \u00eeles bretonnes\u2026<\/p>\n","protected":false},"excerpt":{"rendered":"<p>Class\u00e9e dans le top 5 des \u00eeles de la Bretagne pr\u00e9f\u00e9r\u00e9es des fran\u00e7ais, l\u2019\u00cele de Br\u00e9hat est une destination incontournable. D\u00e9couvrez son charme authentique ! En effet, d\u00e8s l\u2019accostage on est saisi par l\u2019ambiance particuli\u00e8re de l\u2019\u00eele o\u00f9 le temps s\u2019arr\u00eate, d\u00e9paysement assur\u00e9&nbsp;! De plus, tout se fait \u00e0 pied ou en v\u00e9lo, un v\u00e9ritable [&hellip;]<\/p>\n","protected":false},"author":1,"featured_media":437,"comment_status":"closed","ping_status":"closed","sticky":false,"template":"","format":"standard","meta":{"footnotes":""},"categories":[9],"tags":[14,15,13,11,12],"class_list":["post-529","post","type-post","status-publish","format-standard","has-post-thumbnail","hentry","category-activites","tag-balade","tag-famille","tag-mer","tag-nature","tag-patrimoine-historique","post-preview"],"yoast_head":"<!-- This site is optimized with the Yoast SEO plugin v27.5 - https:\/\/yoast.com\/product\/yoast-seo-wordpress\/ -->\n<title>L&#039;\u00cele de Br\u00e9hat - Terre \u00e0 Tribord !<\/title>\n<meta name=\"description\" content=\"D\u00e9couvrez dans cet article l&#039;\u00eele de Br\u00e9hat au large de Paimpol dans les C\u00f4tes d&#039;Armor en Bretagne et comment la visiter.\" \/>\n<meta name=\"robots\" content=\"index, follow, max-snippet:-1, max-image-preview:large, max-video-preview:-1\" \/>\n<link rel=\"canonical\" href=\"https:\/\/terreatribord.bzh\/blog\/2023\/01\/15\/lile-de-brehat\/\" \/>\n<meta property=\"og:locale\" content=\"fr_FR\" \/>\n<meta property=\"og:type\" content=\"article\" \/>\n<meta property=\"og:title\" content=\"D\u00e9couvrez l&#039;\u00eele de Br\u00e9hat\" \/>\n<meta property=\"og:description\" content=\"D\u00e9couvrez dans cet article l&#039;\u00eele de Br\u00e9hat au large de Paimpol dans les C\u00f4tes d&#039;Armor en Bretagne et comment la visiter.\" \/>\n<meta property=\"og:url\" content=\"https:\/\/terreatribord.bzh\/blog\/2023\/01\/15\/lile-de-brehat\/\" \/>\n<meta property=\"og:site_name\" content=\"Terre \u00e0 Tribord !\" \/>\n<meta property=\"article:published_time\" content=\"2023-01-15T13:58:55+00:00\" \/>\n<meta property=\"article:modified_time\" content=\"2025-04-26T16:00:36+00:00\" \/>\n<meta property=\"og:image\" content=\"https:\/\/terreatribord.bzh\/blog\/wp-content\/uploads\/2022\/06\/plage-brehat.jpg\" \/>\n\t<meta property=\"og:image:width\" content=\"800\" \/>\n\t<meta property=\"og:image:height\" content=\"533\" \/>\n\t<meta property=\"og:image:type\" content=\"image\/jpeg\" \/>\n<meta name=\"author\" content=\"Charlotte\" \/>\n<meta name=\"twitter:card\" content=\"summary_large_image\" \/>\n<meta name=\"twitter:label1\" content=\"\u00c9crit par\" \/>\n\t<meta name=\"twitter:data1\" content=\"Charlotte\" \/>\n\t<meta name=\"twitter:label2\" content=\"Dur\u00e9e de lecture estim\u00e9e\" \/>\n\t<meta name=\"twitter:data2\" content=\"5 minutes\" \/>\n<script type=\"application\/ld+json\" class=\"yoast-schema-graph\">{\"@context\":\"https:\\\/\\\/schema.org\",\"@graph\":[{\"@type\":\"Article\",\"@id\":\"https:\\\/\\\/terreatribord.bzh\\\/blog\\\/2023\\\/01\\\/15\\\/lile-de-brehat\\\/#article\",\"isPartOf\":{\"@id\":\"https:\\\/\\\/terreatribord.bzh\\\/blog\\\/2023\\\/01\\\/15\\\/lile-de-brehat\\\/\"},\"author\":{\"name\":\"Charlotte\",\"@id\":\"https:\\\/\\\/terreatribord.bzh\\\/blog\\\/#\\\/schema\\\/person\\\/799840395f3f8c1f423b7eac8cacc075\"},\"headline\":\"L&rsquo;\u00cele de Br\u00e9hat\",\"datePublished\":\"2023-01-15T13:58:55+00:00\",\"dateModified\":\"2025-04-26T16:00:36+00:00\",\"mainEntityOfPage\":{\"@id\":\"https:\\\/\\\/terreatribord.bzh\\\/blog\\\/2023\\\/01\\\/15\\\/lile-de-brehat\\\/\"},\"wordCount\":859,\"publisher\":{\"@id\":\"https:\\\/\\\/terreatribord.bzh\\\/blog\\\/#\\\/schema\\\/person\\\/799840395f3f8c1f423b7eac8cacc075\"},\"image\":{\"@id\":\"https:\\\/\\\/terreatribord.bzh\\\/blog\\\/2023\\\/01\\\/15\\\/lile-de-brehat\\\/#primaryimage\"},\"thumbnailUrl\":\"https:\\\/\\\/terreatribord.bzh\\\/blog\\\/wp-content\\\/uploads\\\/2022\\\/06\\\/brehat.jpg\",\"keywords\":[\"Balade\",\"famille\",\"Mer\",\"Nature\",\"Patrimoine historique\"],\"articleSection\":[\"Activit\u00e9s\"],\"inLanguage\":\"fr-FR\"},{\"@type\":\"WebPage\",\"@id\":\"https:\\\/\\\/terreatribord.bzh\\\/blog\\\/2023\\\/01\\\/15\\\/lile-de-brehat\\\/\",\"url\":\"https:\\\/\\\/terreatribord.bzh\\\/blog\\\/2023\\\/01\\\/15\\\/lile-de-brehat\\\/\",\"name\":\"L'\u00cele de Br\u00e9hat - Terre \u00e0 Tribord !\",\"isPartOf\":{\"@id\":\"https:\\\/\\\/terreatribord.bzh\\\/blog\\\/#website\"},\"primaryImageOfPage\":{\"@id\":\"https:\\\/\\\/terreatribord.bzh\\\/blog\\\/2023\\\/01\\\/15\\\/lile-de-brehat\\\/#primaryimage\"},\"image\":{\"@id\":\"https:\\\/\\\/terreatribord.bzh\\\/blog\\\/2023\\\/01\\\/15\\\/lile-de-brehat\\\/#primaryimage\"},\"thumbnailUrl\":\"https:\\\/\\\/terreatribord.bzh\\\/blog\\\/wp-content\\\/uploads\\\/2022\\\/06\\\/brehat.jpg\",\"datePublished\":\"2023-01-15T13:58:55+00:00\",\"dateModified\":\"2025-04-26T16:00:36+00:00\",\"description\":\"D\u00e9couvrez dans cet article l'\u00eele de Br\u00e9hat au large de Paimpol dans les C\u00f4tes d'Armor en Bretagne et comment la visiter.\",\"breadcrumb\":{\"@id\":\"https:\\\/\\\/terreatribord.bzh\\\/blog\\\/2023\\\/01\\\/15\\\/lile-de-brehat\\\/#breadcrumb\"},\"inLanguage\":\"fr-FR\",\"potentialAction\":[{\"@type\":\"ReadAction\",\"target\":[\"https:\\\/\\\/terreatribord.bzh\\\/blog\\\/2023\\\/01\\\/15\\\/lile-de-brehat\\\/\"]}]},{\"@type\":\"ImageObject\",\"inLanguage\":\"fr-FR\",\"@id\":\"https:\\\/\\\/terreatribord.bzh\\\/blog\\\/2023\\\/01\\\/15\\\/lile-de-brehat\\\/#primaryimage\",\"url\":\"https:\\\/\\\/terreatribord.bzh\\\/blog\\\/wp-content\\\/uploads\\\/2022\\\/06\\\/brehat.jpg\",\"contentUrl\":\"https:\\\/\\\/terreatribord.bzh\\\/blog\\\/wp-content\\\/uploads\\\/2022\\\/06\\\/brehat.jpg\",\"width\":1280,\"height\":962,\"caption\":\"l'\u00eele de br\u00e9hat c\u00f4tes d'armor bretagne\"},{\"@type\":\"BreadcrumbList\",\"@id\":\"https:\\\/\\\/terreatribord.bzh\\\/blog\\\/2023\\\/01\\\/15\\\/lile-de-brehat\\\/#breadcrumb\",\"itemListElement\":[{\"@type\":\"ListItem\",\"position\":1,\"name\":\"Accueil\",\"item\":\"https:\\\/\\\/terreatribord.bzh\\\/blog\\\/\"},{\"@type\":\"ListItem\",\"position\":2,\"name\":\"L&rsquo;\u00cele de Br\u00e9hat\"}]},{\"@type\":\"WebSite\",\"@id\":\"https:\\\/\\\/terreatribord.bzh\\\/blog\\\/#website\",\"url\":\"https:\\\/\\\/terreatribord.bzh\\\/blog\\\/\",\"name\":\"Terre \u00e0 Tribord !\",\"description\":\"Le blog qui met le cap sur la Bretagne.\",\"publisher\":{\"@id\":\"https:\\\/\\\/terreatribord.bzh\\\/blog\\\/#\\\/schema\\\/person\\\/799840395f3f8c1f423b7eac8cacc075\"},\"potentialAction\":[{\"@type\":\"SearchAction\",\"target\":{\"@type\":\"EntryPoint\",\"urlTemplate\":\"https:\\\/\\\/terreatribord.bzh\\\/blog\\\/?s={search_term_string}\"},\"query-input\":{\"@type\":\"PropertyValueSpecification\",\"valueRequired\":true,\"valueName\":\"search_term_string\"}}],\"inLanguage\":\"fr-FR\"},{\"@type\":[\"Person\",\"Organization\"],\"@id\":\"https:\\\/\\\/terreatribord.bzh\\\/blog\\\/#\\\/schema\\\/person\\\/799840395f3f8c1f423b7eac8cacc075\",\"name\":\"Charlotte\",\"image\":{\"@type\":\"ImageObject\",\"inLanguage\":\"fr-FR\",\"@id\":\"https:\\\/\\\/blog.terreatribord.bzh\\\/wp-content\\\/uploads\\\/2021\\\/08\\\/36825346_2456960194321511_447552153637093376_n.jpg\",\"url\":\"https:\\\/\\\/blog.terreatribord.bzh\\\/wp-content\\\/uploads\\\/2021\\\/08\\\/36825346_2456960194321511_447552153637093376_n.jpg\",\"contentUrl\":\"https:\\\/\\\/blog.terreatribord.bzh\\\/wp-content\\\/uploads\\\/2021\\\/08\\\/36825346_2456960194321511_447552153637093376_n.jpg\",\"width\":1462,\"height\":1462,\"caption\":\"Charlotte\"},\"logo\":{\"@id\":\"https:\\\/\\\/blog.terreatribord.bzh\\\/wp-content\\\/uploads\\\/2021\\\/08\\\/36825346_2456960194321511_447552153637093376_n.jpg\"},\"sameAs\":[\"https:\\\/\\\/blog.terreatribord.bzh\"]}]}<\/script>\n<!-- \/ Yoast SEO plugin. -->","yoast_head_json":{"title":"L'\u00cele de Br\u00e9hat - Terre \u00e0 Tribord !","description":"D\u00e9couvrez dans cet article l'\u00eele de Br\u00e9hat au large de Paimpol dans les C\u00f4tes d'Armor en Bretagne et comment la visiter.","robots":{"index":"index","follow":"follow","max-snippet":"max-snippet:-1","max-image-preview":"max-image-preview:large","max-video-preview":"max-video-preview:-1"},"canonical":"https:\/\/terreatribord.bzh\/blog\/2023\/01\/15\/lile-de-brehat\/","og_locale":"fr_FR","og_type":"article","og_title":"D\u00e9couvrez l'\u00eele de Br\u00e9hat","og_description":"D\u00e9couvrez dans cet article l'\u00eele de Br\u00e9hat au large de Paimpol dans les C\u00f4tes d'Armor en Bretagne et comment la visiter.","og_url":"https:\/\/terreatribord.bzh\/blog\/2023\/01\/15\/lile-de-brehat\/","og_site_name":"Terre \u00e0 Tribord !","article_published_time":"2023-01-15T13:58:55+00:00","article_modified_time":"2025-04-26T16:00:36+00:00","og_image":[{"width":800,"height":533,"url":"https:\/\/terreatribord.bzh\/blog\/wp-content\/uploads\/2022\/06\/plage-brehat.jpg","type":"image\/jpeg"}],"author":"Charlotte","twitter_card":"summary_large_image","twitter_misc":{"\u00c9crit par":"Charlotte","Dur\u00e9e de lecture estim\u00e9e":"5 minutes"},"schema":{"@context":"https:\/\/schema.org","@graph":[{"@type":"Article","@id":"https:\/\/terreatribord.bzh\/blog\/2023\/01\/15\/lile-de-brehat\/#article","isPartOf":{"@id":"https:\/\/terreatribord.bzh\/blog\/2023\/01\/15\/lile-de-brehat\/"},"author":{"name":"Charlotte","@id":"https:\/\/terreatribord.bzh\/blog\/#\/schema\/person\/799840395f3f8c1f423b7eac8cacc075"},"headline":"L&rsquo;\u00cele de Br\u00e9hat","datePublished":"2023-01-15T13:58:55+00:00","dateModified":"2025-04-26T16:00:36+00:00","mainEntityOfPage":{"@id":"https:\/\/terreatribord.bzh\/blog\/2023\/01\/15\/lile-de-brehat\/"},"wordCount":859,"publisher":{"@id":"https:\/\/terreatribord.bzh\/blog\/#\/schema\/person\/799840395f3f8c1f423b7eac8cacc075"},"image":{"@id":"https:\/\/terreatribord.bzh\/blog\/2023\/01\/15\/lile-de-brehat\/#primaryimage"},"thumbnailUrl":"https:\/\/terreatribord.bzh\/blog\/wp-content\/uploads\/2022\/06\/brehat.jpg","keywords":["Balade","famille","Mer","Nature","Patrimoine historique"],"articleSection":["Activit\u00e9s"],"inLanguage":"fr-FR"},{"@type":"WebPage","@id":"https:\/\/terreatribord.bzh\/blog\/2023\/01\/15\/lile-de-brehat\/","url":"https:\/\/terreatribord.bzh\/blog\/2023\/01\/15\/lile-de-brehat\/","name":"L'\u00cele de Br\u00e9hat - Terre \u00e0 Tribord !","isPartOf":{"@id":"https:\/\/terreatribord.bzh\/blog\/#website"},"primaryImageOfPage":{"@id":"https:\/\/terreatribord.bzh\/blog\/2023\/01\/15\/lile-de-brehat\/#primaryimage"},"image":{"@id":"https:\/\/terreatribord.bzh\/blog\/2023\/01\/15\/lile-de-brehat\/#primaryimage"},"thumbnailUrl":"https:\/\/terreatribord.bzh\/blog\/wp-content\/uploads\/2022\/06\/brehat.jpg","datePublished":"2023-01-15T13:58:55+00:00","dateModified":"2025-04-26T16:00:36+00:00","description":"D\u00e9couvrez dans cet article l'\u00eele de Br\u00e9hat au large de Paimpol dans les C\u00f4tes d'Armor en Bretagne et comment la visiter.","breadcrumb":{"@id":"https:\/\/terreatribord.bzh\/blog\/2023\/01\/15\/lile-de-brehat\/#breadcrumb"},"inLanguage":"fr-FR","potentialAction":[{"@type":"ReadAction","target":["https:\/\/terreatribord.bzh\/blog\/2023\/01\/15\/lile-de-brehat\/"]}]},{"@type":"ImageObject","inLanguage":"fr-FR","@id":"https:\/\/terreatribord.bzh\/blog\/2023\/01\/15\/lile-de-brehat\/#primaryimage","url":"https:\/\/terreatribord.bzh\/blog\/wp-content\/uploads\/2022\/06\/brehat.jpg","contentUrl":"https:\/\/terreatribord.bzh\/blog\/wp-content\/uploads\/2022\/06\/brehat.jpg","width":1280,"height":962,"caption":"l'\u00eele de br\u00e9hat c\u00f4tes d'armor bretagne"},{"@type":"BreadcrumbList","@id":"https:\/\/terreatribord.bzh\/blog\/2023\/01\/15\/lile-de-brehat\/#breadcrumb","itemListElement":[{"@type":"ListItem","position":1,"name":"Accueil","item":"https:\/\/terreatribord.bzh\/blog\/"},{"@type":"ListItem","position":2,"name":"L&rsquo;\u00cele de Br\u00e9hat"}]},{"@type":"WebSite","@id":"https:\/\/terreatribord.bzh\/blog\/#website","url":"https:\/\/terreatribord.bzh\/blog\/","name":"Terre \u00e0 Tribord !","description":"Le blog qui met le cap sur la Bretagne.","publisher":{"@id":"https:\/\/terreatribord.bzh\/blog\/#\/schema\/person\/799840395f3f8c1f423b7eac8cacc075"},"potentialAction":[{"@type":"SearchAction","target":{"@type":"EntryPoint","urlTemplate":"https:\/\/terreatribord.bzh\/blog\/?s={search_term_string}"},"query-input":{"@type":"PropertyValueSpecification","valueRequired":true,"valueName":"search_term_string"}}],"inLanguage":"fr-FR"},{"@type":["Person","Organization"],"@id":"https:\/\/terreatribord.bzh\/blog\/#\/schema\/person\/799840395f3f8c1f423b7eac8cacc075","name":"Charlotte","image":{"@type":"ImageObject","inLanguage":"fr-FR","@id":"https:\/\/blog.terreatribord.bzh\/wp-content\/uploads\/2021\/08\/36825346_2456960194321511_447552153637093376_n.jpg","url":"https:\/\/blog.terreatribord.bzh\/wp-content\/uploads\/2021\/08\/36825346_2456960194321511_447552153637093376_n.jpg","contentUrl":"https:\/\/blog.terreatribord.bzh\/wp-content\/uploads\/2021\/08\/36825346_2456960194321511_447552153637093376_n.jpg","width":1462,"height":1462,"caption":"Charlotte"},"logo":{"@id":"https:\/\/blog.terreatribord.bzh\/wp-content\/uploads\/2021\/08\/36825346_2456960194321511_447552153637093376_n.jpg"},"sameAs":["https:\/\/blog.terreatribord.bzh"]}]}},"_links":{"self":[{"href":"https:\/\/terreatribord.bzh\/blog\/wp-json\/wp\/v2\/posts\/529","targetHints":{"allow":["GET"]}}],"collection":[{"href":"https:\/\/terreatribord.bzh\/blog\/wp-json\/wp\/v2\/posts"}],"about":[{"href":"https:\/\/terreatribord.bzh\/blog\/wp-json\/wp\/v2\/types\/post"}],"author":[{"embeddable":true,"href":"https:\/\/terreatribord.bzh\/blog\/wp-json\/wp\/v2\/users\/1"}],"replies":[{"embeddable":true,"href":"https:\/\/terreatribord.bzh\/blog\/wp-json\/wp\/v2\/comments?post=529"}],"version-history":[{"count":14,"href":"https:\/\/terreatribord.bzh\/blog\/wp-json\/wp\/v2\/posts\/529\/revisions"}],"predecessor-version":[{"id":853,"href":"https:\/\/terreatribord.bzh\/blog\/wp-json\/wp\/v2\/posts\/529\/revisions\/853"}],"wp:featuredmedia":[{"embeddable":true,"href":"https:\/\/terreatribord.bzh\/blog\/wp-json\/wp\/v2\/media\/437"}],"wp:attachment":[{"href":"https:\/\/terreatribord.bzh\/blog\/wp-json\/wp\/v2\/media?parent=529"}],"wp:term":[{"taxonomy":"category","embeddable":true,"href":"https:\/\/terreatribord.bzh\/blog\/wp-json\/wp\/v2\/categories?post=529"},{"taxonomy":"post_tag","embeddable":true,"href":"https:\/\/terreatribord.bzh\/blog\/wp-json\/wp\/v2\/tags?post=529"}],"curies":[{"name":"wp","href":"https:\/\/api.w.org\/{rel}","templated":true}]}}