{"id":554,"date":"2023-05-15T15:00:45","date_gmt":"2023-05-15T13:00:45","guid":{"rendered":"https:\/\/terreatribord.bzh\/blog\/?p=554"},"modified":"2025-05-01T22:31:13","modified_gmt":"2025-05-01T20:31:13","slug":"les-specialites-bretonnes","status":"publish","type":"post","link":"https:\/\/terreatribord.bzh\/blog\/2023\/05\/15\/les-specialites-bretonnes\/","title":{"rendered":"Les sp\u00e9cialit\u00e9s bretonnes"},"content":{"rendered":"\n<p>De l\u2019entr\u00e9e au dessert, sal\u00e9 ou sucr\u00e9, la <strong><a href=\"https:\/\/terreatribord.bzh\/blog\/2021\/09\/12\/la-bretagne\/\">Bretagne<\/a><\/strong> regorge de <strong>sp\u00e9cialit\u00e9s culinaires<\/strong>. Quoi de mieux que de profiter des vacances pour go\u00fbter aux sp\u00e9cialit\u00e9s bretonnes&nbsp;!<\/p>\n\n\n\n<!--more-->\n\n\n\n<h2 class=\"wp-block-heading has-text-align-center\">Les palmiers de Tr\u00e9l\u00e9vern<\/h2>\n\n\n<div class=\"wp-block-image\">\n<figure class=\"aligncenter size-large\"><img loading=\"lazy\" decoding=\"async\" width=\"768\" height=\"1024\" src=\"https:\/\/terreatribord.bzh\/blog\/wp-content\/uploads\/2023\/11\/palmiers-768x1024.jpg\" alt=\"les palmiers de Tr\u00e9l\u00e9vern\" class=\"wp-image-620\" srcset=\"https:\/\/terreatribord.bzh\/blog\/wp-content\/uploads\/2023\/11\/palmiers-768x1024.jpg 768w, https:\/\/terreatribord.bzh\/blog\/wp-content\/uploads\/2023\/11\/palmiers-225x300.jpg 225w, https:\/\/terreatribord.bzh\/blog\/wp-content\/uploads\/2023\/11\/palmiers-1152x1536.jpg 1152w, https:\/\/terreatribord.bzh\/blog\/wp-content\/uploads\/2023\/11\/palmiers-1536x2048.jpg 1536w, https:\/\/terreatribord.bzh\/blog\/wp-content\/uploads\/2023\/11\/palmiers-676x901.jpg 676w, https:\/\/terreatribord.bzh\/blog\/wp-content\/uploads\/2023\/11\/palmiers-scaled.jpg 1920w\" sizes=\"auto, (max-width: 768px) 100vw, 768px\" \/><figcaption class=\"wp-element-caption\">les palmiers de Tr\u00e9l\u00e9vern<\/figcaption><\/figure>\n<\/div>\n\n\n<p>La sp\u00e9cialit\u00e9 de notre village, <a href=\"https:\/\/terreatribord.bzh\/blog\/2024\/06\/15\/trelevern-le-joyau-cache-de-la-cote-de-granit-rose\/\">Tr\u00e9l\u00e9vern<\/a>, a gagn\u00e9 de nombreux concours nationaux. Vous pourrez les retrouver dans notre boulangerie.<\/p>\n\n\n\n<p>Un bon go\u00fbt de sucr\u00e9 breton \u2026 Ils sont d\u00e9licieux avec une tasse de th\u00e9 ou de caf\u00e9&nbsp;!<\/p>\n\n\n\n<p><em>Pour l\u2019anecdote&nbsp;: La c\u00e9l\u00e9brit\u00e9 des palmiers tr\u00e9l\u00e9vernais a commenc\u00e9 lors du passage de M. Jean-Pierre Coffe \u00e0 la boulangerie. Il voulait go\u00fbter quelque chose et a choisi les palmiers, qu\u2019il a ador\u00e9 !<\/em><\/p>\n\n\n\n<h2 class=\"wp-block-heading has-text-align-center\">Les fruits de mer<\/h2>\n\n\n<div class=\"wp-block-image\">\n<figure class=\"aligncenter size-large\"><img loading=\"lazy\" decoding=\"async\" width=\"1024\" height=\"768\" src=\"https:\/\/terreatribord.bzh\/blog\/wp-content\/uploads\/2022\/01\/IMG_20210523_123148-1024x768.jpg\" alt=\"Fruits de mer Bretagne Terre \u00e0 Tribord\" class=\"wp-image-319\" srcset=\"https:\/\/terreatribord.bzh\/blog\/wp-content\/uploads\/2022\/01\/IMG_20210523_123148-1024x768.jpg 1024w, https:\/\/terreatribord.bzh\/blog\/wp-content\/uploads\/2022\/01\/IMG_20210523_123148-300x225.jpg 300w, https:\/\/terreatribord.bzh\/blog\/wp-content\/uploads\/2022\/01\/IMG_20210523_123148-768x576.jpg 768w, https:\/\/terreatribord.bzh\/blog\/wp-content\/uploads\/2022\/01\/IMG_20210523_123148-1536x1152.jpg 1536w, https:\/\/terreatribord.bzh\/blog\/wp-content\/uploads\/2022\/01\/IMG_20210523_123148-2048x1536.jpg 2048w, https:\/\/terreatribord.bzh\/blog\/wp-content\/uploads\/2022\/01\/IMG_20210523_123148-676x507.jpg 676w\" sizes=\"auto, (max-width: 1024px) 100vw, 1024px\" \/><figcaption class=\"wp-element-caption\">Les fruits de mer, une des sp\u00e9cialit\u00e9s bretonnes<\/figcaption><\/figure>\n<\/div>\n\n\n<p>Les coquillages et crustac\u00e9s sont des <strong>produits locaux<\/strong> par excellence&nbsp;! <\/p>\n\n\n\n<p>Par cons\u00e9quent, vous pourrez d\u00e9gustez des <strong>hu\u00eetres <\/strong>directement chez les producteurs ou bien commander des plateaux de fruits de mer dans les poissonneries compos\u00e9s d\u2019<strong>araign\u00e9es<\/strong>, de <strong>crevettes<\/strong>, de <strong>langoustines<\/strong>, de <strong>bigorneaux<\/strong> \u2026<\/p>\n\n\n\n<h2 class=\"wp-block-heading has-text-align-center\">Les galettes de bl\u00e9 noir<\/h2>\n\n\n\n<p><strong>Le plat embl\u00e9matique de la Bretagne&nbsp;!<\/strong> <\/p>\n\n\n\n<p>Compos\u00e9 avec de la farine de sarrasin, go\u00fbtez la traditionnelle \u00ab\u00a0compl\u00e8te\u00a0\u00bb ou une galette avec des produits locaux ou bien encore la galette saucisse \u00e0 emporter sur<a href=\"https:\/\/terreatribord.bzh\/blog\/2021\/11\/15\/jours-de-marches\/#more-263\"> l&rsquo;un des nombreux march\u00e9s<\/a> de Bretagne.<\/p>\n\n\n\n<h2 class=\"wp-block-heading has-text-align-center\">Les cr\u00eapes bretonnes<\/h2>\n\n\n<div class=\"wp-block-image\">\n<figure class=\"aligncenter size-large\"><img loading=\"lazy\" decoding=\"async\" width=\"768\" height=\"1024\" src=\"https:\/\/terreatribord.bzh\/blog\/wp-content\/uploads\/2023\/05\/crepes-768x1024.jpg\" alt=\"\" class=\"wp-image-556\" srcset=\"https:\/\/terreatribord.bzh\/blog\/wp-content\/uploads\/2023\/05\/crepes-768x1024.jpg 768w, https:\/\/terreatribord.bzh\/blog\/wp-content\/uploads\/2023\/05\/crepes-225x300.jpg 225w, https:\/\/terreatribord.bzh\/blog\/wp-content\/uploads\/2023\/05\/crepes-1152x1536.jpg 1152w, https:\/\/terreatribord.bzh\/blog\/wp-content\/uploads\/2023\/05\/crepes-1536x2048.jpg 1536w, https:\/\/terreatribord.bzh\/blog\/wp-content\/uploads\/2023\/05\/crepes-676x901.jpg 676w, https:\/\/terreatribord.bzh\/blog\/wp-content\/uploads\/2023\/05\/crepes-scaled.jpg 1920w\" sizes=\"auto, (max-width: 768px) 100vw, 768px\" \/><figcaption class=\"wp-element-caption\">Les cr\u00eapes bretonnes<\/figcaption><\/figure>\n<\/div>\n\n\n<p>Ce dessert breton a conquis le monde ! <\/p>\n\n\n\n<p>Cependant, les meilleures cr\u00eapes sont faites en Bretagne. Avec du <strong>caramel au beurre sal\u00e9<\/strong>, c&rsquo;est un vrai r\u00e9gal&nbsp;(encore une autre sp\u00e9cialit\u00e9 bretonne !).<\/p>\n\n\n\n<h2 class=\"wp-block-heading has-text-align-center\">Le Kouign Aman<\/h2>\n\n\n\n<p><strong>La p\u00e2tisserie la plus connue de Bretagne&nbsp;! <\/strong><\/p>\n\n\n\n<p>Signifiant \u00ab\u00a0g\u00e2teau au beure\u00a0\u00bb, il est r\u00e9put\u00e9 pour son go\u00fbt ainsi que pour sa consistance. Il est d\u00e9licieux ti\u00e8de, avec une boule de glace \u00e0 votre parfum pr\u00e9f\u00e9r\u00e9.<\/p>\n\n\n\n<h2 class=\"wp-block-heading has-text-align-center\">Les autres produits de Bretagne<\/h2>\n\n\n<div class=\"wp-block-image\">\n<figure class=\"aligncenter size-large\"><img loading=\"lazy\" decoding=\"async\" width=\"768\" height=\"1024\" src=\"https:\/\/terreatribord.bzh\/blog\/wp-content\/uploads\/2023\/05\/cochon-768x1024.jpg\" alt=\"\" class=\"wp-image-557\" srcset=\"https:\/\/terreatribord.bzh\/blog\/wp-content\/uploads\/2023\/05\/cochon-768x1024.jpg 768w, https:\/\/terreatribord.bzh\/blog\/wp-content\/uploads\/2023\/05\/cochon-225x300.jpg 225w, https:\/\/terreatribord.bzh\/blog\/wp-content\/uploads\/2023\/05\/cochon-676x901.jpg 676w, https:\/\/terreatribord.bzh\/blog\/wp-content\/uploads\/2023\/05\/cochon.jpg 922w\" sizes=\"auto, (max-width: 768px) 100vw, 768px\" \/><figcaption class=\"wp-element-caption\">Les sp\u00e9cialit\u00e9s bretonnes sur les march\u00e9s de Bretagne<\/figcaption><\/figure>\n<\/div>\n\n\n<p>La <a href=\"https:\/\/terreatribord.bzh\/blog\/2021\/09\/12\/la-bretagne\/\">Bretagne<\/a>, c\u2019est aussi la r\u00e9gion&nbsp;:<\/p>\n\n\n\n<ul class=\"wp-block-list\">\n<li>Productrice de fruits et de l\u00e9gumes (comme par exemple les <strong>fraises de Plougastel<\/strong>, les <strong>artichauts<\/strong>, les <strong>choux-fleurs<\/strong>, les <strong>oignons ros\u00e9s de Roscoff<\/strong>, les <strong>tomates<\/strong>, ou encore les <strong>cocos de Paimpol<\/strong> \u2026 ),<\/li>\n\n\n\n<li>Productrice de charcuterie (dont l&rsquo;<strong>andouille de Gu\u00e9m\u00e9n\u00e9<\/strong>),<\/li>\n\n\n\n<li>Des produits frais de la mer (notamment le <strong>poisson<\/strong>, le <strong>homard<\/strong> ou encore les <a href=\"https:\/\/terreatribord.bzh\/blog\/2021\/10\/05\/recette-coquilles-saint-jacques\/\">coquilles Saint Jacques<\/a>),<\/li>\n\n\n\n<li>Du <strong>jus de pomme<\/strong> et du <strong>cidre<\/strong> (les cidreries <a href=\"https:\/\/bretagnecidrebio.com\/\" target=\"_blank\" rel=\"noreferrer noopener\">Tudker<\/a> \u00e0 Saint Quay Perros, <a href=\"http:\/\/www.cidre-fermier.com\/\" target=\"_blank\" rel=\"noreferrer noopener\">Kernivinen<\/a> \u00e0 Perros-Guirec, Prat Rouz \u00e0 Penv\u00e9nan ou encore la <a href=\"https:\/\/www.cidrebio.com\/\" target=\"_blank\" rel=\"noreferrer noopener\">cidrerie du L\u00e9guer<\/a> \u00e0 Lannion),<\/li>\n\n\n\n<li>Plusieurs micro-brasseries bretonnes (comme <a href=\"https:\/\/www.philomenn.fr\/\" target=\"_blank\" rel=\"noreferrer noopener\">Philomenn<\/a> \u00e0 Tr\u00e9guier, <a href=\"http:\/\/kerampont.com\/\" target=\"_blank\" rel=\"noreferrer noopener\">Kerampont<\/a> \u00e0 Lannion ou encore <a href=\"https:\/\/www.kanarfoll.com\/\" target=\"_blank\" rel=\"noreferrer noopener\">Kanarfoll<\/a> \u00e0 Perros-Guirec),<\/li>\n\n\n\n<li>\u2026<\/li>\n<\/ul>\n\n\n\n<p>Enfin, vous pourrez d\u00e9couvrir toutes ses sp\u00e9cialit\u00e9s bretonnes directement chez les producteurs, sur <a href=\"https:\/\/terreatribord.bzh\/blog\/2021\/11\/15\/jours-de-marches\/#more-263\">les march\u00e9s<\/a> ou dans les restaurants. <\/p>\n\n\n\n<h2 class=\"wp-block-heading has-text-align-center\">Les vacances en Bretagne<\/h2>\n\n\n\n<p>Une cr\u00eape au bord de l\u2019eau, un kouign amann au retour du march\u00e9, des coquilles Saint-Jacques cuisin\u00e9es le soir\u2026 Go\u00fbter \u00e0 la Bretagne, c\u2019est aussi la vivre pleinement.<\/p>\n\n\n\n<p>Et si vous veniez poser vos valises \u00e0 Tr\u00e9l\u00e9vern ?<br>\ud83d\udc49 <a class=\"\" href=\"https:\/\/terreatribord.bzh\/tyGwenn\/\">Ty Gwenn<\/a> \u2013 maison avec vue sur la mer, balcon pour les repas au soleil<br>\ud83d\udc49 <a class=\"\" href=\"https:\/\/terreatribord.bzh\/tyGlaz\/\">Ty Glaz<\/a> \u2013 cocon en bois avec jardin, proche du sentier c\u00f4tier<\/p>\n","protected":false},"excerpt":{"rendered":"<p>De l\u2019entr\u00e9e au dessert, sal\u00e9 ou sucr\u00e9, la Bretagne regorge de sp\u00e9cialit\u00e9s culinaires. Quoi de mieux que de profiter des vacances pour go\u00fbter aux sp\u00e9cialit\u00e9s bretonnes&nbsp;!<\/p>\n","protected":false},"author":1,"featured_media":562,"comment_status":"closed","ping_status":"closed","sticky":false,"template":"","format":"standard","meta":{"footnotes":""},"categories":[10],"tags":[17,18,16],"class_list":["post-554","post","type-post","status-publish","format-standard","has-post-thumbnail","hentry","category-gastronomie","tag-produits-du-terroir","tag-traditions-bretonnes","tag-ville","post-preview"],"yoast_head":"<!-- This site is optimized with the Yoast SEO plugin v27.5 - https:\/\/yoast.com\/product\/yoast-seo-wordpress\/ -->\n<title>Les sp\u00e9cialit\u00e9s bretonnes - Terre \u00e0 Tribord !<\/title>\n<meta name=\"description\" content=\"D\u00e9couvrez dans cet article les sp\u00e9cialit\u00e9s bretonnes que je vous conseille de go\u00fbter pendant vos vacances en Bretagne.\" \/>\n<meta name=\"robots\" content=\"index, follow, max-snippet:-1, max-image-preview:large, max-video-preview:-1\" \/>\n<link rel=\"canonical\" href=\"https:\/\/terreatribord.bzh\/blog\/2023\/05\/15\/les-specialites-bretonnes\/\" \/>\n<meta property=\"og:locale\" content=\"fr_FR\" \/>\n<meta property=\"og:type\" content=\"article\" \/>\n<meta property=\"og:title\" content=\"D\u00e9couvrez les sp\u00e9cialit\u00e9s bretonnes\" \/>\n<meta property=\"og:description\" content=\"D\u00e9couvrez dans cet article les sp\u00e9cialit\u00e9s bretonnes que je vous conseille de go\u00fbter pendant vos vacances en Bretagne.\" \/>\n<meta property=\"og:url\" content=\"https:\/\/terreatribord.bzh\/blog\/2023\/05\/15\/les-specialites-bretonnes\/\" \/>\n<meta property=\"og:site_name\" content=\"Terre \u00e0 Tribord !\" \/>\n<meta property=\"article:published_time\" content=\"2023-05-15T13:00:45+00:00\" \/>\n<meta property=\"article:modified_time\" content=\"2025-05-01T20:31:13+00:00\" \/>\n<meta property=\"og:image\" content=\"https:\/\/terreatribord.bzh\/blog\/wp-content\/uploads\/2023\/05\/cochon.jpg\" \/>\n\t<meta property=\"og:image:width\" content=\"922\" \/>\n\t<meta property=\"og:image:height\" content=\"1229\" \/>\n\t<meta property=\"og:image:type\" content=\"image\/jpeg\" \/>\n<meta name=\"author\" content=\"Charlotte\" \/>\n<meta name=\"twitter:card\" content=\"summary_large_image\" \/>\n<meta name=\"twitter:label1\" content=\"\u00c9crit par\" \/>\n\t<meta name=\"twitter:data1\" content=\"Charlotte\" \/>\n\t<meta name=\"twitter:label2\" content=\"Dur\u00e9e de lecture estim\u00e9e\" \/>\n\t<meta name=\"twitter:data2\" content=\"4 minutes\" \/>\n<script type=\"application\/ld+json\" class=\"yoast-schema-graph\">{\"@context\":\"https:\\\/\\\/schema.org\",\"@graph\":[{\"@type\":\"Article\",\"@id\":\"https:\\\/\\\/terreatribord.bzh\\\/blog\\\/2023\\\/05\\\/15\\\/les-specialites-bretonnes\\\/#article\",\"isPartOf\":{\"@id\":\"https:\\\/\\\/terreatribord.bzh\\\/blog\\\/2023\\\/05\\\/15\\\/les-specialites-bretonnes\\\/\"},\"author\":{\"name\":\"Charlotte\",\"@id\":\"https:\\\/\\\/terreatribord.bzh\\\/blog\\\/#\\\/schema\\\/person\\\/799840395f3f8c1f423b7eac8cacc075\"},\"headline\":\"Les sp\u00e9cialit\u00e9s bretonnes\",\"datePublished\":\"2023-05-15T13:00:45+00:00\",\"dateModified\":\"2025-05-01T20:31:13+00:00\",\"mainEntityOfPage\":{\"@id\":\"https:\\\/\\\/terreatribord.bzh\\\/blog\\\/2023\\\/05\\\/15\\\/les-specialites-bretonnes\\\/\"},\"wordCount\":549,\"publisher\":{\"@id\":\"https:\\\/\\\/terreatribord.bzh\\\/blog\\\/#\\\/schema\\\/person\\\/799840395f3f8c1f423b7eac8cacc075\"},\"image\":{\"@id\":\"https:\\\/\\\/terreatribord.bzh\\\/blog\\\/2023\\\/05\\\/15\\\/les-specialites-bretonnes\\\/#primaryimage\"},\"thumbnailUrl\":\"https:\\\/\\\/terreatribord.bzh\\\/blog\\\/wp-content\\\/uploads\\\/2023\\\/05\\\/fraises.jpg\",\"keywords\":[\"Produits du terroir\",\"Traditions bretonnes\",\"Ville\"],\"articleSection\":[\"Gastronomie\"],\"inLanguage\":\"fr-FR\"},{\"@type\":\"WebPage\",\"@id\":\"https:\\\/\\\/terreatribord.bzh\\\/blog\\\/2023\\\/05\\\/15\\\/les-specialites-bretonnes\\\/\",\"url\":\"https:\\\/\\\/terreatribord.bzh\\\/blog\\\/2023\\\/05\\\/15\\\/les-specialites-bretonnes\\\/\",\"name\":\"Les sp\u00e9cialit\u00e9s bretonnes - Terre \u00e0 Tribord !\",\"isPartOf\":{\"@id\":\"https:\\\/\\\/terreatribord.bzh\\\/blog\\\/#website\"},\"primaryImageOfPage\":{\"@id\":\"https:\\\/\\\/terreatribord.bzh\\\/blog\\\/2023\\\/05\\\/15\\\/les-specialites-bretonnes\\\/#primaryimage\"},\"image\":{\"@id\":\"https:\\\/\\\/terreatribord.bzh\\\/blog\\\/2023\\\/05\\\/15\\\/les-specialites-bretonnes\\\/#primaryimage\"},\"thumbnailUrl\":\"https:\\\/\\\/terreatribord.bzh\\\/blog\\\/wp-content\\\/uploads\\\/2023\\\/05\\\/fraises.jpg\",\"datePublished\":\"2023-05-15T13:00:45+00:00\",\"dateModified\":\"2025-05-01T20:31:13+00:00\",\"description\":\"D\u00e9couvrez dans cet article les sp\u00e9cialit\u00e9s bretonnes que je vous conseille de go\u00fbter pendant vos vacances en Bretagne.\",\"breadcrumb\":{\"@id\":\"https:\\\/\\\/terreatribord.bzh\\\/blog\\\/2023\\\/05\\\/15\\\/les-specialites-bretonnes\\\/#breadcrumb\"},\"inLanguage\":\"fr-FR\",\"potentialAction\":[{\"@type\":\"ReadAction\",\"target\":[\"https:\\\/\\\/terreatribord.bzh\\\/blog\\\/2023\\\/05\\\/15\\\/les-specialites-bretonnes\\\/\"]}]},{\"@type\":\"ImageObject\",\"inLanguage\":\"fr-FR\",\"@id\":\"https:\\\/\\\/terreatribord.bzh\\\/blog\\\/2023\\\/05\\\/15\\\/les-specialites-bretonnes\\\/#primaryimage\",\"url\":\"https:\\\/\\\/terreatribord.bzh\\\/blog\\\/wp-content\\\/uploads\\\/2023\\\/05\\\/fraises.jpg\",\"contentUrl\":\"https:\\\/\\\/terreatribord.bzh\\\/blog\\\/wp-content\\\/uploads\\\/2023\\\/05\\\/fraises.jpg\",\"width\":1166,\"height\":1554,\"caption\":\"fraises march\u00e9 bretagne\"},{\"@type\":\"BreadcrumbList\",\"@id\":\"https:\\\/\\\/terreatribord.bzh\\\/blog\\\/2023\\\/05\\\/15\\\/les-specialites-bretonnes\\\/#breadcrumb\",\"itemListElement\":[{\"@type\":\"ListItem\",\"position\":1,\"name\":\"Accueil\",\"item\":\"https:\\\/\\\/terreatribord.bzh\\\/blog\\\/\"},{\"@type\":\"ListItem\",\"position\":2,\"name\":\"Les sp\u00e9cialit\u00e9s bretonnes\"}]},{\"@type\":\"WebSite\",\"@id\":\"https:\\\/\\\/terreatribord.bzh\\\/blog\\\/#website\",\"url\":\"https:\\\/\\\/terreatribord.bzh\\\/blog\\\/\",\"name\":\"Terre \u00e0 Tribord !\",\"description\":\"Le blog qui met le cap sur la Bretagne.\",\"publisher\":{\"@id\":\"https:\\\/\\\/terreatribord.bzh\\\/blog\\\/#\\\/schema\\\/person\\\/799840395f3f8c1f423b7eac8cacc075\"},\"potentialAction\":[{\"@type\":\"SearchAction\",\"target\":{\"@type\":\"EntryPoint\",\"urlTemplate\":\"https:\\\/\\\/terreatribord.bzh\\\/blog\\\/?s={search_term_string}\"},\"query-input\":{\"@type\":\"PropertyValueSpecification\",\"valueRequired\":true,\"valueName\":\"search_term_string\"}}],\"inLanguage\":\"fr-FR\"},{\"@type\":[\"Person\",\"Organization\"],\"@id\":\"https:\\\/\\\/terreatribord.bzh\\\/blog\\\/#\\\/schema\\\/person\\\/799840395f3f8c1f423b7eac8cacc075\",\"name\":\"Charlotte\",\"image\":{\"@type\":\"ImageObject\",\"inLanguage\":\"fr-FR\",\"@id\":\"https:\\\/\\\/blog.terreatribord.bzh\\\/wp-content\\\/uploads\\\/2021\\\/08\\\/36825346_2456960194321511_447552153637093376_n.jpg\",\"url\":\"https:\\\/\\\/blog.terreatribord.bzh\\\/wp-content\\\/uploads\\\/2021\\\/08\\\/36825346_2456960194321511_447552153637093376_n.jpg\",\"contentUrl\":\"https:\\\/\\\/blog.terreatribord.bzh\\\/wp-content\\\/uploads\\\/2021\\\/08\\\/36825346_2456960194321511_447552153637093376_n.jpg\",\"width\":1462,\"height\":1462,\"caption\":\"Charlotte\"},\"logo\":{\"@id\":\"https:\\\/\\\/blog.terreatribord.bzh\\\/wp-content\\\/uploads\\\/2021\\\/08\\\/36825346_2456960194321511_447552153637093376_n.jpg\"},\"sameAs\":[\"https:\\\/\\\/blog.terreatribord.bzh\"]}]}<\/script>\n<!-- \/ Yoast SEO plugin. -->","yoast_head_json":{"title":"Les sp\u00e9cialit\u00e9s bretonnes - Terre \u00e0 Tribord !","description":"D\u00e9couvrez dans cet article les sp\u00e9cialit\u00e9s bretonnes que je vous conseille de go\u00fbter pendant vos vacances en Bretagne.","robots":{"index":"index","follow":"follow","max-snippet":"max-snippet:-1","max-image-preview":"max-image-preview:large","max-video-preview":"max-video-preview:-1"},"canonical":"https:\/\/terreatribord.bzh\/blog\/2023\/05\/15\/les-specialites-bretonnes\/","og_locale":"fr_FR","og_type":"article","og_title":"D\u00e9couvrez les sp\u00e9cialit\u00e9s bretonnes","og_description":"D\u00e9couvrez dans cet article les sp\u00e9cialit\u00e9s bretonnes que je vous conseille de go\u00fbter pendant vos vacances en Bretagne.","og_url":"https:\/\/terreatribord.bzh\/blog\/2023\/05\/15\/les-specialites-bretonnes\/","og_site_name":"Terre \u00e0 Tribord !","article_published_time":"2023-05-15T13:00:45+00:00","article_modified_time":"2025-05-01T20:31:13+00:00","og_image":[{"width":922,"height":1229,"url":"https:\/\/terreatribord.bzh\/blog\/wp-content\/uploads\/2023\/05\/cochon.jpg","type":"image\/jpeg"}],"author":"Charlotte","twitter_card":"summary_large_image","twitter_misc":{"\u00c9crit par":"Charlotte","Dur\u00e9e de lecture estim\u00e9e":"4 minutes"},"schema":{"@context":"https:\/\/schema.org","@graph":[{"@type":"Article","@id":"https:\/\/terreatribord.bzh\/blog\/2023\/05\/15\/les-specialites-bretonnes\/#article","isPartOf":{"@id":"https:\/\/terreatribord.bzh\/blog\/2023\/05\/15\/les-specialites-bretonnes\/"},"author":{"name":"Charlotte","@id":"https:\/\/terreatribord.bzh\/blog\/#\/schema\/person\/799840395f3f8c1f423b7eac8cacc075"},"headline":"Les sp\u00e9cialit\u00e9s bretonnes","datePublished":"2023-05-15T13:00:45+00:00","dateModified":"2025-05-01T20:31:13+00:00","mainEntityOfPage":{"@id":"https:\/\/terreatribord.bzh\/blog\/2023\/05\/15\/les-specialites-bretonnes\/"},"wordCount":549,"publisher":{"@id":"https:\/\/terreatribord.bzh\/blog\/#\/schema\/person\/799840395f3f8c1f423b7eac8cacc075"},"image":{"@id":"https:\/\/terreatribord.bzh\/blog\/2023\/05\/15\/les-specialites-bretonnes\/#primaryimage"},"thumbnailUrl":"https:\/\/terreatribord.bzh\/blog\/wp-content\/uploads\/2023\/05\/fraises.jpg","keywords":["Produits du terroir","Traditions bretonnes","Ville"],"articleSection":["Gastronomie"],"inLanguage":"fr-FR"},{"@type":"WebPage","@id":"https:\/\/terreatribord.bzh\/blog\/2023\/05\/15\/les-specialites-bretonnes\/","url":"https:\/\/terreatribord.bzh\/blog\/2023\/05\/15\/les-specialites-bretonnes\/","name":"Les sp\u00e9cialit\u00e9s bretonnes - Terre \u00e0 Tribord !","isPartOf":{"@id":"https:\/\/terreatribord.bzh\/blog\/#website"},"primaryImageOfPage":{"@id":"https:\/\/terreatribord.bzh\/blog\/2023\/05\/15\/les-specialites-bretonnes\/#primaryimage"},"image":{"@id":"https:\/\/terreatribord.bzh\/blog\/2023\/05\/15\/les-specialites-bretonnes\/#primaryimage"},"thumbnailUrl":"https:\/\/terreatribord.bzh\/blog\/wp-content\/uploads\/2023\/05\/fraises.jpg","datePublished":"2023-05-15T13:00:45+00:00","dateModified":"2025-05-01T20:31:13+00:00","description":"D\u00e9couvrez dans cet article les sp\u00e9cialit\u00e9s bretonnes que je vous conseille de go\u00fbter pendant vos vacances en Bretagne.","breadcrumb":{"@id":"https:\/\/terreatribord.bzh\/blog\/2023\/05\/15\/les-specialites-bretonnes\/#breadcrumb"},"inLanguage":"fr-FR","potentialAction":[{"@type":"ReadAction","target":["https:\/\/terreatribord.bzh\/blog\/2023\/05\/15\/les-specialites-bretonnes\/"]}]},{"@type":"ImageObject","inLanguage":"fr-FR","@id":"https:\/\/terreatribord.bzh\/blog\/2023\/05\/15\/les-specialites-bretonnes\/#primaryimage","url":"https:\/\/terreatribord.bzh\/blog\/wp-content\/uploads\/2023\/05\/fraises.jpg","contentUrl":"https:\/\/terreatribord.bzh\/blog\/wp-content\/uploads\/2023\/05\/fraises.jpg","width":1166,"height":1554,"caption":"fraises march\u00e9 bretagne"},{"@type":"BreadcrumbList","@id":"https:\/\/terreatribord.bzh\/blog\/2023\/05\/15\/les-specialites-bretonnes\/#breadcrumb","itemListElement":[{"@type":"ListItem","position":1,"name":"Accueil","item":"https:\/\/terreatribord.bzh\/blog\/"},{"@type":"ListItem","position":2,"name":"Les sp\u00e9cialit\u00e9s bretonnes"}]},{"@type":"WebSite","@id":"https:\/\/terreatribord.bzh\/blog\/#website","url":"https:\/\/terreatribord.bzh\/blog\/","name":"Terre \u00e0 Tribord !","description":"Le blog qui met le cap sur la Bretagne.","publisher":{"@id":"https:\/\/terreatribord.bzh\/blog\/#\/schema\/person\/799840395f3f8c1f423b7eac8cacc075"},"potentialAction":[{"@type":"SearchAction","target":{"@type":"EntryPoint","urlTemplate":"https:\/\/terreatribord.bzh\/blog\/?s={search_term_string}"},"query-input":{"@type":"PropertyValueSpecification","valueRequired":true,"valueName":"search_term_string"}}],"inLanguage":"fr-FR"},{"@type":["Person","Organization"],"@id":"https:\/\/terreatribord.bzh\/blog\/#\/schema\/person\/799840395f3f8c1f423b7eac8cacc075","name":"Charlotte","image":{"@type":"ImageObject","inLanguage":"fr-FR","@id":"https:\/\/blog.terreatribord.bzh\/wp-content\/uploads\/2021\/08\/36825346_2456960194321511_447552153637093376_n.jpg","url":"https:\/\/blog.terreatribord.bzh\/wp-content\/uploads\/2021\/08\/36825346_2456960194321511_447552153637093376_n.jpg","contentUrl":"https:\/\/blog.terreatribord.bzh\/wp-content\/uploads\/2021\/08\/36825346_2456960194321511_447552153637093376_n.jpg","width":1462,"height":1462,"caption":"Charlotte"},"logo":{"@id":"https:\/\/blog.terreatribord.bzh\/wp-content\/uploads\/2021\/08\/36825346_2456960194321511_447552153637093376_n.jpg"},"sameAs":["https:\/\/blog.terreatribord.bzh"]}]}},"_links":{"self":[{"href":"https:\/\/terreatribord.bzh\/blog\/wp-json\/wp\/v2\/posts\/554","targetHints":{"allow":["GET"]}}],"collection":[{"href":"https:\/\/terreatribord.bzh\/blog\/wp-json\/wp\/v2\/posts"}],"about":[{"href":"https:\/\/terreatribord.bzh\/blog\/wp-json\/wp\/v2\/types\/post"}],"author":[{"embeddable":true,"href":"https:\/\/terreatribord.bzh\/blog\/wp-json\/wp\/v2\/users\/1"}],"replies":[{"embeddable":true,"href":"https:\/\/terreatribord.bzh\/blog\/wp-json\/wp\/v2\/comments?post=554"}],"version-history":[{"count":12,"href":"https:\/\/terreatribord.bzh\/blog\/wp-json\/wp\/v2\/posts\/554\/revisions"}],"predecessor-version":[{"id":854,"href":"https:\/\/terreatribord.bzh\/blog\/wp-json\/wp\/v2\/posts\/554\/revisions\/854"}],"wp:featuredmedia":[{"embeddable":true,"href":"https:\/\/terreatribord.bzh\/blog\/wp-json\/wp\/v2\/media\/562"}],"wp:attachment":[{"href":"https:\/\/terreatribord.bzh\/blog\/wp-json\/wp\/v2\/media?parent=554"}],"wp:term":[{"taxonomy":"category","embeddable":true,"href":"https:\/\/terreatribord.bzh\/blog\/wp-json\/wp\/v2\/categories?post=554"},{"taxonomy":"post_tag","embeddable":true,"href":"https:\/\/terreatribord.bzh\/blog\/wp-json\/wp\/v2\/tags?post=554"}],"curies":[{"name":"wp","href":"https:\/\/api.w.org\/{rel}","templated":true}]}}