{"id":577,"date":"2023-07-15T15:00:08","date_gmt":"2023-07-15T13:00:08","guid":{"rendered":"https:\/\/terreatribord.bzh\/blog\/?p=577"},"modified":"2025-10-14T22:18:21","modified_gmt":"2025-10-14T20:18:21","slug":"la-douceur-de-l-automne-en-bretagne","status":"publish","type":"post","link":"https:\/\/terreatribord.bzh\/blog\/2023\/07\/15\/la-douceur-de-l-automne-en-bretagne\/","title":{"rendered":"Un automne en Bretagne et sa douceur"},"content":{"rendered":"\n<p><strong>Partir en vacances en <a href=\"https:\/\/terreatribord.bzh\/blog\/2021\/09\/12\/la-bretagne\/\">Bretagne <\/a>en automne<\/strong> est toujours une bonne id\u00e9e !<\/p>\n\n\n\n<p>En septembre, octobre ou m\u00eame d\u00e9but novembre, la r\u00e9gion d\u00e9voile un tout autre visage : temp\u00e9ratures encore douces, lumi\u00e8re dor\u00e9e, sites naturels plus calmes\u2026 <\/p>\n\n\n\n<p>L\u2019automne est une saison id\u00e9ale pour <strong>d\u00e9couvrir la Bretagne autrement<\/strong>.<br>Le climat breton, doucement temp\u00e9r\u00e9 par la mer, offre de belles journ\u00e9es automnales, parfaites pour se ressourcer.<\/p>\n\n\n\n<p>Voici&nbsp;<strong>mes id\u00e9es pour savoir que faire en Bretagne <\/strong>\u00e0 l&rsquo;automne, que vous veniez en famille, en couple ou en solo.<\/p>\n\n\n\n<!--more-->\n\n\n\n<h2 class=\"wp-block-heading has-text-align-center\">L\u2019\u00e9t\u00e9 indien en Bretagne<\/h2>\n\n\n<div class=\"wp-block-image\">\n<figure class=\"aligncenter size-large\"><img loading=\"lazy\" decoding=\"async\" width=\"1024\" height=\"683\" src=\"https:\/\/terreatribord.bzh\/blog\/wp-content\/uploads\/2023\/07\/IMG_20220617_104427-1-1024x683.jpg\" alt=\"\" class=\"wp-image-584\" srcset=\"https:\/\/terreatribord.bzh\/blog\/wp-content\/uploads\/2023\/07\/IMG_20220617_104427-1-1024x683.jpg 1024w, https:\/\/terreatribord.bzh\/blog\/wp-content\/uploads\/2023\/07\/IMG_20220617_104427-1-300x200.jpg 300w, https:\/\/terreatribord.bzh\/blog\/wp-content\/uploads\/2023\/07\/IMG_20220617_104427-1-768x512.jpg 768w, https:\/\/terreatribord.bzh\/blog\/wp-content\/uploads\/2023\/07\/IMG_20220617_104427-1-1536x1024.jpg 1536w, https:\/\/terreatribord.bzh\/blog\/wp-content\/uploads\/2023\/07\/IMG_20220617_104427-1-2048x1366.jpg 2048w, https:\/\/terreatribord.bzh\/blog\/wp-content\/uploads\/2023\/07\/IMG_20220617_104427-1-676x451.jpg 676w\" sizes=\"auto, (max-width: 1024px) 100vw, 1024px\" \/><figcaption class=\"wp-element-caption\">Perros-Guirec, une ville familiale anim\u00e9e toute l&rsquo;ann\u00e9e<\/figcaption><\/figure>\n<\/div>\n\n\n<p>Un s\u00e9jour plus <strong>authentique<\/strong> vous attend&nbsp;! Hors saison, vivez une exp\u00e9rience \u00e0 la mani\u00e8re des habitants. <\/p>\n\n\n\n<p>D\u00e9couvrez les charmantes villes du Tr\u00e9gor-Go\u00eblo, comme <a href=\"https:\/\/terreatribord.bzh\/blog\/2024\/10\/15\/perros-guirec-cote-de-granit-rose\/#more-722\">Perros-Guirec<\/a>, Tr\u00e9guier, Lannion et Paimpol.<\/p>\n\n\n\n<p>De plus, la r\u00e9gion reste <strong>vivante toute l\u2019ann\u00e9e<\/strong>, avec des commer\u00e7ants passionn\u00e9s offrant des produits de qualit\u00e9. D\u00e9couvrez <a href=\"https:\/\/terreatribord.bzh\/blog\/2023\/05\/15\/les-specialites-bretonnes\/\">les sp\u00e9cialit\u00e9s bretonnes<\/a> dans une ambiance chaleureuse et explorez nos <strong>boutiques locales<\/strong> et nos <strong>restaurants<\/strong>, ouverts toute l&rsquo;ann\u00e9e ou une grande partie de celle-ci. <\/p>\n\n\n\n<h2 class=\"wp-block-heading has-text-align-center\">Une balade automnale au bord de la mer<\/h2>\n\n\n<div class=\"wp-block-image\">\n<figure class=\"aligncenter size-large\"><img loading=\"lazy\" decoding=\"async\" width=\"1024\" height=\"680\" src=\"https:\/\/terreatribord.bzh\/blog\/wp-content\/uploads\/2022\/04\/gr34-leroyau-1024x680.jpg\" alt=\"gr34 plougrescant bretagne\" class=\"wp-image-398\" srcset=\"https:\/\/terreatribord.bzh\/blog\/wp-content\/uploads\/2022\/04\/gr34-leroyau-1024x680.jpg 1024w, https:\/\/terreatribord.bzh\/blog\/wp-content\/uploads\/2022\/04\/gr34-leroyau-300x199.jpg 300w, https:\/\/terreatribord.bzh\/blog\/wp-content\/uploads\/2022\/04\/gr34-leroyau-768x510.jpg 768w, https:\/\/terreatribord.bzh\/blog\/wp-content\/uploads\/2022\/04\/gr34-leroyau-1536x1020.jpg 1536w, https:\/\/terreatribord.bzh\/blog\/wp-content\/uploads\/2022\/04\/gr34-leroyau-676x449.jpg 676w, https:\/\/terreatribord.bzh\/blog\/wp-content\/uploads\/2022\/04\/gr34-leroyau.jpg 2048w\" sizes=\"auto, (max-width: 1024px) 100vw, 1024px\" \/><figcaption class=\"wp-element-caption\">Le GR 34 en l&rsquo;automne<\/figcaption><\/figure>\n<\/div>\n\n\n<p>Evadez-vous lors d&rsquo;une promenade le long du <a href=\"https:\/\/terreatribord.bzh\/blog\/2024\/02\/15\/le-gr34-le-sentier-des-douaniers-en-bretagne\/\">GR34<\/a> pour contempler la mer et les paysages et profiter de nos belles plages de sable fin au rythme de la mer \u2026 Et pourquoi pas, une baignade ? L&rsquo;automne en Bretagne est le moment o\u00f9 la mer est la plus chaude, id\u00e9ale pour une derni\u00e8re baignade de la saison. <\/p>\n\n\n\n<h2 class=\"wp-block-heading has-text-align-center\">Parcourir le littoral breton en v\u00e9lo<\/h2>\n\n\n<div class=\"wp-block-image\">\n<figure class=\"aligncenter size-large\"><img loading=\"lazy\" decoding=\"async\" width=\"768\" height=\"1024\" src=\"https:\/\/terreatribord.bzh\/blog\/wp-content\/uploads\/2023\/07\/velomaritime-768x1024.jpg\" alt=\"\" class=\"wp-image-579\" srcset=\"https:\/\/terreatribord.bzh\/blog\/wp-content\/uploads\/2023\/07\/velomaritime-768x1024.jpg 768w, https:\/\/terreatribord.bzh\/blog\/wp-content\/uploads\/2023\/07\/velomaritime-225x300.jpg 225w, https:\/\/terreatribord.bzh\/blog\/wp-content\/uploads\/2023\/07\/velomaritime-1152x1536.jpg 1152w, https:\/\/terreatribord.bzh\/blog\/wp-content\/uploads\/2023\/07\/velomaritime-1536x2048.jpg 1536w, https:\/\/terreatribord.bzh\/blog\/wp-content\/uploads\/2023\/07\/velomaritime-676x901.jpg 676w, https:\/\/terreatribord.bzh\/blog\/wp-content\/uploads\/2023\/07\/velomaritime-scaled.jpg 1920w\" sizes=\"auto, (max-width: 768px) 100vw, 768px\" \/><figcaption class=\"wp-element-caption\">La v\u00e9lomaritime, l&rsquo;itin\u00e9raire v\u00e9lo le long du littoral<\/figcaption><\/figure>\n<\/div>\n\n\n<p>D\u00e9couvrez la r\u00e9gion en v\u00e9lo gr\u00e2ce \u00e0 la <strong><a href=\"https:\/\/terreatribord.bzh\/blog\/2024\/05\/15\/la-velomaritime-la-veloroute-longeant-la-bretagne-nord\/#more-659\">v\u00e9lomaritime<\/a><\/strong>, qui passe \u00e0 2km seulement  des g\u00eetes.<\/p>\n\n\n\n<p>Cet itin\u00e9raire longe le littoral de la Manche de Roscoff (Finist\u00e8re) \u00e0 Braye-Dunes (Nord) et offre une <strong>balade bucolique<\/strong>, passant par des chemins tranquilles \u00e0 proximit\u00e9 de la mer et de la <strong>campagne bretonne<\/strong>, tout en desservant des<strong> villages pittoresques<\/strong> et des <strong>sites d&rsquo;int\u00e9r\u00eat<\/strong>. <\/p>\n\n\n\n<p>Par exemple, vous pouvez rejoindre <strong>Perros-Guirec<\/strong> en 30 minutes ou <strong>Tr\u00e9guier<\/strong> en une heure de v\u00e9lo.<\/p>\n\n\n\n<h2 class=\"wp-block-heading has-text-align-center\">Une balade automnale dans une for\u00eat bretonne<\/h2>\n\n\n<div class=\"wp-block-image\">\n<figure class=\"aligncenter size-large\"><img loading=\"lazy\" decoding=\"async\" width=\"1024\" height=\"683\" src=\"https:\/\/terreatribord.bzh\/blog\/wp-content\/uploads\/2022\/01\/vallee-traouieros-1024x683.jpg\" alt=\"Vall\u00e9e des Traou\u00efero - Perros-Guirec C\u00f4te de Granit Rose C\u00f4tes d'Armor Bretagne terre \u00e0 Tribord\" class=\"wp-image-297\" srcset=\"https:\/\/terreatribord.bzh\/blog\/wp-content\/uploads\/2022\/01\/vallee-traouieros-1024x683.jpg 1024w, https:\/\/terreatribord.bzh\/blog\/wp-content\/uploads\/2022\/01\/vallee-traouieros-300x200.jpg 300w, https:\/\/terreatribord.bzh\/blog\/wp-content\/uploads\/2022\/01\/vallee-traouieros-768x512.jpg 768w, https:\/\/terreatribord.bzh\/blog\/wp-content\/uploads\/2022\/01\/vallee-traouieros-1536x1024.jpg 1536w, https:\/\/terreatribord.bzh\/blog\/wp-content\/uploads\/2022\/01\/vallee-traouieros-676x451.jpg 676w, https:\/\/terreatribord.bzh\/blog\/wp-content\/uploads\/2022\/01\/vallee-traouieros.jpg 2048w\" sizes=\"auto, (max-width: 1024px) 100vw, 1024px\" \/><figcaption class=\"wp-element-caption\">La vall\u00e9e des Traou\u00efero, entre Perros-Guirec et Tr\u00e9gastel<\/figcaption><\/figure>\n<\/div>\n\n\n<p>Profiter du <strong>calme et des couleurs d&rsquo;automne de nos for\u00eats<\/strong>. Voici quelques for\u00eats \u00e0 explorer dans la r\u00e9gion&nbsp;:<\/p>\n\n\n\n<ul class=\"wp-block-list\">\n<li>La vall\u00e9e du moulin \u00e0 Tr\u00e9l\u00e9vern<\/li>\n\n\n\n<li>Le bois Riou et le marais de Trestel \u00e0 Tr\u00e9vou-Tr\u00e9guignec<\/li>\n\n\n\n<li>La vall\u00e9e des Traou\u00eferos entre Perros-Guirec et Tr\u00e9gastel<\/li>\n\n\n\n<li>Le bois de Lann-ar-Waremm \u00e0 Pleumeur-Bodou<\/li>\n\n\n\n<li>Le marais du Quellen \u00e0 Tr\u00e9beurden<\/li>\n\n\n\n<li>La vall\u00e9e de Goas Lagorn entre Tr\u00e9beurden et Lannion<\/li>\n<\/ul>\n\n\n\n<h2 class=\"wp-block-heading has-text-align-center\">La p\u00eache \u00e0 pied en automne<\/h2>\n\n\n<div class=\"wp-block-image\">\n<figure class=\"aligncenter size-full\"><img loading=\"lazy\" decoding=\"async\" width=\"1024\" height=\"768\" src=\"https:\/\/terreatribord.bzh\/blog\/wp-content\/uploads\/2021\/12\/les-marees.jpg\" alt=\"grande mar\u00e9e Tr\u00e9l\u00e9vern Terre \u00e0 Tribord\" class=\"wp-image-277\" srcset=\"https:\/\/terreatribord.bzh\/blog\/wp-content\/uploads\/2021\/12\/les-marees.jpg 1024w, https:\/\/terreatribord.bzh\/blog\/wp-content\/uploads\/2021\/12\/les-marees-300x225.jpg 300w, https:\/\/terreatribord.bzh\/blog\/wp-content\/uploads\/2021\/12\/les-marees-768x576.jpg 768w, https:\/\/terreatribord.bzh\/blog\/wp-content\/uploads\/2021\/12\/les-marees-676x507.jpg 676w\" sizes=\"auto, (max-width: 1024px) 100vw, 1024px\" \/><figcaption class=\"wp-element-caption\">La p\u00eache \u00e0 pied \u00e0 Tr\u00e9l\u00e9vern<\/figcaption><\/figure>\n<\/div>\n\n\n<p>En septembre, les <strong>grandes mar\u00e9es<\/strong> sont de retour. Equipez-vous d&rsquo;un pied \u00e0 coulisse, d\u2019un seau, d\u2019une \u00e9puisette et de vos bottes et partez \u00e0 la recherche des <strong>coques, palourdes, crevettes, crabes, couteaux, bigorneaux<\/strong> et plus encore . D\u00e9guster sa propre p\u00eache est un plaisir in\u00e9gal\u00e9 ! <\/p>\n\n\n\n<p><em><strong>Quelques bonnes pratiques :<\/strong> v\u00e9rifier les horaires de mar\u00e9e, respecter les tailles et quantit\u00e9s autoris\u00e9es, respecter le littoral et replacer les cailloux dans leur position initiale \u2026<\/em><\/p>\n\n\n\n<h2 class=\"wp-block-heading has-text-align-center\">Se d\u00e9tendre dans un spa breton<\/h2>\n\n\n<div class=\"wp-block-image\">\n<figure class=\"aligncenter size-large\"><img loading=\"lazy\" decoding=\"async\" width=\"1024\" height=\"512\" src=\"https:\/\/terreatribord.bzh\/blog\/wp-content\/uploads\/2023\/07\/roz-marine-bassin-2-1920x960-crop-1678442711-1-1024x512.jpg\" alt=\"\" class=\"wp-image-581\" srcset=\"https:\/\/terreatribord.bzh\/blog\/wp-content\/uploads\/2023\/07\/roz-marine-bassin-2-1920x960-crop-1678442711-1-1024x512.jpg 1024w, https:\/\/terreatribord.bzh\/blog\/wp-content\/uploads\/2023\/07\/roz-marine-bassin-2-1920x960-crop-1678442711-1-300x150.jpg 300w, https:\/\/terreatribord.bzh\/blog\/wp-content\/uploads\/2023\/07\/roz-marine-bassin-2-1920x960-crop-1678442711-1-768x384.jpg 768w, https:\/\/terreatribord.bzh\/blog\/wp-content\/uploads\/2023\/07\/roz-marine-bassin-2-1920x960-crop-1678442711-1-1536x768.jpg 1536w, https:\/\/terreatribord.bzh\/blog\/wp-content\/uploads\/2023\/07\/roz-marine-bassin-2-1920x960-crop-1678442711-1-676x338.jpg 676w, https:\/\/terreatribord.bzh\/blog\/wp-content\/uploads\/2023\/07\/roz-marine-bassin-2-1920x960-crop-1678442711-1.jpg 1920w\" sizes=\"auto, (max-width: 1024px) 100vw, 1024px\" \/><figcaption class=\"wp-element-caption\">La thalassoth\u00e9rapie Roz Marine de Perros-Guirec<\/figcaption><\/figure>\n<\/div>\n\n\n<p>Profitez d&rsquo;un moment de d\u00e9tente en Bretagne. D\u00e9couvrez Le <strong><a href=\"https:\/\/forumdetregastel.fr\/\" target=\"_blank\" rel=\"noreferrer noopener\">Forum de Tr\u00e9gastel<\/a><\/strong>, piscine d\u2019eau de mer chauff\u00e9e avec une vue incroyable sur la <strong>plage du Coz Pors et ses rochers roses<\/strong>.<\/p>\n\n\n\n<p>Vous pouvez \u00e9galement vous offrir une journ\u00e9e \u00e0 la nouvelle <strong><a href=\"https:\/\/roz-marine-thalasso.com\/?gclid=CjwKCAjw5MOlBhBTEiwAAJ8e1twzBbVoYB-KrzfAEyIr0Fnpp9NGaC4j6N_ohv_zHxEMLsEVWumKZRoC1GIQAvD_BwE\" target=\"_blank\" rel=\"noreferrer noopener\">Thalasso Roz Marine<\/a><\/strong>, r\u00e9cemment ouverte sur la plage de Trestraou \u00e0 Perros-Guirec, pour des soins relaxants dans un cadre magnifique.<\/p>\n\n\n\n<h2 class=\"wp-block-heading has-text-align-center\">L\u2019automne en Bretagne, tout simplement<\/h2>\n\n\n\n<p>Les lumi\u00e8res douces, les sentiers tranquilles, les petits plaisirs du quotidien\u2026 L\u2019automne ici invite \u00e0 ralentir.<\/p>\n\n\n\n<p>Et pour prolonger cette parenth\u00e8se, pourquoi ne pas poser vos valises \u00e0 Tr\u00e9l\u00e9vern ?<br>\ud83d\udc49 <a class=\"\" href=\"https:\/\/terreatribord.bzh\/tyGwenn\/\">Ty Gwenn<\/a> \u2013 maison avec vue sur la mer, parfaite pour admirer les couchers de soleil d\u2019octobre<br>\ud83d\udc49 <a class=\"\" href=\"https:\/\/terreatribord.bzh\/tyGlaz\/\">Ty Glaz<\/a> \u2013 cocon en bois avec jardin, id\u00e9al pour un th\u00e9 chaud apr\u00e8s une balade sur le GR34<\/p>\n\n\n\n<p>Et parce que la Bretagne est magnifique toute l&rsquo;ann\u00e9e, d\u00e9couvrez la aussi :<\/p>\n\n\n\n<ul class=\"wp-block-list\">\n<li><a href=\"https:\/\/terreatribord.bzh\/blog\/2025\/03\/15\/un-printemps-en-bretagne-une-parenthese-iodee-aux-beaux-jours\/\">Au printemps<\/a>,<\/li>\n\n\n\n<li><a href=\"https:\/\/terreatribord.bzh\/blog\/2025\/06\/15\/un-ete-en-bretagne-nature-mer-et-grands-espaces\/\">En \u00e9t\u00e9<\/a>,<\/li>\n\n\n\n<li><a href=\"https:\/\/terreatribord.bzh\/blog\/2024\/11\/15\/un-hiver-en-bretagne-authenticite-et-serenite\/\">En hiver<\/a>.<\/li>\n<\/ul>\n","protected":false},"excerpt":{"rendered":"<p>Partir en vacances en Bretagne en automne est toujours une bonne id\u00e9e ! En septembre, octobre ou m\u00eame d\u00e9but novembre, la r\u00e9gion d\u00e9voile un tout autre visage : temp\u00e9ratures encore douces, lumi\u00e8re dor\u00e9e, sites naturels plus calmes\u2026 L\u2019automne est une saison id\u00e9ale pour d\u00e9couvrir la Bretagne autrement.Le climat breton, doucement temp\u00e9r\u00e9 par la mer, offre [&hellip;]<\/p>\n","protected":false},"author":1,"featured_media":359,"comment_status":"closed","ping_status":"closed","sticky":false,"template":"","format":"standard","meta":{"footnotes":""},"categories":[8],"tags":[14,13,11,17,16],"class_list":["post-577","post","type-post","status-publish","format-standard","has-post-thumbnail","hentry","category-decouverte-de-la-bretagne","tag-balade","tag-mer","tag-nature","tag-produits-du-terroir","tag-ville","post-preview"],"yoast_head":"<!-- This site is optimized with the Yoast SEO plugin v27.5 - https:\/\/yoast.com\/product\/yoast-seo-wordpress\/ -->\n<title>Que faire en Bretagne \u00e0 l&#039;automne ? Id\u00e9es d\u2019activit\u00e9s<\/title>\n<meta name=\"description\" content=\"D\u00e9couvrez la douceur de la bretagne \u00e0 l&#039;automne et quelques id\u00e9es d&#039;activit\u00e9s afin de prolonger votre \u00e9t\u00e9.\" \/>\n<meta name=\"robots\" content=\"index, follow, max-snippet:-1, max-image-preview:large, max-video-preview:-1\" \/>\n<link rel=\"canonical\" href=\"https:\/\/terreatribord.bzh\/blog\/2023\/07\/15\/la-douceur-de-l-automne-en-bretagne\/\" \/>\n<meta property=\"og:locale\" content=\"fr_FR\" \/>\n<meta property=\"og:type\" content=\"article\" \/>\n<meta property=\"og:title\" content=\"L\u2019automne en Bretagne et sa douceur\" \/>\n<meta property=\"og:description\" content=\"D\u00e9couvrez la douceur de la bretagne \u00e0 l&#039;automne et quelques id\u00e9es d&#039;activit\u00e9s afin de prolonger votre \u00e9t\u00e9.\" \/>\n<meta property=\"og:url\" content=\"https:\/\/terreatribord.bzh\/blog\/2023\/07\/15\/la-douceur-de-l-automne-en-bretagne\/\" \/>\n<meta property=\"og:site_name\" content=\"Terre \u00e0 Tribord !\" \/>\n<meta property=\"article:published_time\" content=\"2023-07-15T13:00:08+00:00\" \/>\n<meta property=\"article:modified_time\" content=\"2025-10-14T20:18:21+00:00\" \/>\n<meta property=\"og:image\" content=\"https:\/\/terreatribord.bzh\/blog\/wp-content\/uploads\/2022\/03\/ile-grande.jpg\" \/>\n\t<meta property=\"og:image:width\" content=\"2048\" \/>\n\t<meta property=\"og:image:height\" content=\"1365\" \/>\n\t<meta property=\"og:image:type\" content=\"image\/jpeg\" \/>\n<meta name=\"author\" content=\"Charlotte\" \/>\n<meta name=\"twitter:card\" content=\"summary_large_image\" \/>\n<meta name=\"twitter:label1\" content=\"\u00c9crit par\" \/>\n\t<meta name=\"twitter:data1\" content=\"Charlotte\" \/>\n\t<meta name=\"twitter:label2\" content=\"Dur\u00e9e de lecture estim\u00e9e\" \/>\n\t<meta name=\"twitter:data2\" content=\"5 minutes\" \/>\n<script type=\"application\/ld+json\" class=\"yoast-schema-graph\">{\"@context\":\"https:\\\/\\\/schema.org\",\"@graph\":[{\"@type\":\"Article\",\"@id\":\"https:\\\/\\\/terreatribord.bzh\\\/blog\\\/2023\\\/07\\\/15\\\/la-douceur-de-l-automne-en-bretagne\\\/#article\",\"isPartOf\":{\"@id\":\"https:\\\/\\\/terreatribord.bzh\\\/blog\\\/2023\\\/07\\\/15\\\/la-douceur-de-l-automne-en-bretagne\\\/\"},\"author\":{\"name\":\"Charlotte\",\"@id\":\"https:\\\/\\\/terreatribord.bzh\\\/blog\\\/#\\\/schema\\\/person\\\/799840395f3f8c1f423b7eac8cacc075\"},\"headline\":\"Un automne en Bretagne et sa douceur\",\"datePublished\":\"2023-07-15T13:00:08+00:00\",\"dateModified\":\"2025-10-14T20:18:21+00:00\",\"mainEntityOfPage\":{\"@id\":\"https:\\\/\\\/terreatribord.bzh\\\/blog\\\/2023\\\/07\\\/15\\\/la-douceur-de-l-automne-en-bretagne\\\/\"},\"wordCount\":731,\"publisher\":{\"@id\":\"https:\\\/\\\/terreatribord.bzh\\\/blog\\\/#\\\/schema\\\/person\\\/799840395f3f8c1f423b7eac8cacc075\"},\"image\":{\"@id\":\"https:\\\/\\\/terreatribord.bzh\\\/blog\\\/2023\\\/07\\\/15\\\/la-douceur-de-l-automne-en-bretagne\\\/#primaryimage\"},\"thumbnailUrl\":\"https:\\\/\\\/terreatribord.bzh\\\/blog\\\/wp-content\\\/uploads\\\/2022\\\/03\\\/ile-grande.jpg\",\"keywords\":[\"Balade\",\"Mer\",\"Nature\",\"Produits du terroir\",\"Ville\"],\"articleSection\":[\"D\u00e9couverte de la Bretagne\"],\"inLanguage\":\"fr-FR\"},{\"@type\":\"WebPage\",\"@id\":\"https:\\\/\\\/terreatribord.bzh\\\/blog\\\/2023\\\/07\\\/15\\\/la-douceur-de-l-automne-en-bretagne\\\/\",\"url\":\"https:\\\/\\\/terreatribord.bzh\\\/blog\\\/2023\\\/07\\\/15\\\/la-douceur-de-l-automne-en-bretagne\\\/\",\"name\":\"Que faire en Bretagne \u00e0 l'automne ? Id\u00e9es d\u2019activit\u00e9s\",\"isPartOf\":{\"@id\":\"https:\\\/\\\/terreatribord.bzh\\\/blog\\\/#website\"},\"primaryImageOfPage\":{\"@id\":\"https:\\\/\\\/terreatribord.bzh\\\/blog\\\/2023\\\/07\\\/15\\\/la-douceur-de-l-automne-en-bretagne\\\/#primaryimage\"},\"image\":{\"@id\":\"https:\\\/\\\/terreatribord.bzh\\\/blog\\\/2023\\\/07\\\/15\\\/la-douceur-de-l-automne-en-bretagne\\\/#primaryimage\"},\"thumbnailUrl\":\"https:\\\/\\\/terreatribord.bzh\\\/blog\\\/wp-content\\\/uploads\\\/2022\\\/03\\\/ile-grande.jpg\",\"datePublished\":\"2023-07-15T13:00:08+00:00\",\"dateModified\":\"2025-10-14T20:18:21+00:00\",\"description\":\"D\u00e9couvrez la douceur de la bretagne \u00e0 l'automne et quelques id\u00e9es d'activit\u00e9s afin de prolonger votre \u00e9t\u00e9.\",\"breadcrumb\":{\"@id\":\"https:\\\/\\\/terreatribord.bzh\\\/blog\\\/2023\\\/07\\\/15\\\/la-douceur-de-l-automne-en-bretagne\\\/#breadcrumb\"},\"inLanguage\":\"fr-FR\",\"potentialAction\":[{\"@type\":\"ReadAction\",\"target\":[\"https:\\\/\\\/terreatribord.bzh\\\/blog\\\/2023\\\/07\\\/15\\\/la-douceur-de-l-automne-en-bretagne\\\/\"]}]},{\"@type\":\"ImageObject\",\"inLanguage\":\"fr-FR\",\"@id\":\"https:\\\/\\\/terreatribord.bzh\\\/blog\\\/2023\\\/07\\\/15\\\/la-douceur-de-l-automne-en-bretagne\\\/#primaryimage\",\"url\":\"https:\\\/\\\/terreatribord.bzh\\\/blog\\\/wp-content\\\/uploads\\\/2022\\\/03\\\/ile-grande.jpg\",\"contentUrl\":\"https:\\\/\\\/terreatribord.bzh\\\/blog\\\/wp-content\\\/uploads\\\/2022\\\/03\\\/ile-grande.jpg\",\"width\":2048,\"height\":1365,\"caption\":\"Ile grande\"},{\"@type\":\"BreadcrumbList\",\"@id\":\"https:\\\/\\\/terreatribord.bzh\\\/blog\\\/2023\\\/07\\\/15\\\/la-douceur-de-l-automne-en-bretagne\\\/#breadcrumb\",\"itemListElement\":[{\"@type\":\"ListItem\",\"position\":1,\"name\":\"Accueil\",\"item\":\"https:\\\/\\\/terreatribord.bzh\\\/blog\\\/\"},{\"@type\":\"ListItem\",\"position\":2,\"name\":\"Un automne en Bretagne et sa douceur\"}]},{\"@type\":\"WebSite\",\"@id\":\"https:\\\/\\\/terreatribord.bzh\\\/blog\\\/#website\",\"url\":\"https:\\\/\\\/terreatribord.bzh\\\/blog\\\/\",\"name\":\"Terre \u00e0 Tribord !\",\"description\":\"Le blog qui met le cap sur la Bretagne.\",\"publisher\":{\"@id\":\"https:\\\/\\\/terreatribord.bzh\\\/blog\\\/#\\\/schema\\\/person\\\/799840395f3f8c1f423b7eac8cacc075\"},\"potentialAction\":[{\"@type\":\"SearchAction\",\"target\":{\"@type\":\"EntryPoint\",\"urlTemplate\":\"https:\\\/\\\/terreatribord.bzh\\\/blog\\\/?s={search_term_string}\"},\"query-input\":{\"@type\":\"PropertyValueSpecification\",\"valueRequired\":true,\"valueName\":\"search_term_string\"}}],\"inLanguage\":\"fr-FR\"},{\"@type\":[\"Person\",\"Organization\"],\"@id\":\"https:\\\/\\\/terreatribord.bzh\\\/blog\\\/#\\\/schema\\\/person\\\/799840395f3f8c1f423b7eac8cacc075\",\"name\":\"Charlotte\",\"image\":{\"@type\":\"ImageObject\",\"inLanguage\":\"fr-FR\",\"@id\":\"https:\\\/\\\/blog.terreatribord.bzh\\\/wp-content\\\/uploads\\\/2021\\\/08\\\/36825346_2456960194321511_447552153637093376_n.jpg\",\"url\":\"https:\\\/\\\/blog.terreatribord.bzh\\\/wp-content\\\/uploads\\\/2021\\\/08\\\/36825346_2456960194321511_447552153637093376_n.jpg\",\"contentUrl\":\"https:\\\/\\\/blog.terreatribord.bzh\\\/wp-content\\\/uploads\\\/2021\\\/08\\\/36825346_2456960194321511_447552153637093376_n.jpg\",\"width\":1462,\"height\":1462,\"caption\":\"Charlotte\"},\"logo\":{\"@id\":\"https:\\\/\\\/blog.terreatribord.bzh\\\/wp-content\\\/uploads\\\/2021\\\/08\\\/36825346_2456960194321511_447552153637093376_n.jpg\"},\"sameAs\":[\"https:\\\/\\\/blog.terreatribord.bzh\"]}]}<\/script>\n<!-- \/ Yoast SEO plugin. -->","yoast_head_json":{"title":"Que faire en Bretagne \u00e0 l'automne ? Id\u00e9es d\u2019activit\u00e9s","description":"D\u00e9couvrez la douceur de la bretagne \u00e0 l'automne et quelques id\u00e9es d'activit\u00e9s afin de prolonger votre \u00e9t\u00e9.","robots":{"index":"index","follow":"follow","max-snippet":"max-snippet:-1","max-image-preview":"max-image-preview:large","max-video-preview":"max-video-preview:-1"},"canonical":"https:\/\/terreatribord.bzh\/blog\/2023\/07\/15\/la-douceur-de-l-automne-en-bretagne\/","og_locale":"fr_FR","og_type":"article","og_title":"L\u2019automne en Bretagne et sa douceur","og_description":"D\u00e9couvrez la douceur de la bretagne \u00e0 l'automne et quelques id\u00e9es d'activit\u00e9s afin de prolonger votre \u00e9t\u00e9.","og_url":"https:\/\/terreatribord.bzh\/blog\/2023\/07\/15\/la-douceur-de-l-automne-en-bretagne\/","og_site_name":"Terre \u00e0 Tribord !","article_published_time":"2023-07-15T13:00:08+00:00","article_modified_time":"2025-10-14T20:18:21+00:00","og_image":[{"width":2048,"height":1365,"url":"https:\/\/terreatribord.bzh\/blog\/wp-content\/uploads\/2022\/03\/ile-grande.jpg","type":"image\/jpeg"}],"author":"Charlotte","twitter_card":"summary_large_image","twitter_misc":{"\u00c9crit par":"Charlotte","Dur\u00e9e de lecture estim\u00e9e":"5 minutes"},"schema":{"@context":"https:\/\/schema.org","@graph":[{"@type":"Article","@id":"https:\/\/terreatribord.bzh\/blog\/2023\/07\/15\/la-douceur-de-l-automne-en-bretagne\/#article","isPartOf":{"@id":"https:\/\/terreatribord.bzh\/blog\/2023\/07\/15\/la-douceur-de-l-automne-en-bretagne\/"},"author":{"name":"Charlotte","@id":"https:\/\/terreatribord.bzh\/blog\/#\/schema\/person\/799840395f3f8c1f423b7eac8cacc075"},"headline":"Un automne en Bretagne et sa douceur","datePublished":"2023-07-15T13:00:08+00:00","dateModified":"2025-10-14T20:18:21+00:00","mainEntityOfPage":{"@id":"https:\/\/terreatribord.bzh\/blog\/2023\/07\/15\/la-douceur-de-l-automne-en-bretagne\/"},"wordCount":731,"publisher":{"@id":"https:\/\/terreatribord.bzh\/blog\/#\/schema\/person\/799840395f3f8c1f423b7eac8cacc075"},"image":{"@id":"https:\/\/terreatribord.bzh\/blog\/2023\/07\/15\/la-douceur-de-l-automne-en-bretagne\/#primaryimage"},"thumbnailUrl":"https:\/\/terreatribord.bzh\/blog\/wp-content\/uploads\/2022\/03\/ile-grande.jpg","keywords":["Balade","Mer","Nature","Produits du terroir","Ville"],"articleSection":["D\u00e9couverte de la Bretagne"],"inLanguage":"fr-FR"},{"@type":"WebPage","@id":"https:\/\/terreatribord.bzh\/blog\/2023\/07\/15\/la-douceur-de-l-automne-en-bretagne\/","url":"https:\/\/terreatribord.bzh\/blog\/2023\/07\/15\/la-douceur-de-l-automne-en-bretagne\/","name":"Que faire en Bretagne \u00e0 l'automne ? Id\u00e9es d\u2019activit\u00e9s","isPartOf":{"@id":"https:\/\/terreatribord.bzh\/blog\/#website"},"primaryImageOfPage":{"@id":"https:\/\/terreatribord.bzh\/blog\/2023\/07\/15\/la-douceur-de-l-automne-en-bretagne\/#primaryimage"},"image":{"@id":"https:\/\/terreatribord.bzh\/blog\/2023\/07\/15\/la-douceur-de-l-automne-en-bretagne\/#primaryimage"},"thumbnailUrl":"https:\/\/terreatribord.bzh\/blog\/wp-content\/uploads\/2022\/03\/ile-grande.jpg","datePublished":"2023-07-15T13:00:08+00:00","dateModified":"2025-10-14T20:18:21+00:00","description":"D\u00e9couvrez la douceur de la bretagne \u00e0 l'automne et quelques id\u00e9es d'activit\u00e9s afin de prolonger votre \u00e9t\u00e9.","breadcrumb":{"@id":"https:\/\/terreatribord.bzh\/blog\/2023\/07\/15\/la-douceur-de-l-automne-en-bretagne\/#breadcrumb"},"inLanguage":"fr-FR","potentialAction":[{"@type":"ReadAction","target":["https:\/\/terreatribord.bzh\/blog\/2023\/07\/15\/la-douceur-de-l-automne-en-bretagne\/"]}]},{"@type":"ImageObject","inLanguage":"fr-FR","@id":"https:\/\/terreatribord.bzh\/blog\/2023\/07\/15\/la-douceur-de-l-automne-en-bretagne\/#primaryimage","url":"https:\/\/terreatribord.bzh\/blog\/wp-content\/uploads\/2022\/03\/ile-grande.jpg","contentUrl":"https:\/\/terreatribord.bzh\/blog\/wp-content\/uploads\/2022\/03\/ile-grande.jpg","width":2048,"height":1365,"caption":"Ile grande"},{"@type":"BreadcrumbList","@id":"https:\/\/terreatribord.bzh\/blog\/2023\/07\/15\/la-douceur-de-l-automne-en-bretagne\/#breadcrumb","itemListElement":[{"@type":"ListItem","position":1,"name":"Accueil","item":"https:\/\/terreatribord.bzh\/blog\/"},{"@type":"ListItem","position":2,"name":"Un automne en Bretagne et sa douceur"}]},{"@type":"WebSite","@id":"https:\/\/terreatribord.bzh\/blog\/#website","url":"https:\/\/terreatribord.bzh\/blog\/","name":"Terre \u00e0 Tribord !","description":"Le blog qui met le cap sur la Bretagne.","publisher":{"@id":"https:\/\/terreatribord.bzh\/blog\/#\/schema\/person\/799840395f3f8c1f423b7eac8cacc075"},"potentialAction":[{"@type":"SearchAction","target":{"@type":"EntryPoint","urlTemplate":"https:\/\/terreatribord.bzh\/blog\/?s={search_term_string}"},"query-input":{"@type":"PropertyValueSpecification","valueRequired":true,"valueName":"search_term_string"}}],"inLanguage":"fr-FR"},{"@type":["Person","Organization"],"@id":"https:\/\/terreatribord.bzh\/blog\/#\/schema\/person\/799840395f3f8c1f423b7eac8cacc075","name":"Charlotte","image":{"@type":"ImageObject","inLanguage":"fr-FR","@id":"https:\/\/blog.terreatribord.bzh\/wp-content\/uploads\/2021\/08\/36825346_2456960194321511_447552153637093376_n.jpg","url":"https:\/\/blog.terreatribord.bzh\/wp-content\/uploads\/2021\/08\/36825346_2456960194321511_447552153637093376_n.jpg","contentUrl":"https:\/\/blog.terreatribord.bzh\/wp-content\/uploads\/2021\/08\/36825346_2456960194321511_447552153637093376_n.jpg","width":1462,"height":1462,"caption":"Charlotte"},"logo":{"@id":"https:\/\/blog.terreatribord.bzh\/wp-content\/uploads\/2021\/08\/36825346_2456960194321511_447552153637093376_n.jpg"},"sameAs":["https:\/\/blog.terreatribord.bzh"]}]}},"_links":{"self":[{"href":"https:\/\/terreatribord.bzh\/blog\/wp-json\/wp\/v2\/posts\/577","targetHints":{"allow":["GET"]}}],"collection":[{"href":"https:\/\/terreatribord.bzh\/blog\/wp-json\/wp\/v2\/posts"}],"about":[{"href":"https:\/\/terreatribord.bzh\/blog\/wp-json\/wp\/v2\/types\/post"}],"author":[{"embeddable":true,"href":"https:\/\/terreatribord.bzh\/blog\/wp-json\/wp\/v2\/users\/1"}],"replies":[{"embeddable":true,"href":"https:\/\/terreatribord.bzh\/blog\/wp-json\/wp\/v2\/comments?post=577"}],"version-history":[{"count":17,"href":"https:\/\/terreatribord.bzh\/blog\/wp-json\/wp\/v2\/posts\/577\/revisions"}],"predecessor-version":[{"id":924,"href":"https:\/\/terreatribord.bzh\/blog\/wp-json\/wp\/v2\/posts\/577\/revisions\/924"}],"wp:featuredmedia":[{"embeddable":true,"href":"https:\/\/terreatribord.bzh\/blog\/wp-json\/wp\/v2\/media\/359"}],"wp:attachment":[{"href":"https:\/\/terreatribord.bzh\/blog\/wp-json\/wp\/v2\/media?parent=577"}],"wp:term":[{"taxonomy":"category","embeddable":true,"href":"https:\/\/terreatribord.bzh\/blog\/wp-json\/wp\/v2\/categories?post=577"},{"taxonomy":"post_tag","embeddable":true,"href":"https:\/\/terreatribord.bzh\/blog\/wp-json\/wp\/v2\/tags?post=577"}],"curies":[{"name":"wp","href":"https:\/\/api.w.org\/{rel}","templated":true}]}}