{"id":659,"date":"2024-05-15T15:00:42","date_gmt":"2024-05-15T13:00:42","guid":{"rendered":"https:\/\/terreatribord.bzh\/blog\/?p=659"},"modified":"2025-05-15T18:53:25","modified_gmt":"2025-05-15T16:53:25","slug":"la-velomaritime-la-veloroute-longeant-la-bretagne-nord","status":"publish","type":"post","link":"https:\/\/terreatribord.bzh\/blog\/2024\/05\/15\/la-velomaritime-la-veloroute-longeant-la-bretagne-nord\/","title":{"rendered":"La V\u00e9lomaritime, la v\u00e9loroute longeant la Bretagne nord"},"content":{"rendered":"\n<p>Traversant la c\u00f4te nord de la France, la V\u00e9lomaritime est une v\u00e9loroute d&rsquo;environ 1500 km. L&rsquo;itin\u00e9raire reliant Roscoff (Finist\u00e8re) jusqu&rsquo;\u00e0 la fronti\u00e8re fran\u00e7aise \u00e0 Braye-Dunes (Nord), offre une magnifique vue sur la mer et passe par de nombreux attraits culturels et naturels. <\/p>\n\n\n\n<p>Une belle mani\u00e8re de d\u00e9couvrir <strong>la <a href=\"https:\/\/terreatribord.bzh\/blog\/2021\/09\/12\/la-bretagne\/\">Bretagne<\/a> en v\u00e9lo<\/strong>.<\/p>\n\n\n\n<!--more-->\n\n\n\n<h2 class=\"wp-block-heading has-text-align-center\">Les C\u00f4tes d&rsquo;Armor \u00e0 votre rythme<\/h2>\n\n\n\n<p>Utilisant des chemins ou routes peu fr\u00e9quent\u00e9es par les voitures, la V\u00e9lomaritime offre des <strong>balades bucoliques en v\u00e9lo entre mer et campagne bretonne<\/strong>.<\/p>\n\n\n\n<p>Cette v\u00e9loroute permet de d\u00e9couvrir le littoral des C\u00f4tes d&rsquo;Armor et les <strong>principaux lieux incontournables<\/strong> : Ploumanac&rsquo;h, Tr\u00e9gastel, Tr\u00e9beurden, Port Blanc, Bugu\u00e8les, Plougrescant, l&rsquo;\u00cele de Br\u00e9hat, le sillon du Talbert ou encore l&rsquo;Abbaye de Beauport &#8230;<\/p>\n\n\n\n<p>De plus, la V\u00e9lomaritime rejoint les <strong>charmantes villes<\/strong> de la c\u00f4te comme Lannion, <a href=\"https:\/\/terreatribord.bzh\/blog\/2024\/10\/15\/perros-guirec-cote-de-granit-rose\/#more-722\">Perros-Guirec<\/a>, Tr\u00e9guier et Paimpol.<\/p>\n\n\n\n<h2 class=\"wp-block-heading has-text-align-center\">Mes 5 itin\u00e9raires pr\u00e9f\u00e9r\u00e9s<\/h2>\n\n\n\n<figure class=\"wp-block-gallery has-nested-images columns-default is-cropped wp-block-gallery-1 is-layout-flex wp-block-gallery-is-layout-flex\">\n<figure class=\"wp-block-image size-large\"><img loading=\"lazy\" decoding=\"async\" width=\"1024\" height=\"768\" data-id=\"630\" src=\"https:\/\/terreatribord.bzh\/blog\/wp-content\/uploads\/2024\/02\/ploumanach-1024x768.jpg\" alt=\"Ploumanac'h et le phare Mean Ruz\" class=\"wp-image-630\" srcset=\"https:\/\/terreatribord.bzh\/blog\/wp-content\/uploads\/2024\/02\/ploumanach-1024x768.jpg 1024w, https:\/\/terreatribord.bzh\/blog\/wp-content\/uploads\/2024\/02\/ploumanach-300x225.jpg 300w, https:\/\/terreatribord.bzh\/blog\/wp-content\/uploads\/2024\/02\/ploumanach-768x576.jpg 768w, https:\/\/terreatribord.bzh\/blog\/wp-content\/uploads\/2024\/02\/ploumanach-1536x1152.jpg 1536w, https:\/\/terreatribord.bzh\/blog\/wp-content\/uploads\/2024\/02\/ploumanach-2048x1536.jpg 2048w, https:\/\/terreatribord.bzh\/blog\/wp-content\/uploads\/2024\/02\/ploumanach-676x507.jpg 676w\" sizes=\"auto, (max-width: 1024px) 100vw, 1024px\" \/><figcaption class=\"wp-element-caption\">Le phare Mean Ruz de Ploumanac&rsquo;h<\/figcaption><\/figure>\n\n\n\n<figure class=\"wp-block-image size-large\"><img loading=\"lazy\" decoding=\"async\" width=\"1024\" height=\"683\" data-id=\"584\" src=\"https:\/\/terreatribord.bzh\/blog\/wp-content\/uploads\/2023\/07\/IMG_20220617_104427-1-1024x683.jpg\" alt=\"perros guirec bretagne\" class=\"wp-image-584\" srcset=\"https:\/\/terreatribord.bzh\/blog\/wp-content\/uploads\/2023\/07\/IMG_20220617_104427-1-1024x683.jpg 1024w, https:\/\/terreatribord.bzh\/blog\/wp-content\/uploads\/2023\/07\/IMG_20220617_104427-1-300x200.jpg 300w, https:\/\/terreatribord.bzh\/blog\/wp-content\/uploads\/2023\/07\/IMG_20220617_104427-1-768x512.jpg 768w, https:\/\/terreatribord.bzh\/blog\/wp-content\/uploads\/2023\/07\/IMG_20220617_104427-1-1536x1024.jpg 1536w, https:\/\/terreatribord.bzh\/blog\/wp-content\/uploads\/2023\/07\/IMG_20220617_104427-1-2048x1366.jpg 2048w, https:\/\/terreatribord.bzh\/blog\/wp-content\/uploads\/2023\/07\/IMG_20220617_104427-1-676x451.jpg 676w\" sizes=\"auto, (max-width: 1024px) 100vw, 1024px\" \/><figcaption class=\"wp-element-caption\">Le centre ville de perros guirec<\/figcaption><\/figure>\n\n\n\n<figure class=\"wp-block-image size-large\"><img loading=\"lazy\" decoding=\"async\" width=\"1024\" height=\"768\" data-id=\"394\" src=\"https:\/\/terreatribord.bzh\/blog\/wp-content\/uploads\/2022\/04\/port-blanc-1024x768.jpg\" alt=\"port blanc cotes des ajoncs bretagne\" class=\"wp-image-394\" srcset=\"https:\/\/terreatribord.bzh\/blog\/wp-content\/uploads\/2022\/04\/port-blanc-1024x768.jpg 1024w, https:\/\/terreatribord.bzh\/blog\/wp-content\/uploads\/2022\/04\/port-blanc-300x225.jpg 300w, https:\/\/terreatribord.bzh\/blog\/wp-content\/uploads\/2022\/04\/port-blanc-768x576.jpg 768w, https:\/\/terreatribord.bzh\/blog\/wp-content\/uploads\/2022\/04\/port-blanc-1536x1152.jpg 1536w, https:\/\/terreatribord.bzh\/blog\/wp-content\/uploads\/2022\/04\/port-blanc-2048x1536.jpg 2048w, https:\/\/terreatribord.bzh\/blog\/wp-content\/uploads\/2022\/04\/port-blanc-676x507.jpg 676w\" sizes=\"auto, (max-width: 1024px) 100vw, 1024px\" \/><figcaption class=\"wp-element-caption\">port blanc<\/figcaption><\/figure>\n\n\n\n<figure class=\"wp-block-image size-large\"><img loading=\"lazy\" decoding=\"async\" width=\"1024\" height=\"768\" data-id=\"355\" src=\"https:\/\/terreatribord.bzh\/blog\/wp-content\/uploads\/2022\/03\/IMG_20210519_152053-1024x768.jpg\" alt=\"plage la gr\u00e8ve blanche tr\u00e9gastel c\u00f4te de granit rose bretagne\" class=\"wp-image-355\" srcset=\"https:\/\/terreatribord.bzh\/blog\/wp-content\/uploads\/2022\/03\/IMG_20210519_152053-1024x768.jpg 1024w, https:\/\/terreatribord.bzh\/blog\/wp-content\/uploads\/2022\/03\/IMG_20210519_152053-300x225.jpg 300w, https:\/\/terreatribord.bzh\/blog\/wp-content\/uploads\/2022\/03\/IMG_20210519_152053-768x576.jpg 768w, https:\/\/terreatribord.bzh\/blog\/wp-content\/uploads\/2022\/03\/IMG_20210519_152053-1536x1152.jpg 1536w, https:\/\/terreatribord.bzh\/blog\/wp-content\/uploads\/2022\/03\/IMG_20210519_152053-2048x1536.jpg 2048w, https:\/\/terreatribord.bzh\/blog\/wp-content\/uploads\/2022\/03\/IMG_20210519_152053-676x507.jpg 676w\" sizes=\"auto, (max-width: 1024px) 100vw, 1024px\" \/><figcaption class=\"wp-element-caption\">La plage de la gr\u00e8ve blanche \u00e0 Tr\u00e9gastel<\/figcaption><\/figure>\n\n\n\n<figure class=\"wp-block-image size-large\"><img loading=\"lazy\" decoding=\"async\" width=\"1024\" height=\"473\" data-id=\"300\" src=\"https:\/\/terreatribord.bzh\/blog\/wp-content\/uploads\/2022\/01\/treguier-1024x473.jpg\" alt=\"Tr\u00e9guier C\u00f4te de Granit Rose C\u00f4tes d'Armor Bretagne Terre \u00e0 Tribord\" class=\"wp-image-300\" srcset=\"https:\/\/terreatribord.bzh\/blog\/wp-content\/uploads\/2022\/01\/treguier-1024x473.jpg 1024w, https:\/\/terreatribord.bzh\/blog\/wp-content\/uploads\/2022\/01\/treguier-300x138.jpg 300w, https:\/\/terreatribord.bzh\/blog\/wp-content\/uploads\/2022\/01\/treguier-768x354.jpg 768w, https:\/\/terreatribord.bzh\/blog\/wp-content\/uploads\/2022\/01\/treguier-676x312.jpg 676w, https:\/\/terreatribord.bzh\/blog\/wp-content\/uploads\/2022\/01\/treguier.jpg 1426w\" sizes=\"auto, (max-width: 1024px) 100vw, 1024px\" \/><figcaption class=\"wp-element-caption\">Tr\u00e9guier<\/figcaption><\/figure>\n<\/figure>\n\n\n\n<p>Au d\u00e9part de Tr\u00e9l\u00e9vern, voici mes balades pr\u00e9f\u00e9r\u00e9es :<\/p>\n\n\n\n<ul class=\"wp-block-list\">\n<li>D\u00e9couvrir la capitale historique du tr\u00e9gor, <strong>Tr\u00e9guier<\/strong><\/li>\n\n\n\n<li>Rejoindre la mythique station baln\u00e9aire de<strong> <a href=\"https:\/\/terreatribord.bzh\/blog\/2024\/10\/15\/perros-guirec-cote-de-granit-rose\/\">Perros-Guirec<\/a><\/strong><\/li>\n\n\n\n<li>P\u00e9daler jusqu&rsquo;\u00e0 <strong><a href=\"https:\/\/terreatribord.bzh\/blog\/2025\/05\/15\/ploumanach-le-tresor-de-la-cote-de-granit-rose\/\">Ploumanac&rsquo;h<\/a><\/strong> et ses rochers roses<\/li>\n\n\n\n<li>Piquer une t\u00eate sur une magnifique plage de <strong>Tr\u00e9gastel<\/strong><\/li>\n\n\n\n<li>Pique-niquer en face de l&rsquo;archipel de <strong>Port Blanc<\/strong><\/li>\n<\/ul>\n\n\n\n<h2 class=\"wp-block-heading has-text-align-center\">Comment acc\u00e9der \u00e0 la V\u00e9lomaritime ?<\/h2>\n\n\n<div class=\"wp-block-image\">\n<figure class=\"aligncenter size-large\"><img loading=\"lazy\" decoding=\"async\" width=\"1024\" height=\"741\" src=\"https:\/\/terreatribord.bzh\/blog\/wp-content\/uploads\/2024\/05\/carte-velomaritime-2-1024x741.png\" alt=\"velomaritime plestin les greves penvenan\" class=\"wp-image-664\" srcset=\"https:\/\/terreatribord.bzh\/blog\/wp-content\/uploads\/2024\/05\/carte-velomaritime-2-1024x741.png 1024w, https:\/\/terreatribord.bzh\/blog\/wp-content\/uploads\/2024\/05\/carte-velomaritime-2-300x217.png 300w, https:\/\/terreatribord.bzh\/blog\/wp-content\/uploads\/2024\/05\/carte-velomaritime-2-768x556.png 768w, https:\/\/terreatribord.bzh\/blog\/wp-content\/uploads\/2024\/05\/carte-velomaritime-2-676x489.png 676w, https:\/\/terreatribord.bzh\/blog\/wp-content\/uploads\/2024\/05\/carte-velomaritime-2.png 1036w\" sizes=\"auto, (max-width: 1024px) 100vw, 1024px\" \/><figcaption class=\"wp-element-caption\">La Velomaritime de plestin les greves \u00e0 penvenan dans les cotes d armor<\/figcaption><\/figure>\n<\/div>\n\n\n<p>Les g\u00eetes Terre \u00e0 Tribord sont \u00e0 2km de l&rsquo;itin\u00e9raire V\u00e9lomaritime.  <\/p>\n\n\n\n<p>Apr\u00e8s le bourg, prendre la direction de Lannion et traverser vers la campagne de Tr\u00e9l\u00e9vern. Suivez les panneaux v\u00e9lo vert&nbsp;: <\/p>\n\n\n\n<ul class=\"wp-block-list\">\n<li>\u00e0 droite direction Perros-Guirec et Lannion, <\/li>\n\n\n\n<li>\u00e0 gauche direction Penv\u00e9nan, Tr\u00e9guier, Paimpol \u2026<\/li>\n<\/ul>\n\n\n\n<p>Par exemple, l&rsquo;itin\u00e9raire vous permettra d\u2019\u00eatre en 30 minutes \u00e0&nbsp;Perros-Guirec&nbsp;ou en 1h \u00e0&nbsp;Tr\u00e9guier. Vous p\u00e9dalerez \u00e0 travers la <strong>campagne bretonne<\/strong>, <strong>pr\u00e8s de la mer <\/strong>ou encore sur des passerelles r\u00e9nov\u00e9es \u00e0 cet effet.<\/p>\n\n\n<div class=\"wp-block-image\">\n<figure class=\"aligncenter size-large\"><img loading=\"lazy\" decoding=\"async\" width=\"1024\" height=\"743\" src=\"https:\/\/terreatribord.bzh\/blog\/wp-content\/uploads\/2024\/05\/carte-velomaritime-1-1024x743.png\" alt=\"velomaritime penvenan lanloup\" class=\"wp-image-666\" srcset=\"https:\/\/terreatribord.bzh\/blog\/wp-content\/uploads\/2024\/05\/carte-velomaritime-1-1024x743.png 1024w, https:\/\/terreatribord.bzh\/blog\/wp-content\/uploads\/2024\/05\/carte-velomaritime-1-300x218.png 300w, https:\/\/terreatribord.bzh\/blog\/wp-content\/uploads\/2024\/05\/carte-velomaritime-1-768x557.png 768w, https:\/\/terreatribord.bzh\/blog\/wp-content\/uploads\/2024\/05\/carte-velomaritime-1-676x490.png 676w, https:\/\/terreatribord.bzh\/blog\/wp-content\/uploads\/2024\/05\/carte-velomaritime-1.png 1034w\" sizes=\"auto, (max-width: 1024px) 100vw, 1024px\" \/><figcaption class=\"wp-element-caption\">La Velomaritime de penvenan \u00e0 lanloup dans les cotes d armor<\/figcaption><\/figure>\n<\/div>\n\n\n<h2 class=\"wp-block-heading has-text-align-center\">Terre \u00e0 Tribord et les v\u00e9los<\/h2>\n\n\n<div class=\"wp-block-image\">\n<figure class=\"aligncenter size-large\"><img loading=\"lazy\" decoding=\"async\" width=\"1024\" height=\"683\" src=\"https:\/\/terreatribord.bzh\/blog\/wp-content\/uploads\/2024\/05\/velo-terre-a-tribord-1024x683.jpg\" alt=\"velo terre a tribord\" class=\"wp-image-665\" srcset=\"https:\/\/terreatribord.bzh\/blog\/wp-content\/uploads\/2024\/05\/velo-terre-a-tribord-1024x683.jpg 1024w, https:\/\/terreatribord.bzh\/blog\/wp-content\/uploads\/2024\/05\/velo-terre-a-tribord-300x200.jpg 300w, https:\/\/terreatribord.bzh\/blog\/wp-content\/uploads\/2024\/05\/velo-terre-a-tribord-768x512.jpg 768w, https:\/\/terreatribord.bzh\/blog\/wp-content\/uploads\/2024\/05\/velo-terre-a-tribord-1536x1024.jpg 1536w, https:\/\/terreatribord.bzh\/blog\/wp-content\/uploads\/2024\/05\/velo-terre-a-tribord-2048x1365.jpg 2048w, https:\/\/terreatribord.bzh\/blog\/wp-content\/uploads\/2024\/05\/velo-terre-a-tribord-676x451.jpg 676w\" sizes=\"auto, (max-width: 1024px) 100vw, 1024px\" \/><figcaption class=\"wp-element-caption\">Les v\u00e9los de terre a tribord gites en bretagne<\/figcaption><\/figure>\n<\/div>\n\n\n<p>La <a href=\"https:\/\/terreatribord.bzh\/tyGwenn\">maison Ty Gwenn<\/a> dispose d&rsquo;un garage o\u00f9 vous pourrez stocker vos v\u00e9los. Nous vous mettons \u00e0 votre disposition 2 v\u00e9los adulte.<\/p>\n\n\n\n<p>Pour la <a href=\"https:\/\/terreatribord.bzh\/tyGlaz\">maison Ty Glaz<\/a>, vous pourrez garer vos v\u00e9los dans son jardin privatif. <\/p>\n\n\n\n<p>Vous avez aussi la possibilit\u00e9 de louer des&nbsp;v\u00e9los&nbsp;(\u00e9lectriques ou non) gr\u00e2ce \u00e0 notre partenaire&nbsp;<a href=\"https:\/\/www.location-capalouest.com\/\" target=\"_blank\" rel=\"noreferrer noopener\">Cap \u00e0 l\u2019Ouest<\/a>. Ils seront directement livr\u00e9s \u00e0 votre maison de vacances pour la dur\u00e9e que vous souhaitez.<\/p>\n\n\n\n<h2 class=\"wp-block-heading has-text-align-center\">La V\u00e9lomaritime, une partie d&rsquo;un itin\u00e9raire europ\u00e9en<\/h2>\n\n\n\n<p>La V\u00e9lomaritime est la partie fran\u00e7aise de l&rsquo;EuroVelo 4. C&rsquo;est une v\u00e9loroute qui relie Roscoff \u00e0 Kiev en Ukraine. Elle traverse 7 pays, soit plus de 4000 km.<\/p>\n\n\n\n<p>Retrouvez plus d\u2019informations sur le <a href=\"https:\/\/www.lavelomaritime.fr\/\" target=\"_blank\" rel=\"noreferrer noopener\">site internet d\u00e9di\u00e9 \u00e0 cette v\u00e9loroute<\/a>.<\/p>\n\n\n\n<p><\/p>\n","protected":false},"excerpt":{"rendered":"<p>Traversant la c\u00f4te nord de la France, la V\u00e9lomaritime est une v\u00e9loroute d&rsquo;environ 1500 km. L&rsquo;itin\u00e9raire reliant Roscoff (Finist\u00e8re) jusqu&rsquo;\u00e0 la fronti\u00e8re fran\u00e7aise \u00e0 Braye-Dunes (Nord), offre une magnifique vue sur la mer et passe par de nombreux attraits culturels et naturels. Une belle mani\u00e8re de d\u00e9couvrir la Bretagne en v\u00e9lo.<\/p>\n","protected":false},"author":1,"featured_media":579,"comment_status":"closed","ping_status":"closed","sticky":false,"template":"","format":"standard","meta":{"footnotes":""},"categories":[8],"tags":[14,13,11,12,16],"class_list":["post-659","post","type-post","status-publish","format-standard","has-post-thumbnail","hentry","category-decouverte-de-la-bretagne","tag-balade","tag-mer","tag-nature","tag-patrimoine-historique","tag-ville","post-preview"],"yoast_head":"<!-- This site is optimized with the Yoast SEO plugin v27.5 - https:\/\/yoast.com\/product\/yoast-seo-wordpress\/ -->\n<title>La V\u00e9lomaritime, la v\u00e9loroute longeant la Bretagne nord - Terre \u00e0 Tribord !<\/title>\n<meta name=\"description\" content=\"D\u00e9couvez la V\u00e9lomaritime dans les c\u00f4tes d&#039;armor, un itin\u00e9raire v\u00e9loroute bucolique suivant la mer et les charmantes villes bretonnes.\" \/>\n<meta name=\"robots\" content=\"index, follow, max-snippet:-1, max-image-preview:large, max-video-preview:-1\" \/>\n<link rel=\"canonical\" href=\"https:\/\/terreatribord.bzh\/blog\/2024\/05\/15\/la-velomaritime-la-veloroute-longeant-la-bretagne-nord\/\" \/>\n<meta property=\"og:locale\" content=\"fr_FR\" \/>\n<meta property=\"og:type\" content=\"article\" \/>\n<meta property=\"og:title\" content=\"La v\u00e9lomaritime en Bretagne\" \/>\n<meta property=\"og:description\" content=\"D\u00e9couvez la V\u00e9lomaritime dans les c\u00f4tes d&#039;armor, un itin\u00e9raire v\u00e9loroute bucolique suivant la mer et les charmantes villes bretonnes.\" \/>\n<meta property=\"og:url\" content=\"https:\/\/terreatribord.bzh\/blog\/2024\/05\/15\/la-velomaritime-la-veloroute-longeant-la-bretagne-nord\/\" \/>\n<meta property=\"og:site_name\" content=\"Terre \u00e0 Tribord !\" \/>\n<meta property=\"article:published_time\" content=\"2024-05-15T13:00:42+00:00\" \/>\n<meta property=\"article:modified_time\" content=\"2025-05-15T16:53:25+00:00\" \/>\n<meta property=\"og:image\" content=\"https:\/\/terreatribord.bzh\/blog\/wp-content\/uploads\/2023\/07\/velomaritime-scaled.jpg\" \/>\n\t<meta property=\"og:image:width\" content=\"1920\" \/>\n\t<meta property=\"og:image:height\" content=\"2560\" \/>\n\t<meta property=\"og:image:type\" content=\"image\/jpeg\" \/>\n<meta name=\"author\" content=\"Charlotte\" \/>\n<meta name=\"twitter:card\" content=\"summary_large_image\" \/>\n<meta name=\"twitter:label1\" content=\"\u00c9crit par\" \/>\n\t<meta name=\"twitter:data1\" content=\"Charlotte\" \/>\n\t<meta name=\"twitter:label2\" content=\"Dur\u00e9e de lecture estim\u00e9e\" \/>\n\t<meta name=\"twitter:data2\" content=\"5 minutes\" \/>\n<script type=\"application\/ld+json\" class=\"yoast-schema-graph\">{\"@context\":\"https:\\\/\\\/schema.org\",\"@graph\":[{\"@type\":\"Article\",\"@id\":\"https:\\\/\\\/terreatribord.bzh\\\/blog\\\/2024\\\/05\\\/15\\\/la-velomaritime-la-veloroute-longeant-la-bretagne-nord\\\/#article\",\"isPartOf\":{\"@id\":\"https:\\\/\\\/terreatribord.bzh\\\/blog\\\/2024\\\/05\\\/15\\\/la-velomaritime-la-veloroute-longeant-la-bretagne-nord\\\/\"},\"author\":{\"name\":\"Charlotte\",\"@id\":\"https:\\\/\\\/terreatribord.bzh\\\/blog\\\/#\\\/schema\\\/person\\\/799840395f3f8c1f423b7eac8cacc075\"},\"headline\":\"La V\u00e9lomaritime, la v\u00e9loroute longeant la Bretagne nord\",\"datePublished\":\"2024-05-15T13:00:42+00:00\",\"dateModified\":\"2025-05-15T16:53:25+00:00\",\"mainEntityOfPage\":{\"@id\":\"https:\\\/\\\/terreatribord.bzh\\\/blog\\\/2024\\\/05\\\/15\\\/la-velomaritime-la-veloroute-longeant-la-bretagne-nord\\\/\"},\"wordCount\":515,\"publisher\":{\"@id\":\"https:\\\/\\\/terreatribord.bzh\\\/blog\\\/#\\\/schema\\\/person\\\/799840395f3f8c1f423b7eac8cacc075\"},\"image\":{\"@id\":\"https:\\\/\\\/terreatribord.bzh\\\/blog\\\/2024\\\/05\\\/15\\\/la-velomaritime-la-veloroute-longeant-la-bretagne-nord\\\/#primaryimage\"},\"thumbnailUrl\":\"https:\\\/\\\/terreatribord.bzh\\\/blog\\\/wp-content\\\/uploads\\\/2023\\\/07\\\/velomaritime-scaled.jpg\",\"keywords\":[\"Balade\",\"Mer\",\"Nature\",\"Patrimoine historique\",\"Ville\"],\"articleSection\":[\"D\u00e9couverte de la Bretagne\"],\"inLanguage\":\"fr-FR\"},{\"@type\":\"WebPage\",\"@id\":\"https:\\\/\\\/terreatribord.bzh\\\/blog\\\/2024\\\/05\\\/15\\\/la-velomaritime-la-veloroute-longeant-la-bretagne-nord\\\/\",\"url\":\"https:\\\/\\\/terreatribord.bzh\\\/blog\\\/2024\\\/05\\\/15\\\/la-velomaritime-la-veloroute-longeant-la-bretagne-nord\\\/\",\"name\":\"La V\u00e9lomaritime, la v\u00e9loroute longeant la Bretagne nord - Terre \u00e0 Tribord !\",\"isPartOf\":{\"@id\":\"https:\\\/\\\/terreatribord.bzh\\\/blog\\\/#website\"},\"primaryImageOfPage\":{\"@id\":\"https:\\\/\\\/terreatribord.bzh\\\/blog\\\/2024\\\/05\\\/15\\\/la-velomaritime-la-veloroute-longeant-la-bretagne-nord\\\/#primaryimage\"},\"image\":{\"@id\":\"https:\\\/\\\/terreatribord.bzh\\\/blog\\\/2024\\\/05\\\/15\\\/la-velomaritime-la-veloroute-longeant-la-bretagne-nord\\\/#primaryimage\"},\"thumbnailUrl\":\"https:\\\/\\\/terreatribord.bzh\\\/blog\\\/wp-content\\\/uploads\\\/2023\\\/07\\\/velomaritime-scaled.jpg\",\"datePublished\":\"2024-05-15T13:00:42+00:00\",\"dateModified\":\"2025-05-15T16:53:25+00:00\",\"description\":\"D\u00e9couvez la V\u00e9lomaritime dans les c\u00f4tes d'armor, un itin\u00e9raire v\u00e9loroute bucolique suivant la mer et les charmantes villes bretonnes.\",\"breadcrumb\":{\"@id\":\"https:\\\/\\\/terreatribord.bzh\\\/blog\\\/2024\\\/05\\\/15\\\/la-velomaritime-la-veloroute-longeant-la-bretagne-nord\\\/#breadcrumb\"},\"inLanguage\":\"fr-FR\",\"potentialAction\":[{\"@type\":\"ReadAction\",\"target\":[\"https:\\\/\\\/terreatribord.bzh\\\/blog\\\/2024\\\/05\\\/15\\\/la-velomaritime-la-veloroute-longeant-la-bretagne-nord\\\/\"]}]},{\"@type\":\"ImageObject\",\"inLanguage\":\"fr-FR\",\"@id\":\"https:\\\/\\\/terreatribord.bzh\\\/blog\\\/2024\\\/05\\\/15\\\/la-velomaritime-la-veloroute-longeant-la-bretagne-nord\\\/#primaryimage\",\"url\":\"https:\\\/\\\/terreatribord.bzh\\\/blog\\\/wp-content\\\/uploads\\\/2023\\\/07\\\/velomaritime-scaled.jpg\",\"contentUrl\":\"https:\\\/\\\/terreatribord.bzh\\\/blog\\\/wp-content\\\/uploads\\\/2023\\\/07\\\/velomaritime-scaled.jpg\",\"width\":1920,\"height\":2560,\"caption\":\"velomaritime tr\u00e9gastel bretagne\"},{\"@type\":\"BreadcrumbList\",\"@id\":\"https:\\\/\\\/terreatribord.bzh\\\/blog\\\/2024\\\/05\\\/15\\\/la-velomaritime-la-veloroute-longeant-la-bretagne-nord\\\/#breadcrumb\",\"itemListElement\":[{\"@type\":\"ListItem\",\"position\":1,\"name\":\"Accueil\",\"item\":\"https:\\\/\\\/terreatribord.bzh\\\/blog\\\/\"},{\"@type\":\"ListItem\",\"position\":2,\"name\":\"La V\u00e9lomaritime, la v\u00e9loroute longeant la Bretagne nord\"}]},{\"@type\":\"WebSite\",\"@id\":\"https:\\\/\\\/terreatribord.bzh\\\/blog\\\/#website\",\"url\":\"https:\\\/\\\/terreatribord.bzh\\\/blog\\\/\",\"name\":\"Terre \u00e0 Tribord !\",\"description\":\"Le blog qui met le cap sur la Bretagne.\",\"publisher\":{\"@id\":\"https:\\\/\\\/terreatribord.bzh\\\/blog\\\/#\\\/schema\\\/person\\\/799840395f3f8c1f423b7eac8cacc075\"},\"potentialAction\":[{\"@type\":\"SearchAction\",\"target\":{\"@type\":\"EntryPoint\",\"urlTemplate\":\"https:\\\/\\\/terreatribord.bzh\\\/blog\\\/?s={search_term_string}\"},\"query-input\":{\"@type\":\"PropertyValueSpecification\",\"valueRequired\":true,\"valueName\":\"search_term_string\"}}],\"inLanguage\":\"fr-FR\"},{\"@type\":[\"Person\",\"Organization\"],\"@id\":\"https:\\\/\\\/terreatribord.bzh\\\/blog\\\/#\\\/schema\\\/person\\\/799840395f3f8c1f423b7eac8cacc075\",\"name\":\"Charlotte\",\"image\":{\"@type\":\"ImageObject\",\"inLanguage\":\"fr-FR\",\"@id\":\"https:\\\/\\\/blog.terreatribord.bzh\\\/wp-content\\\/uploads\\\/2021\\\/08\\\/36825346_2456960194321511_447552153637093376_n.jpg\",\"url\":\"https:\\\/\\\/blog.terreatribord.bzh\\\/wp-content\\\/uploads\\\/2021\\\/08\\\/36825346_2456960194321511_447552153637093376_n.jpg\",\"contentUrl\":\"https:\\\/\\\/blog.terreatribord.bzh\\\/wp-content\\\/uploads\\\/2021\\\/08\\\/36825346_2456960194321511_447552153637093376_n.jpg\",\"width\":1462,\"height\":1462,\"caption\":\"Charlotte\"},\"logo\":{\"@id\":\"https:\\\/\\\/blog.terreatribord.bzh\\\/wp-content\\\/uploads\\\/2021\\\/08\\\/36825346_2456960194321511_447552153637093376_n.jpg\"},\"sameAs\":[\"https:\\\/\\\/blog.terreatribord.bzh\"]}]}<\/script>\n<!-- \/ Yoast SEO plugin. -->","yoast_head_json":{"title":"La V\u00e9lomaritime, la v\u00e9loroute longeant la Bretagne nord - Terre \u00e0 Tribord !","description":"D\u00e9couvez la V\u00e9lomaritime dans les c\u00f4tes d'armor, un itin\u00e9raire v\u00e9loroute bucolique suivant la mer et les charmantes villes bretonnes.","robots":{"index":"index","follow":"follow","max-snippet":"max-snippet:-1","max-image-preview":"max-image-preview:large","max-video-preview":"max-video-preview:-1"},"canonical":"https:\/\/terreatribord.bzh\/blog\/2024\/05\/15\/la-velomaritime-la-veloroute-longeant-la-bretagne-nord\/","og_locale":"fr_FR","og_type":"article","og_title":"La v\u00e9lomaritime en Bretagne","og_description":"D\u00e9couvez la V\u00e9lomaritime dans les c\u00f4tes d'armor, un itin\u00e9raire v\u00e9loroute bucolique suivant la mer et les charmantes villes bretonnes.","og_url":"https:\/\/terreatribord.bzh\/blog\/2024\/05\/15\/la-velomaritime-la-veloroute-longeant-la-bretagne-nord\/","og_site_name":"Terre \u00e0 Tribord !","article_published_time":"2024-05-15T13:00:42+00:00","article_modified_time":"2025-05-15T16:53:25+00:00","og_image":[{"width":1920,"height":2560,"url":"https:\/\/terreatribord.bzh\/blog\/wp-content\/uploads\/2023\/07\/velomaritime-scaled.jpg","type":"image\/jpeg"}],"author":"Charlotte","twitter_card":"summary_large_image","twitter_misc":{"\u00c9crit par":"Charlotte","Dur\u00e9e de lecture estim\u00e9e":"5 minutes"},"schema":{"@context":"https:\/\/schema.org","@graph":[{"@type":"Article","@id":"https:\/\/terreatribord.bzh\/blog\/2024\/05\/15\/la-velomaritime-la-veloroute-longeant-la-bretagne-nord\/#article","isPartOf":{"@id":"https:\/\/terreatribord.bzh\/blog\/2024\/05\/15\/la-velomaritime-la-veloroute-longeant-la-bretagne-nord\/"},"author":{"name":"Charlotte","@id":"https:\/\/terreatribord.bzh\/blog\/#\/schema\/person\/799840395f3f8c1f423b7eac8cacc075"},"headline":"La V\u00e9lomaritime, la v\u00e9loroute longeant la Bretagne nord","datePublished":"2024-05-15T13:00:42+00:00","dateModified":"2025-05-15T16:53:25+00:00","mainEntityOfPage":{"@id":"https:\/\/terreatribord.bzh\/blog\/2024\/05\/15\/la-velomaritime-la-veloroute-longeant-la-bretagne-nord\/"},"wordCount":515,"publisher":{"@id":"https:\/\/terreatribord.bzh\/blog\/#\/schema\/person\/799840395f3f8c1f423b7eac8cacc075"},"image":{"@id":"https:\/\/terreatribord.bzh\/blog\/2024\/05\/15\/la-velomaritime-la-veloroute-longeant-la-bretagne-nord\/#primaryimage"},"thumbnailUrl":"https:\/\/terreatribord.bzh\/blog\/wp-content\/uploads\/2023\/07\/velomaritime-scaled.jpg","keywords":["Balade","Mer","Nature","Patrimoine historique","Ville"],"articleSection":["D\u00e9couverte de la Bretagne"],"inLanguage":"fr-FR"},{"@type":"WebPage","@id":"https:\/\/terreatribord.bzh\/blog\/2024\/05\/15\/la-velomaritime-la-veloroute-longeant-la-bretagne-nord\/","url":"https:\/\/terreatribord.bzh\/blog\/2024\/05\/15\/la-velomaritime-la-veloroute-longeant-la-bretagne-nord\/","name":"La V\u00e9lomaritime, la v\u00e9loroute longeant la Bretagne nord - Terre \u00e0 Tribord !","isPartOf":{"@id":"https:\/\/terreatribord.bzh\/blog\/#website"},"primaryImageOfPage":{"@id":"https:\/\/terreatribord.bzh\/blog\/2024\/05\/15\/la-velomaritime-la-veloroute-longeant-la-bretagne-nord\/#primaryimage"},"image":{"@id":"https:\/\/terreatribord.bzh\/blog\/2024\/05\/15\/la-velomaritime-la-veloroute-longeant-la-bretagne-nord\/#primaryimage"},"thumbnailUrl":"https:\/\/terreatribord.bzh\/blog\/wp-content\/uploads\/2023\/07\/velomaritime-scaled.jpg","datePublished":"2024-05-15T13:00:42+00:00","dateModified":"2025-05-15T16:53:25+00:00","description":"D\u00e9couvez la V\u00e9lomaritime dans les c\u00f4tes d'armor, un itin\u00e9raire v\u00e9loroute bucolique suivant la mer et les charmantes villes bretonnes.","breadcrumb":{"@id":"https:\/\/terreatribord.bzh\/blog\/2024\/05\/15\/la-velomaritime-la-veloroute-longeant-la-bretagne-nord\/#breadcrumb"},"inLanguage":"fr-FR","potentialAction":[{"@type":"ReadAction","target":["https:\/\/terreatribord.bzh\/blog\/2024\/05\/15\/la-velomaritime-la-veloroute-longeant-la-bretagne-nord\/"]}]},{"@type":"ImageObject","inLanguage":"fr-FR","@id":"https:\/\/terreatribord.bzh\/blog\/2024\/05\/15\/la-velomaritime-la-veloroute-longeant-la-bretagne-nord\/#primaryimage","url":"https:\/\/terreatribord.bzh\/blog\/wp-content\/uploads\/2023\/07\/velomaritime-scaled.jpg","contentUrl":"https:\/\/terreatribord.bzh\/blog\/wp-content\/uploads\/2023\/07\/velomaritime-scaled.jpg","width":1920,"height":2560,"caption":"velomaritime tr\u00e9gastel bretagne"},{"@type":"BreadcrumbList","@id":"https:\/\/terreatribord.bzh\/blog\/2024\/05\/15\/la-velomaritime-la-veloroute-longeant-la-bretagne-nord\/#breadcrumb","itemListElement":[{"@type":"ListItem","position":1,"name":"Accueil","item":"https:\/\/terreatribord.bzh\/blog\/"},{"@type":"ListItem","position":2,"name":"La V\u00e9lomaritime, la v\u00e9loroute longeant la Bretagne nord"}]},{"@type":"WebSite","@id":"https:\/\/terreatribord.bzh\/blog\/#website","url":"https:\/\/terreatribord.bzh\/blog\/","name":"Terre \u00e0 Tribord !","description":"Le blog qui met le cap sur la Bretagne.","publisher":{"@id":"https:\/\/terreatribord.bzh\/blog\/#\/schema\/person\/799840395f3f8c1f423b7eac8cacc075"},"potentialAction":[{"@type":"SearchAction","target":{"@type":"EntryPoint","urlTemplate":"https:\/\/terreatribord.bzh\/blog\/?s={search_term_string}"},"query-input":{"@type":"PropertyValueSpecification","valueRequired":true,"valueName":"search_term_string"}}],"inLanguage":"fr-FR"},{"@type":["Person","Organization"],"@id":"https:\/\/terreatribord.bzh\/blog\/#\/schema\/person\/799840395f3f8c1f423b7eac8cacc075","name":"Charlotte","image":{"@type":"ImageObject","inLanguage":"fr-FR","@id":"https:\/\/blog.terreatribord.bzh\/wp-content\/uploads\/2021\/08\/36825346_2456960194321511_447552153637093376_n.jpg","url":"https:\/\/blog.terreatribord.bzh\/wp-content\/uploads\/2021\/08\/36825346_2456960194321511_447552153637093376_n.jpg","contentUrl":"https:\/\/blog.terreatribord.bzh\/wp-content\/uploads\/2021\/08\/36825346_2456960194321511_447552153637093376_n.jpg","width":1462,"height":1462,"caption":"Charlotte"},"logo":{"@id":"https:\/\/blog.terreatribord.bzh\/wp-content\/uploads\/2021\/08\/36825346_2456960194321511_447552153637093376_n.jpg"},"sameAs":["https:\/\/blog.terreatribord.bzh"]}]}},"_links":{"self":[{"href":"https:\/\/terreatribord.bzh\/blog\/wp-json\/wp\/v2\/posts\/659","targetHints":{"allow":["GET"]}}],"collection":[{"href":"https:\/\/terreatribord.bzh\/blog\/wp-json\/wp\/v2\/posts"}],"about":[{"href":"https:\/\/terreatribord.bzh\/blog\/wp-json\/wp\/v2\/types\/post"}],"author":[{"embeddable":true,"href":"https:\/\/terreatribord.bzh\/blog\/wp-json\/wp\/v2\/users\/1"}],"replies":[{"embeddable":true,"href":"https:\/\/terreatribord.bzh\/blog\/wp-json\/wp\/v2\/comments?post=659"}],"version-history":[{"count":13,"href":"https:\/\/terreatribord.bzh\/blog\/wp-json\/wp\/v2\/posts\/659\/revisions"}],"predecessor-version":[{"id":876,"href":"https:\/\/terreatribord.bzh\/blog\/wp-json\/wp\/v2\/posts\/659\/revisions\/876"}],"wp:featuredmedia":[{"embeddable":true,"href":"https:\/\/terreatribord.bzh\/blog\/wp-json\/wp\/v2\/media\/579"}],"wp:attachment":[{"href":"https:\/\/terreatribord.bzh\/blog\/wp-json\/wp\/v2\/media?parent=659"}],"wp:term":[{"taxonomy":"category","embeddable":true,"href":"https:\/\/terreatribord.bzh\/blog\/wp-json\/wp\/v2\/categories?post=659"},{"taxonomy":"post_tag","embeddable":true,"href":"https:\/\/terreatribord.bzh\/blog\/wp-json\/wp\/v2\/tags?post=659"}],"curies":[{"name":"wp","href":"https:\/\/api.w.org\/{rel}","templated":true}]}}