{"id":688,"date":"2024-06-15T15:00:19","date_gmt":"2024-06-15T13:00:19","guid":{"rendered":"https:\/\/terreatribord.bzh\/blog\/?p=688"},"modified":"2025-11-06T22:13:44","modified_gmt":"2025-11-06T21:13:44","slug":"trelevern-le-joyau-cache-de-la-cote-de-granit-rose","status":"publish","type":"post","link":"https:\/\/terreatribord.bzh\/blog\/2024\/06\/15\/trelevern-le-joyau-cache-de-la-cote-de-granit-rose\/","title":{"rendered":"Tr\u00e9l\u00e9vern, le joyau cach\u00e9 de la C\u00f4te de Granit Rose"},"content":{"rendered":"\n<p>Bienvenue \u00e0 Tr\u00e9l\u00e9vern, un petit coin de paradis nich\u00e9 sur la magnifique C\u00f4te de Granit Rose en <a href=\"https:\/\/terreatribord.bzh\/blog\/2021\/09\/12\/la-bretagne\/\">Bretagne<\/a>. Si vous cherchez une destination paisible, riche en beaut\u00e9 naturelle et en patrimoine, Tr\u00e9l\u00e9vern est l&rsquo;endroit id\u00e9al pour vos prochaines vacances. Suivez moi \u00e0 la d\u00e9couverte de mon village natal, de son charme breton et de ses magnifiques paysages.<\/p>\n\n\n\n<!--more-->\n\n\n\n<h2 class=\"wp-block-heading has-text-align-center\">Un petit village sur la c\u00f4te nord de la Bretagne<\/h2>\n\n\n<div class=\"wp-block-image\">\n<figure class=\"aligncenter size-large\"><img loading=\"lazy\" decoding=\"async\" width=\"1024\" height=\"819\" src=\"https:\/\/terreatribord.bzh\/blog\/wp-content\/uploads\/2024\/06\/village-Trelevern-1024x819.jpg\" alt=\"Le village de Tr\u00e9l\u00e9vern\" class=\"wp-image-694\" srcset=\"https:\/\/terreatribord.bzh\/blog\/wp-content\/uploads\/2024\/06\/village-Trelevern-1024x819.jpg 1024w, https:\/\/terreatribord.bzh\/blog\/wp-content\/uploads\/2024\/06\/village-Trelevern-300x240.jpg 300w, https:\/\/terreatribord.bzh\/blog\/wp-content\/uploads\/2024\/06\/village-Trelevern-768x614.jpg 768w, https:\/\/terreatribord.bzh\/blog\/wp-content\/uploads\/2024\/06\/village-Trelevern-1536x1229.jpg 1536w, https:\/\/terreatribord.bzh\/blog\/wp-content\/uploads\/2024\/06\/village-Trelevern-2048x1638.jpg 2048w, https:\/\/terreatribord.bzh\/blog\/wp-content\/uploads\/2024\/06\/village-Trelevern-676x541.jpg 676w\" sizes=\"auto, (max-width: 1024px) 100vw, 1024px\" \/><figcaption class=\"wp-element-caption\">Le village de Tr\u00e9l\u00e9vern sur la C\u00f4te de granit Rose<\/figcaption><\/figure>\n<\/div>\n\n\n<p>Face \u00e0 la mer, Tr\u00e9l\u00e9vern a \u00e9t\u00e9 longtemps m\u00e9connu \u00e0 cause de sa situation g\u00e9ographique et de son \u00e9cart des axes de circulation. De plus, l\u2019attraction de la station baln\u00e9aire de <a href=\"https:\/\/terreatribord.bzh\/blog\/2024\/10\/15\/perros-guirec-cote-de-granit-rose\/#more-722\">Perros-Guirec<\/a> toute proche a laiss\u00e9 ce joli village \u00e0 l&rsquo;\u00e9cart.<\/p>\n\n\n\n<p>Aujourd\u2019hui, c\u2019est un site privil\u00e9gi\u00e9, m\u00eame recherch\u00e9, face \u00e0 <strong>l\u2019archipel des 7 \u00eeles<\/strong>. Nous sommes environs 1300 tr\u00e9l\u00e9vernais et tr\u00e9l\u00e9vernaises.<\/p>\n\n\n\n<p>Dans les rues de Tr\u00e9l\u00e9vern, on se prom\u00e8ne avec plaisir \u00e0 pied ou en v\u00e9lo, une douceur de vivre y r\u00e8gne. Le <strong>bourg de Tr\u00e9l\u00e9vern<\/strong> abrite de belles petites maisons en pierre et des commerces de premi\u00e8re n\u00e9cessit\u00e9&nbsp;:<\/p>\n\n\n\n<ul class=\"wp-block-list\">\n<li>Une boulangerie o\u00f9 tout est fait maison<\/li>\n\n\n\n<li>Un bar restaurant convivial qui propose une cuisine fran\u00e7aise locale et bio<\/li>\n\n\n\n<li>Une excellente boucherie<\/li>\n\n\n\n<li>Un bar \u00e9picerie<\/li>\n\n\n\n<li>Un mara\u00eecher bio<\/li>\n\n\n\n<li>Un salon de coiffure<\/li>\n<\/ul>\n\n\n\n<p>Face aux \u00eeles se trouve Port L&rsquo;Epine, le <strong>joli port de p\u00eache<\/strong> de Tr\u00e9l\u00e9vern. A la belle saison, c&rsquo;est un endroit vivant et tr\u00e8s sympa : les enfants s&rsquo;amusent sur les aires de jeux tandis que les adultes discutent p\u00eache, s&rsquo;adonnent \u00e0 la boule bretonne ou encore prennent un caf\u00e9 ou un verre au caf\u00e9 du camping.<\/p>\n\n\n\n<p>A la droite du port, la belle <strong>plage de sable<\/strong> <strong>fin<\/strong> K\u00e9riec a des allures de plage de Cara\u00efbes avec <strong>ses eaux translucides<\/strong>. Il n\u2019y a que la temp\u00e9rature de l\u2019eau qui change \ud83d\ude09 .<\/p>\n\n\n\n<p>Sur le littoral, en for\u00eat et dans la campagne, des chemins de randonn\u00e9es invitent \u00e0 de belles balades \u00e0 pied ou \u00e0 v\u00e9lo.<\/p>\n\n\n\n<h2 class=\"wp-block-heading has-text-align-center\"><strong>L\u2019histoire et la culture de Tr\u00e9l\u00e9vern<\/strong><\/h2>\n\n\n<div class=\"wp-block-image\">\n<figure class=\"aligncenter size-large\"><img loading=\"lazy\" decoding=\"async\" width=\"1024\" height=\"768\" src=\"https:\/\/terreatribord.bzh\/blog\/wp-content\/uploads\/2024\/06\/keriec-2-trelevern-1024x768.jpg\" alt=\"Pointe de k\u00e9riec Tr\u00e9l\u00e9vern\" class=\"wp-image-696\" srcset=\"https:\/\/terreatribord.bzh\/blog\/wp-content\/uploads\/2024\/06\/keriec-2-trelevern-1024x768.jpg 1024w, https:\/\/terreatribord.bzh\/blog\/wp-content\/uploads\/2024\/06\/keriec-2-trelevern-300x225.jpg 300w, https:\/\/terreatribord.bzh\/blog\/wp-content\/uploads\/2024\/06\/keriec-2-trelevern-768x576.jpg 768w, https:\/\/terreatribord.bzh\/blog\/wp-content\/uploads\/2024\/06\/keriec-2-trelevern-1536x1152.jpg 1536w, https:\/\/terreatribord.bzh\/blog\/wp-content\/uploads\/2024\/06\/keriec-2-trelevern-2048x1536.jpg 2048w, https:\/\/terreatribord.bzh\/blog\/wp-content\/uploads\/2024\/06\/keriec-2-trelevern-676x507.jpg 676w\" sizes=\"auto, (max-width: 1024px) 100vw, 1024px\" \/><figcaption class=\"wp-element-caption\">La pointe de K\u00e9riec \u00e0 Tr\u00e9l\u00e9vern<\/figcaption><\/figure>\n<\/div>\n\n\n<p>L\u2019histoire de Tr\u00e9l\u00e9vern est intimement li\u00e9e \u00e0 la mer, \u00e0 la terre et \u00e0 la pierre.<\/p>\n\n\n\n<p>D\u00e8s la pr\u00e9histoire il y avait de la vie \u00e0 Tr\u00e9l\u00e9vern, pour preuve un <strong>dolmen long de 15 m\u00e8tres<\/strong> au sommet de la pointe de K\u00e9riec. Malheureusement il a \u00e9t\u00e9 enti\u00e8rement d\u00e9truit en 1970 et ses pierres ont servi de linteaux pour des constructions de maisons neuves.<\/p>\n\n\n\n<p>Au 18\u00e8me si\u00e8cle, une intense <strong>activit\u00e9 navale<\/strong> r\u00e9gnait sur les c\u00f4tes et Vauban, mar\u00e9chal de France de Louis XIV, a renforc\u00e9 la d\u00e9fense des c\u00f4tes dont celles de Tr\u00e9l\u00e9vern.<\/p>\n\n\n\n<p>Il y eu une batterie (munie de 3 canons et de 3 calibres) ainsi qu&rsquo;un corps de garde. Ils seront totalement d\u00e9sarm\u00e9s en 1869.<\/p>\n\n\n\n<p>Durant la seconde guerre mondiale, l\u2019arm\u00e9e allemande fortifia de nouveau la butte.<\/p>\n\n\n\n<p>Aujourd\u2019hui, on peut y d\u00e9couvrir encore ces vestiges. Le site a \u00e9t\u00e9 restaur\u00e9 et compl\u00e9t\u00e9 par des panneaux d\u2019information ainsi qu&rsquo; une table d\u2019orientation.<\/p>\n\n\n\n<p>Comme beaucoup de paroisses bretonnes, Tr\u00e9l\u00e9vern a son <strong>pardon<\/strong> (le 25 juillet) et c\u00e9l\u00e8bre la<strong> Sainte Anne<\/strong>. Chaque ann\u00e9e, c&rsquo;est l&rsquo;occasion de mettre \u00e0 l&rsquo;honneur la <strong>convivialit\u00e9<\/strong> et les <strong>traditions bretonnes<\/strong> (costumes et musique) lors d&rsquo;une procession.<\/p>\n\n\n\n<h2 class=\"wp-block-heading has-text-align-center\"><strong>Les terres agricoles et le go\u00e9mon, la richesse de Tr\u00e9l\u00e9vern<\/strong><\/h2>\n\n\n\n<p>Le littoral marin tr\u00e9l\u00e9vernais est riche en <strong>go\u00e9mon<\/strong> (une algue brune). C\u2019est le point de r\u00e9colte le plus important de la c\u00f4te nord bretonne. Il sert d\u2019engrais naturel aux agriculteurs.<\/p>\n\n\n\n<p>La campagne de Tr\u00e9l\u00e9vern a une partie tr\u00e8s importante. Ces terres font parties d\u2019un territoire mara\u00eecher riche gr\u00e2ce \u00e0 la douceur maritime.<\/p>\n\n\n\n<h2 class=\"wp-block-heading has-text-align-center\"><strong>les incontournables de Tr\u00e9l\u00e9vern&nbsp;<\/strong><\/h2>\n\n\n<div class=\"wp-block-image\">\n<figure class=\"aligncenter size-large\"><img loading=\"lazy\" decoding=\"async\" width=\"1024\" height=\"787\" src=\"https:\/\/terreatribord.bzh\/blog\/wp-content\/uploads\/2024\/06\/keriec-trelevern-1024x787.jpg\" alt=\"Plage de K\u00e9riec - Tr\u00e9l\u00e9vern\" class=\"wp-image-697\" srcset=\"https:\/\/terreatribord.bzh\/blog\/wp-content\/uploads\/2024\/06\/keriec-trelevern-1024x787.jpg 1024w, https:\/\/terreatribord.bzh\/blog\/wp-content\/uploads\/2024\/06\/keriec-trelevern-300x231.jpg 300w, https:\/\/terreatribord.bzh\/blog\/wp-content\/uploads\/2024\/06\/keriec-trelevern-768x591.jpg 768w, https:\/\/terreatribord.bzh\/blog\/wp-content\/uploads\/2024\/06\/keriec-trelevern-1536x1181.jpg 1536w, https:\/\/terreatribord.bzh\/blog\/wp-content\/uploads\/2024\/06\/keriec-trelevern-2048x1575.jpg 2048w, https:\/\/terreatribord.bzh\/blog\/wp-content\/uploads\/2024\/06\/keriec-trelevern-676x520.jpg 676w\" sizes=\"auto, (max-width: 1024px) 100vw, 1024px\" \/><figcaption class=\"wp-element-caption\">La plage de sable fin K\u00e9riec<\/figcaption><\/figure>\n<\/div>\n\n\n<p>La <strong>plage de K\u00e9riec<\/strong> est l\u2019une des plus belles plages de la c\u00f4te. Familiale avec son <strong>sable fin<\/strong> et ses <strong>eaux cristallines<\/strong>, c&rsquo;est l&rsquo;endroit id\u00e9al pour se d\u00e9tendre et profiter des joies de la mer.<\/p>\n\n\n\n<p>Les eaux de Tr\u00e9l\u00e9vern sont parfaites pour la pratique de divers sports nautiques :  kite-surf, voile, kayak ou paddle &#8230; Vous trouverez les conditions id\u00e9ales pour vous adonner \u00e0 vos activit\u00e9s pr\u00e9f\u00e9r\u00e9es. Des \u00e9coles de voile locales offrent \u00e9galement des cours pour ceux qui souhaitent s\u2019initier.<\/p>\n\n\n\n<p>Entre <strong>la mer, la for\u00eat, le village et la<\/strong> <strong>campagne<\/strong>, il y a plein de <strong>chemins de randonn\u00e9es<\/strong>&nbsp;: le <strong><a href=\"https:\/\/terreatribord.bzh\/blog\/2024\/02\/15\/le-gr34-le-sentier-des-douaniers-en-bretagne\/\">GR34<\/a><\/strong> (ancien sentier des douaniers) qui longe le littoral breton, la vall\u00e9e des moulins, le tour de la butte de Port l\u2019Epine\u2026.<\/p>\n\n\n\n<p>La <strong><a href=\"https:\/\/terreatribord.bzh\/blog\/2024\/05\/15\/la-velomaritime-la-veloroute-longeant-la-bretagne-nord\/\">v\u00e9lomaritime<\/a><\/strong>, l\u2019itin\u00e9raire v\u00e9lo longeant le littoral de la Manche de Roscoff (Finist\u00e8re) \u00e0 Braye-Dunes (Nord), passe par la campagne de Tr\u00e9l\u00e9vern. Elle offre une <strong>balade bucolique<\/strong> par des chemins peu fr\u00e9quent\u00e9s par les voitures, pr\u00e8s de la mer, dans la campagne bretonne ou dans les charmantes petites villes et permet de rejoindre les principaux int\u00e9r\u00eats de la r\u00e9gion. En 30 minutes, vous \u00eates \u00e0 <strong>Perros-Guirec<\/strong> ou en 1h \u00e0 <strong>Tr\u00e9guier<\/strong>.<\/p>\n\n\n\n<h2 class=\"wp-block-heading has-text-align-center\"><strong>Les d\u00e9gustations \u00e0 d\u00e9couvrir \u00e0 Tr\u00e9l\u00e9vern<\/strong><\/h2>\n\n\n<div class=\"wp-block-image\">\n<figure class=\"aligncenter size-large\"><img loading=\"lazy\" decoding=\"async\" width=\"768\" height=\"1024\" src=\"https:\/\/terreatribord.bzh\/blog\/wp-content\/uploads\/2023\/11\/palmiers-768x1024.jpg\" alt=\"les palmiers de Tr\u00e9l\u00e9vern\" class=\"wp-image-620\" srcset=\"https:\/\/terreatribord.bzh\/blog\/wp-content\/uploads\/2023\/11\/palmiers-768x1024.jpg 768w, https:\/\/terreatribord.bzh\/blog\/wp-content\/uploads\/2023\/11\/palmiers-225x300.jpg 225w, https:\/\/terreatribord.bzh\/blog\/wp-content\/uploads\/2023\/11\/palmiers-1152x1536.jpg 1152w, https:\/\/terreatribord.bzh\/blog\/wp-content\/uploads\/2023\/11\/palmiers-1536x2048.jpg 1536w, https:\/\/terreatribord.bzh\/blog\/wp-content\/uploads\/2023\/11\/palmiers-676x901.jpg 676w, https:\/\/terreatribord.bzh\/blog\/wp-content\/uploads\/2023\/11\/palmiers-scaled.jpg 1920w\" sizes=\"auto, (max-width: 768px) 100vw, 768px\" \/><figcaption class=\"wp-element-caption\">Les palmiers de Tr\u00e9l\u00e9vern sp\u00e9cialit\u00e9 bretonne<\/figcaption><\/figure>\n<\/div>\n\n\n<p>La sp\u00e9cialit\u00e9 gastronomique de Tr\u00e9l\u00e9vern est le <strong>Palmier de Tr\u00e9l\u00e9vern<\/strong>. Sa c\u00e9l\u00e9brit\u00e9 a commenc\u00e9 lors du passage de M. Jean-Pierre Coffe \u00e0 la boulangerie. Il voulait go\u00fbter quelque chose et a choisi les palmiers, qu\u2019il a ador\u00e9 ! Fabriqu\u00e9 avec de bons ingr\u00e9dients bretons, les palmiers de Tr\u00e9l\u00e9vern ont gagn\u00e9 de nombreux concours nationaux. Vous les trouverez dans la boulangerie de Tr\u00e9l\u00e9vern.<\/p>\n\n\n\n<p>Chaque dimanche matin des mois de juillet et ao\u00fbt, il y a un <strong>march\u00e9 dans le bourg de Tr\u00e9l\u00e9vern <\/strong>avec des produits frais : poissons, crustac\u00e9s, l\u00e9gumes, cidre, jus de pomme, artisanat local &#8230; Il y a une atmosph\u00e8re tr\u00e8s sympa. C&rsquo;est l&rsquo;occasion de s&rsquo;arr\u00eater boire un caf\u00e9 ou de d\u00e9guster des hu\u00eetres \u00e0 midi au caf\u00e9 du bourg.<\/p>\n\n\n\n<h2 class=\"wp-block-heading has-text-align-center\">Les conseils pratiques<\/h2>\n\n\n<div class=\"wp-block-image\">\n<figure class=\"aligncenter size-full\"><img loading=\"lazy\" decoding=\"async\" width=\"372\" height=\"212\" src=\"https:\/\/terreatribord.bzh\/blog\/wp-content\/uploads\/2024\/06\/carte-bretagne.png\" alt=\"\" class=\"wp-image-702\" srcset=\"https:\/\/terreatribord.bzh\/blog\/wp-content\/uploads\/2024\/06\/carte-bretagne.png 372w, https:\/\/terreatribord.bzh\/blog\/wp-content\/uploads\/2024\/06\/carte-bretagne-300x171.png 300w\" sizes=\"auto, (max-width: 372px) 100vw, 372px\" \/><\/figure>\n<\/div>\n\n\n<p>Tr\u00e9l\u00e9vern se situe \u00e0 8km de Perros-Guirec, 12km de Lannion, 15km de Tr\u00e9guier et 30km de Paimpol.<\/p>\n\n\n\n<p>les g\u00eetes <a href=\"https:\/\/terreatribord.bzh\/home\">Terre \u00e0 Tribord<\/a> se situant au c\u0153ur du village, vous pouvez partir directement \u00e0 pied ou \u00e0 v\u00e9lo d\u00e9couvrir Tr\u00e9l\u00e9vern.<\/p>\n\n\n\n<h3 class=\"wp-block-heading\">Quand visiter<\/h3>\n\n\n\n<p>Gr\u00e2ce son <strong>climat doucement temp\u00e9r\u00e9 par la mer<\/strong> (entre 20 et 25\u00b0 l\u2019\u00e9t\u00e9 et 8 \u00e0 12\u00b0 l\u2019hiver), chaque saison a son charme :<\/p>\n\n\n\n<ul class=\"wp-block-list\">\n<li>Le printemps pour appr\u00e9cier le pr\u00e9mices des beaux jours et les jardins fleuris,<\/li>\n\n\n\n<li>Les mois d\u2019\u00e9t\u00e9 pour la convivialit\u00e9 et profiter des plages et des sports nautiques,<\/li>\n\n\n\n<li><a href=\"https:\/\/terreatribord.bzh\/blog\/2023\/07\/15\/la-douceur-de-l-automne-en-bretagne\/\">L&rsquo;automne<\/a> pour l&rsquo;\u00e9t\u00e9 indien, son ambiance plus paisible et authentique,<\/li>\n\n\n\n<li><a href=\"https:\/\/terreatribord.bzh\/blog\/2024\/11\/15\/lhiver-en-bretagne-authenticite-et-serenite\/\">Les mois d&rsquo;hiver<\/a> pour d\u00e9couvrir les temp\u00eates gr\u00e2ce \u00e0 la proximit\u00e9 de la mer.<\/li>\n<\/ul>\n\n\n\n<h3 class=\"wp-block-heading\">Comment s&rsquo;y rendre<\/h3>\n\n\n\n<p>Tr\u00e9l\u00e9vern est facilement accessible en voiture depuis les grandes villes de Bretagne. La gare la plus proche est \u00e0 Lannion. <\/p>\n\n\n\n<p>Pour les voyageurs internationaux, l\u2019a\u00e9roport de Brest propose des vols r\u00e9guliers vers de nombreuses destinations europ\u00e9ennes et la gare maritime de Roscoff, des liaisons r\u00e9guli\u00e8rement depuis l&rsquo;Angleterre et l&rsquo;Irlande.<\/p>\n","protected":false},"excerpt":{"rendered":"<p>Bienvenue \u00e0 Tr\u00e9l\u00e9vern, un petit coin de paradis nich\u00e9 sur la magnifique C\u00f4te de Granit Rose en Bretagne. Si vous cherchez une destination paisible, riche en beaut\u00e9 naturelle et en patrimoine, Tr\u00e9l\u00e9vern est l&rsquo;endroit id\u00e9al pour vos prochaines vacances. Suivez moi \u00e0 la d\u00e9couverte de mon village natal, de son charme breton et de ses [&hellip;]<\/p>\n","protected":false},"author":1,"featured_media":698,"comment_status":"closed","ping_status":"closed","sticky":false,"template":"","format":"standard","meta":{"footnotes":""},"categories":[8],"tags":[13,12,17,18],"class_list":["post-688","post","type-post","status-publish","format-standard","has-post-thumbnail","hentry","category-decouverte-de-la-bretagne","tag-mer","tag-patrimoine-historique","tag-produits-du-terroir","tag-traditions-bretonnes","post-preview"],"yoast_head":"<!-- This site is optimized with the Yoast SEO plugin v27.5 - https:\/\/yoast.com\/product\/yoast-seo-wordpress\/ -->\n<title>Tr\u00e9l\u00e9vern, le joyau cach\u00e9 de la C\u00f4te de Granit Rose - Terre \u00e0 Tribord !<\/title>\n<meta name=\"description\" content=\"D\u00e9couvrez le village de Tr\u00e9l\u00e9vern sur la C\u00f4te de Granit Rose et nos g\u00eetes pour un s\u00e9jour inoubliable en Bretagne.\" \/>\n<meta name=\"robots\" content=\"index, follow, max-snippet:-1, max-image-preview:large, max-video-preview:-1\" \/>\n<link rel=\"canonical\" href=\"https:\/\/terreatribord.bzh\/blog\/2024\/06\/15\/trelevern-le-joyau-cache-de-la-cote-de-granit-rose\/\" \/>\n<meta property=\"og:locale\" content=\"fr_FR\" \/>\n<meta property=\"og:type\" content=\"article\" \/>\n<meta property=\"og:title\" content=\"Tr\u00e9l\u00e9vern, le joyau cach\u00e9 de la C\u00f4te de Granit Rose\" \/>\n<meta property=\"og:description\" content=\"D\u00e9couvrez le village de Tr\u00e9l\u00e9vern sur la c\u00f4te nord de la Bretagne. Une douceur de vivre r\u00e8gne dans ce village rest\u00e9 authentique.\" \/>\n<meta property=\"og:url\" content=\"https:\/\/terreatribord.bzh\/blog\/2024\/06\/15\/trelevern-le-joyau-cache-de-la-cote-de-granit-rose\/\" \/>\n<meta property=\"og:site_name\" content=\"Terre \u00e0 Tribord !\" \/>\n<meta property=\"article:published_time\" content=\"2024-06-15T13:00:19+00:00\" \/>\n<meta property=\"article:modified_time\" content=\"2025-11-06T21:13:44+00:00\" \/>\n<meta property=\"og:image\" content=\"https:\/\/terreatribord.bzh\/blog\/wp-content\/uploads\/2024\/06\/point-de-vue-trelevern-scaled.jpg\" \/>\n\t<meta property=\"og:image:width\" content=\"2560\" \/>\n\t<meta property=\"og:image:height\" content=\"1920\" \/>\n\t<meta property=\"og:image:type\" content=\"image\/jpeg\" \/>\n<meta name=\"author\" content=\"Charlotte\" \/>\n<meta name=\"twitter:card\" content=\"summary_large_image\" \/>\n<meta name=\"twitter:label1\" content=\"\u00c9crit par\" \/>\n\t<meta name=\"twitter:data1\" content=\"Charlotte\" \/>\n\t<meta name=\"twitter:label2\" content=\"Dur\u00e9e de lecture estim\u00e9e\" \/>\n\t<meta name=\"twitter:data2\" content=\"7 minutes\" \/>\n<script type=\"application\/ld+json\" class=\"yoast-schema-graph\">{\"@context\":\"https:\\\/\\\/schema.org\",\"@graph\":[{\"@type\":\"Article\",\"@id\":\"https:\\\/\\\/terreatribord.bzh\\\/blog\\\/2024\\\/06\\\/15\\\/trelevern-le-joyau-cache-de-la-cote-de-granit-rose\\\/#article\",\"isPartOf\":{\"@id\":\"https:\\\/\\\/terreatribord.bzh\\\/blog\\\/2024\\\/06\\\/15\\\/trelevern-le-joyau-cache-de-la-cote-de-granit-rose\\\/\"},\"author\":{\"name\":\"Charlotte\",\"@id\":\"https:\\\/\\\/terreatribord.bzh\\\/blog\\\/#\\\/schema\\\/person\\\/799840395f3f8c1f423b7eac8cacc075\"},\"headline\":\"Tr\u00e9l\u00e9vern, le joyau cach\u00e9 de la C\u00f4te de Granit Rose\",\"datePublished\":\"2024-06-15T13:00:19+00:00\",\"dateModified\":\"2025-11-06T21:13:44+00:00\",\"mainEntityOfPage\":{\"@id\":\"https:\\\/\\\/terreatribord.bzh\\\/blog\\\/2024\\\/06\\\/15\\\/trelevern-le-joyau-cache-de-la-cote-de-granit-rose\\\/\"},\"wordCount\":1255,\"publisher\":{\"@id\":\"https:\\\/\\\/terreatribord.bzh\\\/blog\\\/#\\\/schema\\\/person\\\/799840395f3f8c1f423b7eac8cacc075\"},\"image\":{\"@id\":\"https:\\\/\\\/terreatribord.bzh\\\/blog\\\/2024\\\/06\\\/15\\\/trelevern-le-joyau-cache-de-la-cote-de-granit-rose\\\/#primaryimage\"},\"thumbnailUrl\":\"https:\\\/\\\/terreatribord.bzh\\\/blog\\\/wp-content\\\/uploads\\\/2024\\\/06\\\/point-de-vue-trelevern-scaled.jpg\",\"keywords\":[\"Mer\",\"Patrimoine historique\",\"Produits du terroir\",\"Traditions bretonnes\"],\"articleSection\":[\"D\u00e9couverte de la Bretagne\"],\"inLanguage\":\"fr-FR\"},{\"@type\":\"WebPage\",\"@id\":\"https:\\\/\\\/terreatribord.bzh\\\/blog\\\/2024\\\/06\\\/15\\\/trelevern-le-joyau-cache-de-la-cote-de-granit-rose\\\/\",\"url\":\"https:\\\/\\\/terreatribord.bzh\\\/blog\\\/2024\\\/06\\\/15\\\/trelevern-le-joyau-cache-de-la-cote-de-granit-rose\\\/\",\"name\":\"Tr\u00e9l\u00e9vern, le joyau cach\u00e9 de la C\u00f4te de Granit Rose - Terre \u00e0 Tribord !\",\"isPartOf\":{\"@id\":\"https:\\\/\\\/terreatribord.bzh\\\/blog\\\/#website\"},\"primaryImageOfPage\":{\"@id\":\"https:\\\/\\\/terreatribord.bzh\\\/blog\\\/2024\\\/06\\\/15\\\/trelevern-le-joyau-cache-de-la-cote-de-granit-rose\\\/#primaryimage\"},\"image\":{\"@id\":\"https:\\\/\\\/terreatribord.bzh\\\/blog\\\/2024\\\/06\\\/15\\\/trelevern-le-joyau-cache-de-la-cote-de-granit-rose\\\/#primaryimage\"},\"thumbnailUrl\":\"https:\\\/\\\/terreatribord.bzh\\\/blog\\\/wp-content\\\/uploads\\\/2024\\\/06\\\/point-de-vue-trelevern-scaled.jpg\",\"datePublished\":\"2024-06-15T13:00:19+00:00\",\"dateModified\":\"2025-11-06T21:13:44+00:00\",\"description\":\"D\u00e9couvrez le village de Tr\u00e9l\u00e9vern sur la C\u00f4te de Granit Rose et nos g\u00eetes pour un s\u00e9jour inoubliable en Bretagne.\",\"breadcrumb\":{\"@id\":\"https:\\\/\\\/terreatribord.bzh\\\/blog\\\/2024\\\/06\\\/15\\\/trelevern-le-joyau-cache-de-la-cote-de-granit-rose\\\/#breadcrumb\"},\"inLanguage\":\"fr-FR\",\"potentialAction\":[{\"@type\":\"ReadAction\",\"target\":[\"https:\\\/\\\/terreatribord.bzh\\\/blog\\\/2024\\\/06\\\/15\\\/trelevern-le-joyau-cache-de-la-cote-de-granit-rose\\\/\"]}]},{\"@type\":\"ImageObject\",\"inLanguage\":\"fr-FR\",\"@id\":\"https:\\\/\\\/terreatribord.bzh\\\/blog\\\/2024\\\/06\\\/15\\\/trelevern-le-joyau-cache-de-la-cote-de-granit-rose\\\/#primaryimage\",\"url\":\"https:\\\/\\\/terreatribord.bzh\\\/blog\\\/wp-content\\\/uploads\\\/2024\\\/06\\\/point-de-vue-trelevern-scaled.jpg\",\"contentUrl\":\"https:\\\/\\\/terreatribord.bzh\\\/blog\\\/wp-content\\\/uploads\\\/2024\\\/06\\\/point-de-vue-trelevern-scaled.jpg\",\"width\":2560,\"height\":1920,\"caption\":\"Point de vue \u00e0 Tr\u00e9l\u00e9vern C\u00f4te de granit Rose C\u00f4tes d'Armor Bretagne\"},{\"@type\":\"BreadcrumbList\",\"@id\":\"https:\\\/\\\/terreatribord.bzh\\\/blog\\\/2024\\\/06\\\/15\\\/trelevern-le-joyau-cache-de-la-cote-de-granit-rose\\\/#breadcrumb\",\"itemListElement\":[{\"@type\":\"ListItem\",\"position\":1,\"name\":\"Accueil\",\"item\":\"https:\\\/\\\/terreatribord.bzh\\\/blog\\\/\"},{\"@type\":\"ListItem\",\"position\":2,\"name\":\"Tr\u00e9l\u00e9vern, le joyau cach\u00e9 de la C\u00f4te de Granit Rose\"}]},{\"@type\":\"WebSite\",\"@id\":\"https:\\\/\\\/terreatribord.bzh\\\/blog\\\/#website\",\"url\":\"https:\\\/\\\/terreatribord.bzh\\\/blog\\\/\",\"name\":\"Terre \u00e0 Tribord !\",\"description\":\"Le blog qui met le cap sur la Bretagne.\",\"publisher\":{\"@id\":\"https:\\\/\\\/terreatribord.bzh\\\/blog\\\/#\\\/schema\\\/person\\\/799840395f3f8c1f423b7eac8cacc075\"},\"potentialAction\":[{\"@type\":\"SearchAction\",\"target\":{\"@type\":\"EntryPoint\",\"urlTemplate\":\"https:\\\/\\\/terreatribord.bzh\\\/blog\\\/?s={search_term_string}\"},\"query-input\":{\"@type\":\"PropertyValueSpecification\",\"valueRequired\":true,\"valueName\":\"search_term_string\"}}],\"inLanguage\":\"fr-FR\"},{\"@type\":[\"Person\",\"Organization\"],\"@id\":\"https:\\\/\\\/terreatribord.bzh\\\/blog\\\/#\\\/schema\\\/person\\\/799840395f3f8c1f423b7eac8cacc075\",\"name\":\"Charlotte\",\"image\":{\"@type\":\"ImageObject\",\"inLanguage\":\"fr-FR\",\"@id\":\"https:\\\/\\\/blog.terreatribord.bzh\\\/wp-content\\\/uploads\\\/2021\\\/08\\\/36825346_2456960194321511_447552153637093376_n.jpg\",\"url\":\"https:\\\/\\\/blog.terreatribord.bzh\\\/wp-content\\\/uploads\\\/2021\\\/08\\\/36825346_2456960194321511_447552153637093376_n.jpg\",\"contentUrl\":\"https:\\\/\\\/blog.terreatribord.bzh\\\/wp-content\\\/uploads\\\/2021\\\/08\\\/36825346_2456960194321511_447552153637093376_n.jpg\",\"width\":1462,\"height\":1462,\"caption\":\"Charlotte\"},\"logo\":{\"@id\":\"https:\\\/\\\/blog.terreatribord.bzh\\\/wp-content\\\/uploads\\\/2021\\\/08\\\/36825346_2456960194321511_447552153637093376_n.jpg\"},\"sameAs\":[\"https:\\\/\\\/blog.terreatribord.bzh\"]}]}<\/script>\n<!-- \/ Yoast SEO plugin. -->","yoast_head_json":{"title":"Tr\u00e9l\u00e9vern, le joyau cach\u00e9 de la C\u00f4te de Granit Rose - Terre \u00e0 Tribord !","description":"D\u00e9couvrez le village de Tr\u00e9l\u00e9vern sur la C\u00f4te de Granit Rose et nos g\u00eetes pour un s\u00e9jour inoubliable en Bretagne.","robots":{"index":"index","follow":"follow","max-snippet":"max-snippet:-1","max-image-preview":"max-image-preview:large","max-video-preview":"max-video-preview:-1"},"canonical":"https:\/\/terreatribord.bzh\/blog\/2024\/06\/15\/trelevern-le-joyau-cache-de-la-cote-de-granit-rose\/","og_locale":"fr_FR","og_type":"article","og_title":"Tr\u00e9l\u00e9vern, le joyau cach\u00e9 de la C\u00f4te de Granit Rose","og_description":"D\u00e9couvrez le village de Tr\u00e9l\u00e9vern sur la c\u00f4te nord de la Bretagne. Une douceur de vivre r\u00e8gne dans ce village rest\u00e9 authentique.","og_url":"https:\/\/terreatribord.bzh\/blog\/2024\/06\/15\/trelevern-le-joyau-cache-de-la-cote-de-granit-rose\/","og_site_name":"Terre \u00e0 Tribord !","article_published_time":"2024-06-15T13:00:19+00:00","article_modified_time":"2025-11-06T21:13:44+00:00","og_image":[{"width":2560,"height":1920,"url":"https:\/\/terreatribord.bzh\/blog\/wp-content\/uploads\/2024\/06\/point-de-vue-trelevern-scaled.jpg","type":"image\/jpeg"}],"author":"Charlotte","twitter_card":"summary_large_image","twitter_misc":{"\u00c9crit par":"Charlotte","Dur\u00e9e de lecture estim\u00e9e":"7 minutes"},"schema":{"@context":"https:\/\/schema.org","@graph":[{"@type":"Article","@id":"https:\/\/terreatribord.bzh\/blog\/2024\/06\/15\/trelevern-le-joyau-cache-de-la-cote-de-granit-rose\/#article","isPartOf":{"@id":"https:\/\/terreatribord.bzh\/blog\/2024\/06\/15\/trelevern-le-joyau-cache-de-la-cote-de-granit-rose\/"},"author":{"name":"Charlotte","@id":"https:\/\/terreatribord.bzh\/blog\/#\/schema\/person\/799840395f3f8c1f423b7eac8cacc075"},"headline":"Tr\u00e9l\u00e9vern, le joyau cach\u00e9 de la C\u00f4te de Granit Rose","datePublished":"2024-06-15T13:00:19+00:00","dateModified":"2025-11-06T21:13:44+00:00","mainEntityOfPage":{"@id":"https:\/\/terreatribord.bzh\/blog\/2024\/06\/15\/trelevern-le-joyau-cache-de-la-cote-de-granit-rose\/"},"wordCount":1255,"publisher":{"@id":"https:\/\/terreatribord.bzh\/blog\/#\/schema\/person\/799840395f3f8c1f423b7eac8cacc075"},"image":{"@id":"https:\/\/terreatribord.bzh\/blog\/2024\/06\/15\/trelevern-le-joyau-cache-de-la-cote-de-granit-rose\/#primaryimage"},"thumbnailUrl":"https:\/\/terreatribord.bzh\/blog\/wp-content\/uploads\/2024\/06\/point-de-vue-trelevern-scaled.jpg","keywords":["Mer","Patrimoine historique","Produits du terroir","Traditions bretonnes"],"articleSection":["D\u00e9couverte de la Bretagne"],"inLanguage":"fr-FR"},{"@type":"WebPage","@id":"https:\/\/terreatribord.bzh\/blog\/2024\/06\/15\/trelevern-le-joyau-cache-de-la-cote-de-granit-rose\/","url":"https:\/\/terreatribord.bzh\/blog\/2024\/06\/15\/trelevern-le-joyau-cache-de-la-cote-de-granit-rose\/","name":"Tr\u00e9l\u00e9vern, le joyau cach\u00e9 de la C\u00f4te de Granit Rose - Terre \u00e0 Tribord !","isPartOf":{"@id":"https:\/\/terreatribord.bzh\/blog\/#website"},"primaryImageOfPage":{"@id":"https:\/\/terreatribord.bzh\/blog\/2024\/06\/15\/trelevern-le-joyau-cache-de-la-cote-de-granit-rose\/#primaryimage"},"image":{"@id":"https:\/\/terreatribord.bzh\/blog\/2024\/06\/15\/trelevern-le-joyau-cache-de-la-cote-de-granit-rose\/#primaryimage"},"thumbnailUrl":"https:\/\/terreatribord.bzh\/blog\/wp-content\/uploads\/2024\/06\/point-de-vue-trelevern-scaled.jpg","datePublished":"2024-06-15T13:00:19+00:00","dateModified":"2025-11-06T21:13:44+00:00","description":"D\u00e9couvrez le village de Tr\u00e9l\u00e9vern sur la C\u00f4te de Granit Rose et nos g\u00eetes pour un s\u00e9jour inoubliable en Bretagne.","breadcrumb":{"@id":"https:\/\/terreatribord.bzh\/blog\/2024\/06\/15\/trelevern-le-joyau-cache-de-la-cote-de-granit-rose\/#breadcrumb"},"inLanguage":"fr-FR","potentialAction":[{"@type":"ReadAction","target":["https:\/\/terreatribord.bzh\/blog\/2024\/06\/15\/trelevern-le-joyau-cache-de-la-cote-de-granit-rose\/"]}]},{"@type":"ImageObject","inLanguage":"fr-FR","@id":"https:\/\/terreatribord.bzh\/blog\/2024\/06\/15\/trelevern-le-joyau-cache-de-la-cote-de-granit-rose\/#primaryimage","url":"https:\/\/terreatribord.bzh\/blog\/wp-content\/uploads\/2024\/06\/point-de-vue-trelevern-scaled.jpg","contentUrl":"https:\/\/terreatribord.bzh\/blog\/wp-content\/uploads\/2024\/06\/point-de-vue-trelevern-scaled.jpg","width":2560,"height":1920,"caption":"Point de vue \u00e0 Tr\u00e9l\u00e9vern C\u00f4te de granit Rose C\u00f4tes d'Armor Bretagne"},{"@type":"BreadcrumbList","@id":"https:\/\/terreatribord.bzh\/blog\/2024\/06\/15\/trelevern-le-joyau-cache-de-la-cote-de-granit-rose\/#breadcrumb","itemListElement":[{"@type":"ListItem","position":1,"name":"Accueil","item":"https:\/\/terreatribord.bzh\/blog\/"},{"@type":"ListItem","position":2,"name":"Tr\u00e9l\u00e9vern, le joyau cach\u00e9 de la C\u00f4te de Granit Rose"}]},{"@type":"WebSite","@id":"https:\/\/terreatribord.bzh\/blog\/#website","url":"https:\/\/terreatribord.bzh\/blog\/","name":"Terre \u00e0 Tribord !","description":"Le blog qui met le cap sur la Bretagne.","publisher":{"@id":"https:\/\/terreatribord.bzh\/blog\/#\/schema\/person\/799840395f3f8c1f423b7eac8cacc075"},"potentialAction":[{"@type":"SearchAction","target":{"@type":"EntryPoint","urlTemplate":"https:\/\/terreatribord.bzh\/blog\/?s={search_term_string}"},"query-input":{"@type":"PropertyValueSpecification","valueRequired":true,"valueName":"search_term_string"}}],"inLanguage":"fr-FR"},{"@type":["Person","Organization"],"@id":"https:\/\/terreatribord.bzh\/blog\/#\/schema\/person\/799840395f3f8c1f423b7eac8cacc075","name":"Charlotte","image":{"@type":"ImageObject","inLanguage":"fr-FR","@id":"https:\/\/blog.terreatribord.bzh\/wp-content\/uploads\/2021\/08\/36825346_2456960194321511_447552153637093376_n.jpg","url":"https:\/\/blog.terreatribord.bzh\/wp-content\/uploads\/2021\/08\/36825346_2456960194321511_447552153637093376_n.jpg","contentUrl":"https:\/\/blog.terreatribord.bzh\/wp-content\/uploads\/2021\/08\/36825346_2456960194321511_447552153637093376_n.jpg","width":1462,"height":1462,"caption":"Charlotte"},"logo":{"@id":"https:\/\/blog.terreatribord.bzh\/wp-content\/uploads\/2021\/08\/36825346_2456960194321511_447552153637093376_n.jpg"},"sameAs":["https:\/\/blog.terreatribord.bzh"]}]}},"_links":{"self":[{"href":"https:\/\/terreatribord.bzh\/blog\/wp-json\/wp\/v2\/posts\/688","targetHints":{"allow":["GET"]}}],"collection":[{"href":"https:\/\/terreatribord.bzh\/blog\/wp-json\/wp\/v2\/posts"}],"about":[{"href":"https:\/\/terreatribord.bzh\/blog\/wp-json\/wp\/v2\/types\/post"}],"author":[{"embeddable":true,"href":"https:\/\/terreatribord.bzh\/blog\/wp-json\/wp\/v2\/users\/1"}],"replies":[{"embeddable":true,"href":"https:\/\/terreatribord.bzh\/blog\/wp-json\/wp\/v2\/comments?post=688"}],"version-history":[{"count":19,"href":"https:\/\/terreatribord.bzh\/blog\/wp-json\/wp\/v2\/posts\/688\/revisions"}],"predecessor-version":[{"id":927,"href":"https:\/\/terreatribord.bzh\/blog\/wp-json\/wp\/v2\/posts\/688\/revisions\/927"}],"wp:featuredmedia":[{"embeddable":true,"href":"https:\/\/terreatribord.bzh\/blog\/wp-json\/wp\/v2\/media\/698"}],"wp:attachment":[{"href":"https:\/\/terreatribord.bzh\/blog\/wp-json\/wp\/v2\/media?parent=688"}],"wp:term":[{"taxonomy":"category","embeddable":true,"href":"https:\/\/terreatribord.bzh\/blog\/wp-json\/wp\/v2\/categories?post=688"},{"taxonomy":"post_tag","embeddable":true,"href":"https:\/\/terreatribord.bzh\/blog\/wp-json\/wp\/v2\/tags?post=688"}],"curies":[{"name":"wp","href":"https:\/\/api.w.org\/{rel}","templated":true}]}}