{"id":788,"date":"2025-03-15T15:04:14","date_gmt":"2025-03-15T14:04:14","guid":{"rendered":"https:\/\/terreatribord.bzh\/blog\/?p=788"},"modified":"2025-10-14T22:11:25","modified_gmt":"2025-10-14T20:11:25","slug":"un-printemps-en-bretagne-une-parenthese-iodee-aux-beaux-jours","status":"publish","type":"post","link":"https:\/\/terreatribord.bzh\/blog\/2025\/03\/15\/un-printemps-en-bretagne-une-parenthese-iodee-aux-beaux-jours\/","title":{"rendered":"Un printemps en Bretagne\u00a0: une parenth\u00e8se iod\u00e9e aux beaux jours"},"content":{"rendered":"\n<p>Partir en <strong>vacances en <a href=\"https:\/\/terreatribord.bzh\/blog\/2021\/09\/12\/la-bretagne\/\">Bretagne <\/a>au printemps<\/strong> est toujours une bonne id\u00e9e : la nature se r\u00e9veille, une lumi\u00e8re douce, des villages paisibles \u2026 <\/p>\n\n\n\n<p>Cette saison r\u00e9v\u00e8le une autre facette de la <strong>C\u00f4te de Granit Rose<\/strong>. Autour de Perros-Guirec, on savoure un rythme plus tranquille, entre balades en bord de mer, plages encore calmes, march\u00e9s locaux et premiers pique-niques au soleil. <\/p>\n\n\n\n<p>Voici <strong>mes id\u00e9es pour savoir que faire en Bretagne au printemps<\/strong>, que vous veniez en famille, en couple ou en solo.<\/p>\n\n\n\n<!--more-->\n\n\n\n<h2 class=\"wp-block-heading has-text-align-center\"><strong>Respirer l\u2019air marin le long du GR34<\/strong><\/h2>\n\n\n<div class=\"wp-block-image\">\n<figure class=\"aligncenter size-large\"><img loading=\"lazy\" decoding=\"async\" width=\"1024\" height=\"768\" src=\"https:\/\/terreatribord.bzh\/blog\/wp-content\/uploads\/2025\/03\/ploumanach2-1024x768.jpg\" alt=\"ploumanac'h c\u00f4tes d'armor bretagne\" class=\"wp-image-793\" srcset=\"https:\/\/terreatribord.bzh\/blog\/wp-content\/uploads\/2025\/03\/ploumanach2-1024x768.jpg 1024w, https:\/\/terreatribord.bzh\/blog\/wp-content\/uploads\/2025\/03\/ploumanach2-300x225.jpg 300w, https:\/\/terreatribord.bzh\/blog\/wp-content\/uploads\/2025\/03\/ploumanach2-768x576.jpg 768w, https:\/\/terreatribord.bzh\/blog\/wp-content\/uploads\/2025\/03\/ploumanach2-1536x1152.jpg 1536w, https:\/\/terreatribord.bzh\/blog\/wp-content\/uploads\/2025\/03\/ploumanach2-2048x1536.jpg 2048w, https:\/\/terreatribord.bzh\/blog\/wp-content\/uploads\/2025\/03\/ploumanach2-676x507.jpg 676w\" sizes=\"auto, (max-width: 1024px) 100vw, 1024px\" \/><figcaption class=\"wp-element-caption\">Ploumanac&rsquo;h le long du sentier des douaniers (GR34)<\/figcaption><\/figure>\n<\/div>\n\n\n<p>Rien de tel qu\u2019une <strong>balade sur le c\u00e9l\u00e8bre sentier des douaniers<\/strong>, le GR34, pour admirer les paysages marins qui se parent de couleurs printani\u00e8res. Entre <strong>rochers sculpt\u00e9s<\/strong> par les \u00e9l\u00e9ments, <strong>criques secr\u00e8tes<\/strong> et <strong>petits ports pleins de charme<\/strong>, chaque pas r\u00e9serve une nouvelle surprise.<\/p>\n\n\n\n<p>Depuis les g\u00eetes <a href=\"https:\/\/terreatribord.bzh\/home\">Terre \u00e0 Tribord<\/a>, le GR34 est accessible \u00e0 seulement 800 m\u00e8tres, une belle invitation \u00e0 une <strong>balade iod\u00e9e<\/strong>.<\/p>\n\n\n\n<p>\ud83d\udccc <em><a href=\"https:\/\/terreatribord.bzh\/blog\/2024\/02\/15\/le-gr34-le-sentier-des-douaniers-en-bretagne\/\">Pour en savoir plus, retrouvez mon article d\u00e9di\u00e9 au GR34<\/a>.<\/em><\/p>\n\n\n\n<h2 class=\"wp-block-heading has-text-align-center\"><strong>Quelles \u00eeles visiter au printemps en Bretagne&nbsp;?<\/strong><\/h2>\n\n\n<div class=\"wp-block-image\">\n<figure class=\"aligncenter size-large\"><img loading=\"lazy\" decoding=\"async\" width=\"768\" height=\"1024\" src=\"https:\/\/terreatribord.bzh\/blog\/wp-content\/uploads\/2025\/03\/trebeurden-768x1024.jpg\" alt=\"tr\u00e9beurden c\u00f4tes d'armor bretagne\" class=\"wp-image-794\" srcset=\"https:\/\/terreatribord.bzh\/blog\/wp-content\/uploads\/2025\/03\/trebeurden-768x1024.jpg 768w, https:\/\/terreatribord.bzh\/blog\/wp-content\/uploads\/2025\/03\/trebeurden-225x300.jpg 225w, https:\/\/terreatribord.bzh\/blog\/wp-content\/uploads\/2025\/03\/trebeurden-1152x1536.jpg 1152w, https:\/\/terreatribord.bzh\/blog\/wp-content\/uploads\/2025\/03\/trebeurden-1536x2048.jpg 1536w, https:\/\/terreatribord.bzh\/blog\/wp-content\/uploads\/2025\/03\/trebeurden-676x901.jpg 676w, https:\/\/terreatribord.bzh\/blog\/wp-content\/uploads\/2025\/03\/trebeurden-scaled.jpg 1920w\" sizes=\"auto, (max-width: 768px) 100vw, 768px\" \/><figcaption class=\"wp-element-caption\">L&rsquo;\u00cele Milliau \u00e0 Tr\u00e9beurden<\/figcaption><\/figure>\n<\/div>\n\n\n<p>Le <strong>littoral des C\u00f4tes d\u2019Armor<\/strong> est ponctu\u00e9 d\u2019\u00eeles et d\u2019\u00eelots qui offrent des paysages uniques. Voici donc quelques \u00eeles accessibles que je vous conseille :<\/p>\n\n\n\n<h3 class=\"wp-block-heading\"><strong>\ud83c\udf38 L&rsquo;\u00cele de Br\u00e9hat<\/strong> pr\u00e8s de Paimpol<\/h3>\n\n\n\n<p>Surnomm\u00e9e l&rsquo;<strong>\u00eele aux fleurs<\/strong>, elle se visite uniquement \u00e0 pied ou \u00e0 v\u00e9lo. Un d\u00e9paysement garanti ! <\/p>\n\n\n\n<p>\ud83d\udccc<em><a href=\"https:\/\/terreatribord.bzh\/blog\/2023\/01\/15\/lile-de-brehat\/\">Pour en savoir plus, retrouvez mon article d\u00e9di\u00e9 \u00e0 l&rsquo;\u00cele de Br\u00e9hat<\/a>.  <\/em><\/p>\n\n\n\n<h3 class=\"wp-block-heading\"><strong>\ud83d\udc26 L\u2019Archipel des 7 \u00celes au large de Perros-Guirec<\/strong><\/h3>\n\n\n\n<p>Une <strong>r\u00e9serve ornithologique exceptionnelle<\/strong>, o\u00f9 vous pouvez observer Macareux moines, Fou de Bassan et autres esp\u00e8ces rares. <strong>Le printemps est la saison id\u00e9ale <\/strong>pour admirer le retour des oiseaux. <strong>Une sortie en mer inoubliable <\/strong>qui ravira aussi bien les adultes que les enfants. &nbsp;<\/p>\n\n\n\n<p>\ud83d\udccc <em><a href=\"https:\/\/terreatribord.bzh\/blog\/2023\/01\/15\/lile-de-brehat\/\">Pour en savoir plus, retrouvez mon article d\u00e9di\u00e9 \u00e0 l&rsquo;archipel des 7 \u00celes<\/a><\/em>.<\/p>\n\n\n\n<h3 class=\"wp-block-heading\"><strong>\ud83c\udfdd\ufe0f La presqu\u2019\u00cele Renote \u00e0 Tr\u00e9gastel<\/strong><\/h3>\n\n\n\n<p><strong>Ce bout d\u2019\u00eele en granit rose <\/strong>est souvent moins fr\u00e9quent\u00e9 que Ploumanac\u2019h mais tout aussi <strong>impressionnant<\/strong>.<\/p>\n\n\n\n<h3 class=\"wp-block-heading\"><strong>\ud83c\udf3f L\u2019\u00cele Grande<\/strong><\/h3>\n\n\n\n<p>Facile d\u2019acc\u00e8s en voiture, elle d\u00e9voile une <strong>ambiance insulaire et sauvage<\/strong>. Le sentier c\u00f4tier offre des vues vari\u00e9es entre plages, dunes et marais.<\/p>\n\n\n\n<h3 class=\"wp-block-heading\"><strong>\ud83c\udf0a L\u2019\u00cele Milliau \u00e0 Tr\u00e9beurden<\/strong><\/h3>\n\n\n\n<p>Accessible \u00e0 pied \u00e0 marr\u00e9e basse, elle offre un <strong>lieu pr\u00e9serv\u00e9<\/strong> o\u00f9 la nature est reine. Consultez les horaires des mar\u00e9es avant de partir !<\/p>\n\n\n\n<p>\ud83d\udccc <em><a href=\"https:\/\/www.trebeurden.fr\/vie-quotidienne\/decouvrir-trebeurden\/lile-milliau\/acceder-a-lile\/\" target=\"_blank\" rel=\"noreferrer noopener\">Retrouvez toutes les informations pratiques pour visiter l\u2019\u00cele Milliau sur le site de la ville de Tr\u00e9beurden.<\/a><\/em><\/p>\n\n\n\n<h2 class=\"wp-block-heading has-text-align-center\"><strong>Explorer la Bretagne \u00e0 v\u00e9lo<\/strong><\/h2>\n\n\n<div class=\"wp-block-image\">\n<figure class=\"aligncenter size-large\"><img loading=\"lazy\" decoding=\"async\" width=\"768\" height=\"1024\" src=\"https:\/\/terreatribord.bzh\/blog\/wp-content\/uploads\/2023\/07\/velomaritime-768x1024.jpg\" alt=\"velomaritime tr\u00e9gastel bretagne\" class=\"wp-image-579\" srcset=\"https:\/\/terreatribord.bzh\/blog\/wp-content\/uploads\/2023\/07\/velomaritime-768x1024.jpg 768w, https:\/\/terreatribord.bzh\/blog\/wp-content\/uploads\/2023\/07\/velomaritime-225x300.jpg 225w, https:\/\/terreatribord.bzh\/blog\/wp-content\/uploads\/2023\/07\/velomaritime-1152x1536.jpg 1152w, https:\/\/terreatribord.bzh\/blog\/wp-content\/uploads\/2023\/07\/velomaritime-1536x2048.jpg 1536w, https:\/\/terreatribord.bzh\/blog\/wp-content\/uploads\/2023\/07\/velomaritime-676x901.jpg 676w, https:\/\/terreatribord.bzh\/blog\/wp-content\/uploads\/2023\/07\/velomaritime-scaled.jpg 1920w\" sizes=\"auto, (max-width: 768px) 100vw, 768px\" \/><figcaption class=\"wp-element-caption\">La V\u00e9lomaritime<\/figcaption><\/figure>\n<\/div>\n\n\n<p>Le printemps est une saison id\u00e9ale pour d\u00e9couvrir la Bretagne en v\u00e9lo, que ce soit <strong>au bord de mer<\/strong> ou <strong>\u00e0 travers la campagne<\/strong>.<\/p>\n\n\n\n<p>La <strong>V\u00e9lomaritime<\/strong> qui passe \u00e0 2km des g\u00eetes, permet de rallier Tr\u00e9guier ou <a href=\"https:\/\/terreatribord.bzh\/blog\/2024\/10\/15\/perros-guirec-cote-de-granit-rose\/\">Perros-Guirec<\/a> en 30 minutes sur des routes tranquilles. &nbsp;Ainsi, c&rsquo;est une belle mani\u00e8re de <strong>d\u00e9couvrir la Bretagne en douceur<\/strong>, que l\u2019on soit en couple, entre amis ou en famille.<\/p>\n\n\n\n<p>\ud83d\udccc<em><a href=\"https:\/\/terreatribord.bzh\/blog\/2024\/05\/15\/la-velomaritime-la-veloroute-longeant-la-bretagne-nord\/\"> Pour en savoir plus sur la V\u00e9lomaritime, retrouvez mon article d\u00e9di\u00e9.<\/a><\/em><\/p>\n\n\n\n<p>\ud83d\udeb2 <em>Besoin d\u2019un v\u00e9lo ? Un service de location est disponible via <a href=\"https:\/\/www.location-capalouest.com\/\" target=\"_blank\" rel=\"noreferrer noopener\">notre partenaire<\/a>.<\/em><\/p>\n\n\n\n<h2 class=\"wp-block-heading has-text-align-center\"><strong>D\u00e9couvrir les jardins en fleurs<\/strong><\/h2>\n\n\n<div class=\"wp-block-image\">\n<figure class=\"aligncenter size-large\"><img loading=\"lazy\" decoding=\"async\" width=\"1024\" height=\"768\" src=\"https:\/\/terreatribord.bzh\/blog\/wp-content\/uploads\/2025\/03\/pellinec-1024x768.jpg\" alt=\"jardin pellinec penv\u00e9nan bretagne\" class=\"wp-image-791\" srcset=\"https:\/\/terreatribord.bzh\/blog\/wp-content\/uploads\/2025\/03\/pellinec-1024x768.jpg 1024w, https:\/\/terreatribord.bzh\/blog\/wp-content\/uploads\/2025\/03\/pellinec-300x225.jpg 300w, https:\/\/terreatribord.bzh\/blog\/wp-content\/uploads\/2025\/03\/pellinec-768x576.jpg 768w, https:\/\/terreatribord.bzh\/blog\/wp-content\/uploads\/2025\/03\/pellinec-1536x1152.jpg 1536w, https:\/\/terreatribord.bzh\/blog\/wp-content\/uploads\/2025\/03\/pellinec-2048x1536.jpg 2048w, https:\/\/terreatribord.bzh\/blog\/wp-content\/uploads\/2025\/03\/pellinec-676x507.jpg 676w\" sizes=\"auto, (max-width: 1024px) 100vw, 1024px\" \/><figcaption class=\"wp-element-caption\">Le jardin de Pellinec \u00e0 Penv\u00e9nan<\/figcaption><\/figure>\n<\/div>\n\n\n<p>Avec son climat doux, la Bretagne est un <strong>v\u00e9ritable paradis<\/strong> pour les amateurs de jardins. Autour des g\u00eetes, plusieurs \u00ab\u00a0<strong>Jardins Remarquables<\/strong>\u00a0\u00bb valent le d\u00e9tour :<\/p>\n\n\n\n<ul class=\"wp-block-list\">\n<li>\ud83c\udf3a <em>Le <strong>Jardin de Pellinec<\/strong><\/em> \u00e0 Penv\u00e9nan<\/li>\n\n\n\n<li>\ud83c\udf3f <em>Le <strong>Jardin du Kestellic<\/strong><\/em> \u00e0 Plouguiel<\/li>\n\n\n\n<li>\ud83c\udf37 <em>Les<strong> Jardins de Kerdalo<\/strong><\/em> \u00e0 Tr\u00e9darzec<\/li>\n\n\n\n<li>\ud83c\udff0 <em>Le <strong>Ch\u00e2teau de Rosanbo<\/strong><\/em> \u00e0 Lanvellec<\/li>\n<\/ul>\n\n\n\n<p>Sans oublier le <strong><a href=\"https:\/\/larochejagu.fr\/\" target=\"_blank\" rel=\"noreferrer noopener\">Domaine du Ch\u00e2teau de La Roche Jagu<\/a><\/strong> \u00e0 Plo\u00ebzal, avec ses 60 hectares de jardins en acc\u00e8s libre&nbsp;: <strong>potagers<\/strong>, <strong>roseraies<\/strong>, <strong>palmeraies<\/strong> et <strong>for\u00eats<\/strong> qui invitent \u00e0 la fl\u00e2nerie. De plus, le site propose \u00e9galement de nombreuses animations : visites des jardins, ateliers sur la nature,<strong> concerts et spectacles en plein air <\/strong>\u2026<\/p>\n\n\n\n<h2 class=\"wp-block-heading has-text-align-center\"><strong>Fl\u00e2ner sur les march\u00e9s locaux<\/strong><\/h2>\n\n\n<div class=\"wp-block-image\">\n<figure class=\"aligncenter size-large\"><img loading=\"lazy\" decoding=\"async\" width=\"768\" height=\"1024\" src=\"https:\/\/terreatribord.bzh\/blog\/wp-content\/uploads\/2023\/05\/cochon-768x1024.jpg\" alt=\"cochon artichaut bretagne\" class=\"wp-image-557\" srcset=\"https:\/\/terreatribord.bzh\/blog\/wp-content\/uploads\/2023\/05\/cochon-768x1024.jpg 768w, https:\/\/terreatribord.bzh\/blog\/wp-content\/uploads\/2023\/05\/cochon-225x300.jpg 225w, https:\/\/terreatribord.bzh\/blog\/wp-content\/uploads\/2023\/05\/cochon-676x901.jpg 676w, https:\/\/terreatribord.bzh\/blog\/wp-content\/uploads\/2023\/05\/cochon.jpg 922w\" sizes=\"auto, (max-width: 768px) 100vw, 768px\" \/><figcaption class=\"wp-element-caption\">March\u00e9 en Bretagne<\/figcaption><\/figure>\n<\/div>\n\n\n<p>Les march\u00e9s sont des <strong>lieux incontournables<\/strong> pour d\u00e9couvrir les <strong>saveurs bretonnes <\/strong>et l\u2019<strong>ambiance locale<\/strong>. Galettes, poissons, fruits de mer, fruits et l\u00e9gumes et autres sp\u00e9cialit\u00e9s r\u00e9gionales raviront les gourmands.<\/p>\n\n\n\n<p>\ud83d\udccc <em><a href=\"https:\/\/terreatribord.bzh\/blog\/2021\/11\/15\/jours-de-marches\/\">Retrouvez les march\u00e9s incontournables et leurs jours d\u2019ouverture dans cet article d\u00e9di\u00e9<\/a>.<\/em><\/p>\n\n\n\n<h2 class=\"wp-block-heading has-text-align-center\"><strong>Visiter les petites cit\u00e9s de caract\u00e8re<\/strong><\/h2>\n\n\n<div class=\"wp-block-image\">\n<figure class=\"aligncenter size-large\"><img loading=\"lazy\" decoding=\"async\" width=\"1024\" height=\"473\" src=\"https:\/\/terreatribord.bzh\/blog\/wp-content\/uploads\/2022\/01\/treguier-1024x473.jpg\" alt=\"Tr\u00e9guier C\u00f4te de Granit Rose C\u00f4tes d'Armor Bretagne Terre \u00e0 Tribord\" class=\"wp-image-300\" srcset=\"https:\/\/terreatribord.bzh\/blog\/wp-content\/uploads\/2022\/01\/treguier-1024x473.jpg 1024w, https:\/\/terreatribord.bzh\/blog\/wp-content\/uploads\/2022\/01\/treguier-300x138.jpg 300w, https:\/\/terreatribord.bzh\/blog\/wp-content\/uploads\/2022\/01\/treguier-768x354.jpg 768w, https:\/\/terreatribord.bzh\/blog\/wp-content\/uploads\/2022\/01\/treguier-676x312.jpg 676w, https:\/\/terreatribord.bzh\/blog\/wp-content\/uploads\/2022\/01\/treguier.jpg 1426w\" sizes=\"auto, (max-width: 1024px) 100vw, 1024px\" \/><figcaption class=\"wp-element-caption\">Tr\u00e9guier<\/figcaption><\/figure>\n<\/div>\n\n\n<p>Que ce soit pour une <strong>balade culturelle<\/strong> ou pour un <strong>moment en terrasse<\/strong>, ces <strong>petites villes bretonnes<\/strong> ont chacune leur <strong>charme<\/strong>&nbsp;:&nbsp;<\/p>\n\n\n\n<ul class=\"wp-block-list\">\n<li>\ud83c\udfd6  <em><strong><a href=\"https:\/\/terreatribord.bzh\/blog\/2024\/10\/15\/perros-guirec-cote-de-granit-rose\/\">Perros-Guirec<\/a><\/strong><\/em> : station baln\u00e9aire au charme intemporel<\/li>\n\n\n\n<li><strong>\ud83d\udcda <em>Lannion<\/em> <\/strong>: une ville historique et dynamique<\/li>\n\n\n\n<li>\u2693 <em><strong>Paimpol<\/strong><\/em> : un port anim\u00e9 et une ambiance maritime authentique<\/li>\n\n\n\n<li>\ud83c\udfdb <em><strong>Tr\u00e9guier<\/strong><\/em> : une ville de caract\u00e8re au c\u0153ur du Tr\u00e9gor<\/li>\n\n\n\n<li>\ud83c\udff0 <em><strong>La Roche-Derrien<\/strong><\/em> : une ancienne cit\u00e9 m\u00e9di\u00e9vale pleine de surprises<\/li>\n\n\n\n<li>\ud83d\udea3\u200d\u2642\ufe0f <em><strong>Pontrieux<\/strong><\/em> : surnomm\u00e9e \u00ab\u00a0la petite Venise du Tr\u00e9gor\u00a0\u00bb, d\u00e9couvrez ses lavoirs en barque pour un moment insolite<\/li>\n<\/ul>\n\n\n\n<h2 class=\"wp-block-heading has-text-align-center\"><strong>Des id\u00e9es pour les familles<\/strong><\/h2>\n\n\n<div class=\"wp-block-image\">\n<figure class=\"aligncenter size-large\"><img loading=\"lazy\" decoding=\"async\" width=\"1024\" height=\"768\" src=\"https:\/\/terreatribord.bzh\/blog\/wp-content\/uploads\/2025\/03\/IMG_20220414_172341-1024x768.jpg\" alt=\"armoripark c\u00f4tes d'amor\" class=\"wp-image-795\" srcset=\"https:\/\/terreatribord.bzh\/blog\/wp-content\/uploads\/2025\/03\/IMG_20220414_172341-1024x768.jpg 1024w, https:\/\/terreatribord.bzh\/blog\/wp-content\/uploads\/2025\/03\/IMG_20220414_172341-300x225.jpg 300w, https:\/\/terreatribord.bzh\/blog\/wp-content\/uploads\/2025\/03\/IMG_20220414_172341-768x576.jpg 768w, https:\/\/terreatribord.bzh\/blog\/wp-content\/uploads\/2025\/03\/IMG_20220414_172341-1536x1152.jpg 1536w, https:\/\/terreatribord.bzh\/blog\/wp-content\/uploads\/2025\/03\/IMG_20220414_172341-2048x1536.jpg 2048w, https:\/\/terreatribord.bzh\/blog\/wp-content\/uploads\/2025\/03\/IMG_20220414_172341-676x507.jpg 676w\" sizes=\"auto, (max-width: 1024px) 100vw, 1024px\" \/><figcaption class=\"wp-element-caption\">Armoripark, parc attraction familiale<\/figcaption><\/figure>\n<\/div>\n\n\n<p>Les C\u00f4tes d\u2019Armor sont une destination id\u00e9ale pour les familles gr\u00e2ce \u00e0 son atmosph\u00e8re conviviale. Voici quelques suggestions qui plairont aux petits comme aux grands :<\/p>\n\n\n\n<ul class=\"wp-block-list\">\n<li>\ud83c\udfa1 <em><strong>Parcs animaliers et aquariums<\/strong><\/em> : l\u2019<a href=\"https:\/\/www.aquarium-tregastel.com\/\" target=\"_blank\" rel=\"noreferrer noopener\">Aquarium de Tr\u00e9gastel<\/a> ou le <a href=\"https:\/\/www.zoo-tregomeur.com\/\" target=\"_blank\" rel=\"noreferrer noopener\">zoo de Tr\u00e9gomeur<\/a> offrent une journ\u00e9e ludique et enrichissante au plus des animaux.<\/li>\n\n\n\n<li>\ud83d\udd0e <em><strong>Balades ludiques<\/strong><\/em> : Chasses au tr\u00e9sor sur la C\u00f4te de Granit Rose, parcours d\u2019orientation, immersion au temps du Moyen \u00c2ge ou encore g\u00e9ocaching pour allier nature et aventure.<\/li>\n\n\n\n<li>\ud83c\udfd6 <em><strong>Plages adapt\u00e9es aux enfants<\/strong><\/em> : Certaines plages abrit\u00e9es du vent sont id\u00e9ales pour les jeux de sable et les premi\u00e8res baignades printani\u00e8res.<\/li>\n\n\n\n<li>\ud83c\udff0 <em><strong>Visites interactives<\/strong><\/em> : Certains mus\u00e9es proposent des ateliers pour les plus jeunes, comme le <a href=\"https:\/\/planetarium-bretagne.bzh\/\" target=\"_blank\" rel=\"noreferrer noopener\">Plan\u00e9tarium de Bretagne <\/a>et la <a href=\"https:\/\/www.cite-telecoms.com\/\" target=\"_blank\" rel=\"noreferrer noopener\">Cit\u00e9 des T\u00e9l\u00e9coms<\/a> \u00e0 Pleumeur-Bodou ou encore le <a href=\"https:\/\/www.milmarin.bzh\/\" target=\"_blank\" rel=\"noreferrer noopener\">Milmarin<\/a> \u00e0 Ploubazlanec.<\/li>\n\n\n\n<li>\ud83c\udfa0<strong>Parcs d\u2019attractions et d&rsquo;aventure<\/strong>&nbsp;: l\u2019<a href=\"https:\/\/armoripark.com\/fr\/\">Armoripark<\/a> \u00e0 B\u00e9gard , le <a href=\"https:\/\/www.levillagegaulois.org\/php\/home.php\" target=\"_blank\" rel=\"noreferrer noopener\">Village Gaulois<\/a> (ferm\u00e9 temporairement) ou l\u2019accrobranche <a href=\"https:\/\/vivons-perches.bzh\/\">Vivons Perch\u00e9s<\/a> \u00e0 Pleumeur-Bodou garantissent des bons moments en famille.<\/li>\n<\/ul>\n\n\n\n<h2 class=\"wp-block-heading has-text-align-center\"><strong>Pr\u00eat \u00e0 embarquer pour une escapade printani\u00e8re en Bretagne&nbsp;?<\/strong><\/h2>\n\n\n\n<p>Le printemps en <a href=\"https:\/\/terreatribord.bzh\/blog\/2021\/09\/12\/la-bretagne\/\">Bretagne<\/a>, c\u2019est l\u2019opportunit\u00e9 de vivre des moments simples et authentiques, au rythme de la nature et des mar\u00e9es.<\/p>\n\n\n\n<p>\ud83c\udf3f <strong>Envie d\u2019un s\u00e9jour au grand air ? D\u00e9couvrez <a href=\"https:\/\/terreatribord.bzh\/home\">nos g\u00eetes \u00e0 Tr\u00e9l\u00e9vern<\/a>, parfaits pour une escapade printani\u00e8re en Bretagne.<\/strong><\/p>\n\n\n\n<p>D\u00e9couvrez aussi la Bretagne :<\/p>\n\n\n\n<ul class=\"wp-block-list\">\n<li><a href=\"https:\/\/terreatribord.bzh\/blog\/2025\/06\/15\/un-ete-en-bretagne-nature-mer-et-grands-espaces\/\">En \u00e9t\u00e9<\/a>,<\/li>\n\n\n\n<li><a href=\"https:\/\/terreatribord.bzh\/blog\/2023\/07\/15\/la-douceur-de-l-automne-en-bretagne\/\">A l&rsquo;automne<\/a>,<\/li>\n\n\n\n<li><a href=\"https:\/\/terreatribord.bzh\/blog\/2024\/11\/15\/un-hiver-en-bretagne-authenticite-et-serenite\/\">En hiver<\/a>.<\/li>\n<\/ul>\n","protected":false},"excerpt":{"rendered":"<p>Partir en vacances en Bretagne au printemps est toujours une bonne id\u00e9e : la nature se r\u00e9veille, une lumi\u00e8re douce, des villages paisibles \u2026 Cette saison r\u00e9v\u00e8le une autre facette de la C\u00f4te de Granit Rose. Autour de Perros-Guirec, on savoure un rythme plus tranquille, entre balades en bord de mer, plages encore calmes, march\u00e9s [&hellip;]<\/p>\n","protected":false},"author":1,"featured_media":792,"comment_status":"closed","ping_status":"closed","sticky":false,"template":"","format":"standard","meta":{"footnotes":""},"categories":[8],"tags":[14,15,13,11,17,16],"class_list":["post-788","post","type-post","status-publish","format-standard","has-post-thumbnail","hentry","category-decouverte-de-la-bretagne","tag-balade","tag-famille","tag-mer","tag-nature","tag-produits-du-terroir","tag-ville","post-preview"],"yoast_head":"<!-- This site is optimized with the Yoast SEO plugin v27.5 - https:\/\/yoast.com\/product\/yoast-seo-wordpress\/ -->\n<title>Que faire en Bretagne au printemps ? Id\u00e9es d\u2019activit\u00e9s<\/title>\n<meta name=\"description\" content=\"D\u00e9couvrez le printemps en Bretagne : balades iod\u00e9es, \u00eeles \u00e0 explorer, march\u00e9s locaux et activit\u00e9s familiales pour profiter de la saison.\" \/>\n<meta name=\"robots\" content=\"index, follow, max-snippet:-1, max-image-preview:large, max-video-preview:-1\" \/>\n<link rel=\"canonical\" href=\"https:\/\/terreatribord.bzh\/blog\/2025\/03\/15\/un-printemps-en-bretagne-une-parenthese-iodee-aux-beaux-jours\/\" \/>\n<meta property=\"og:locale\" content=\"fr_FR\" \/>\n<meta property=\"og:type\" content=\"article\" \/>\n<meta property=\"og:title\" content=\"Le printemps en Bretagne\u00a0: une parenth\u00e8se iod\u00e9e aux beaux jours\" \/>\n<meta property=\"og:description\" content=\"D\u00e9couvrez le printemps en Bretagne : balades iod\u00e9es, \u00eeles \u00e0 explorer, march\u00e9s locaux et activit\u00e9s familiales pour profiter de la saison.\" \/>\n<meta property=\"og:url\" content=\"https:\/\/terreatribord.bzh\/blog\/2025\/03\/15\/un-printemps-en-bretagne-une-parenthese-iodee-aux-beaux-jours\/\" \/>\n<meta property=\"og:site_name\" content=\"Terre \u00e0 Tribord !\" \/>\n<meta property=\"article:published_time\" content=\"2025-03-15T14:04:14+00:00\" \/>\n<meta property=\"article:modified_time\" content=\"2025-10-14T20:11:25+00:00\" \/>\n<meta property=\"og:image\" content=\"https:\/\/terreatribord.bzh\/blog\/wp-content\/uploads\/2025\/03\/Plougrescant2-scaled.jpg\" \/>\n\t<meta property=\"og:image:width\" content=\"2560\" \/>\n\t<meta property=\"og:image:height\" content=\"1920\" \/>\n\t<meta property=\"og:image:type\" content=\"image\/jpeg\" \/>\n<meta name=\"author\" content=\"Charlotte\" \/>\n<meta name=\"twitter:card\" content=\"summary_large_image\" \/>\n<meta name=\"twitter:label1\" content=\"\u00c9crit par\" \/>\n\t<meta name=\"twitter:data1\" content=\"Charlotte\" \/>\n\t<meta name=\"twitter:label2\" content=\"Dur\u00e9e de lecture estim\u00e9e\" \/>\n\t<meta name=\"twitter:data2\" content=\"7 minutes\" \/>\n<script type=\"application\/ld+json\" class=\"yoast-schema-graph\">{\"@context\":\"https:\\\/\\\/schema.org\",\"@graph\":[{\"@type\":\"Article\",\"@id\":\"https:\\\/\\\/terreatribord.bzh\\\/blog\\\/2025\\\/03\\\/15\\\/un-printemps-en-bretagne-une-parenthese-iodee-aux-beaux-jours\\\/#article\",\"isPartOf\":{\"@id\":\"https:\\\/\\\/terreatribord.bzh\\\/blog\\\/2025\\\/03\\\/15\\\/un-printemps-en-bretagne-une-parenthese-iodee-aux-beaux-jours\\\/\"},\"author\":{\"name\":\"Charlotte\",\"@id\":\"https:\\\/\\\/terreatribord.bzh\\\/blog\\\/#\\\/schema\\\/person\\\/799840395f3f8c1f423b7eac8cacc075\"},\"headline\":\"Un printemps en Bretagne\u00a0: une parenth\u00e8se iod\u00e9e aux beaux jours\",\"datePublished\":\"2025-03-15T14:04:14+00:00\",\"dateModified\":\"2025-10-14T20:11:25+00:00\",\"mainEntityOfPage\":{\"@id\":\"https:\\\/\\\/terreatribord.bzh\\\/blog\\\/2025\\\/03\\\/15\\\/un-printemps-en-bretagne-une-parenthese-iodee-aux-beaux-jours\\\/\"},\"wordCount\":1089,\"publisher\":{\"@id\":\"https:\\\/\\\/terreatribord.bzh\\\/blog\\\/#\\\/schema\\\/person\\\/799840395f3f8c1f423b7eac8cacc075\"},\"image\":{\"@id\":\"https:\\\/\\\/terreatribord.bzh\\\/blog\\\/2025\\\/03\\\/15\\\/un-printemps-en-bretagne-une-parenthese-iodee-aux-beaux-jours\\\/#primaryimage\"},\"thumbnailUrl\":\"https:\\\/\\\/terreatribord.bzh\\\/blog\\\/wp-content\\\/uploads\\\/2025\\\/03\\\/Plougrescant2-scaled.jpg\",\"keywords\":[\"Balade\",\"famille\",\"Mer\",\"Nature\",\"Produits du terroir\",\"Ville\"],\"articleSection\":[\"D\u00e9couverte de la Bretagne\"],\"inLanguage\":\"fr-FR\"},{\"@type\":\"WebPage\",\"@id\":\"https:\\\/\\\/terreatribord.bzh\\\/blog\\\/2025\\\/03\\\/15\\\/un-printemps-en-bretagne-une-parenthese-iodee-aux-beaux-jours\\\/\",\"url\":\"https:\\\/\\\/terreatribord.bzh\\\/blog\\\/2025\\\/03\\\/15\\\/un-printemps-en-bretagne-une-parenthese-iodee-aux-beaux-jours\\\/\",\"name\":\"Que faire en Bretagne au printemps ? Id\u00e9es d\u2019activit\u00e9s\",\"isPartOf\":{\"@id\":\"https:\\\/\\\/terreatribord.bzh\\\/blog\\\/#website\"},\"primaryImageOfPage\":{\"@id\":\"https:\\\/\\\/terreatribord.bzh\\\/blog\\\/2025\\\/03\\\/15\\\/un-printemps-en-bretagne-une-parenthese-iodee-aux-beaux-jours\\\/#primaryimage\"},\"image\":{\"@id\":\"https:\\\/\\\/terreatribord.bzh\\\/blog\\\/2025\\\/03\\\/15\\\/un-printemps-en-bretagne-une-parenthese-iodee-aux-beaux-jours\\\/#primaryimage\"},\"thumbnailUrl\":\"https:\\\/\\\/terreatribord.bzh\\\/blog\\\/wp-content\\\/uploads\\\/2025\\\/03\\\/Plougrescant2-scaled.jpg\",\"datePublished\":\"2025-03-15T14:04:14+00:00\",\"dateModified\":\"2025-10-14T20:11:25+00:00\",\"description\":\"D\u00e9couvrez le printemps en Bretagne : balades iod\u00e9es, \u00eeles \u00e0 explorer, march\u00e9s locaux et activit\u00e9s familiales pour profiter de la saison.\",\"breadcrumb\":{\"@id\":\"https:\\\/\\\/terreatribord.bzh\\\/blog\\\/2025\\\/03\\\/15\\\/un-printemps-en-bretagne-une-parenthese-iodee-aux-beaux-jours\\\/#breadcrumb\"},\"inLanguage\":\"fr-FR\",\"potentialAction\":[{\"@type\":\"ReadAction\",\"target\":[\"https:\\\/\\\/terreatribord.bzh\\\/blog\\\/2025\\\/03\\\/15\\\/un-printemps-en-bretagne-une-parenthese-iodee-aux-beaux-jours\\\/\"]}]},{\"@type\":\"ImageObject\",\"inLanguage\":\"fr-FR\",\"@id\":\"https:\\\/\\\/terreatribord.bzh\\\/blog\\\/2025\\\/03\\\/15\\\/un-printemps-en-bretagne-une-parenthese-iodee-aux-beaux-jours\\\/#primaryimage\",\"url\":\"https:\\\/\\\/terreatribord.bzh\\\/blog\\\/wp-content\\\/uploads\\\/2025\\\/03\\\/Plougrescant2-scaled.jpg\",\"contentUrl\":\"https:\\\/\\\/terreatribord.bzh\\\/blog\\\/wp-content\\\/uploads\\\/2025\\\/03\\\/Plougrescant2-scaled.jpg\",\"width\":2560,\"height\":1920,\"caption\":\"plougrescant c\u00f4tes d'armor bretagne\"},{\"@type\":\"BreadcrumbList\",\"@id\":\"https:\\\/\\\/terreatribord.bzh\\\/blog\\\/2025\\\/03\\\/15\\\/un-printemps-en-bretagne-une-parenthese-iodee-aux-beaux-jours\\\/#breadcrumb\",\"itemListElement\":[{\"@type\":\"ListItem\",\"position\":1,\"name\":\"Accueil\",\"item\":\"https:\\\/\\\/terreatribord.bzh\\\/blog\\\/\"},{\"@type\":\"ListItem\",\"position\":2,\"name\":\"Un printemps en Bretagne\u00a0: une parenth\u00e8se iod\u00e9e aux beaux jours\"}]},{\"@type\":\"WebSite\",\"@id\":\"https:\\\/\\\/terreatribord.bzh\\\/blog\\\/#website\",\"url\":\"https:\\\/\\\/terreatribord.bzh\\\/blog\\\/\",\"name\":\"Terre \u00e0 Tribord !\",\"description\":\"Le blog qui met le cap sur la Bretagne.\",\"publisher\":{\"@id\":\"https:\\\/\\\/terreatribord.bzh\\\/blog\\\/#\\\/schema\\\/person\\\/799840395f3f8c1f423b7eac8cacc075\"},\"potentialAction\":[{\"@type\":\"SearchAction\",\"target\":{\"@type\":\"EntryPoint\",\"urlTemplate\":\"https:\\\/\\\/terreatribord.bzh\\\/blog\\\/?s={search_term_string}\"},\"query-input\":{\"@type\":\"PropertyValueSpecification\",\"valueRequired\":true,\"valueName\":\"search_term_string\"}}],\"inLanguage\":\"fr-FR\"},{\"@type\":[\"Person\",\"Organization\"],\"@id\":\"https:\\\/\\\/terreatribord.bzh\\\/blog\\\/#\\\/schema\\\/person\\\/799840395f3f8c1f423b7eac8cacc075\",\"name\":\"Charlotte\",\"image\":{\"@type\":\"ImageObject\",\"inLanguage\":\"fr-FR\",\"@id\":\"https:\\\/\\\/blog.terreatribord.bzh\\\/wp-content\\\/uploads\\\/2021\\\/08\\\/36825346_2456960194321511_447552153637093376_n.jpg\",\"url\":\"https:\\\/\\\/blog.terreatribord.bzh\\\/wp-content\\\/uploads\\\/2021\\\/08\\\/36825346_2456960194321511_447552153637093376_n.jpg\",\"contentUrl\":\"https:\\\/\\\/blog.terreatribord.bzh\\\/wp-content\\\/uploads\\\/2021\\\/08\\\/36825346_2456960194321511_447552153637093376_n.jpg\",\"width\":1462,\"height\":1462,\"caption\":\"Charlotte\"},\"logo\":{\"@id\":\"https:\\\/\\\/blog.terreatribord.bzh\\\/wp-content\\\/uploads\\\/2021\\\/08\\\/36825346_2456960194321511_447552153637093376_n.jpg\"},\"sameAs\":[\"https:\\\/\\\/blog.terreatribord.bzh\"]}]}<\/script>\n<!-- \/ Yoast SEO plugin. -->","yoast_head_json":{"title":"Que faire en Bretagne au printemps ? Id\u00e9es d\u2019activit\u00e9s","description":"D\u00e9couvrez le printemps en Bretagne : balades iod\u00e9es, \u00eeles \u00e0 explorer, march\u00e9s locaux et activit\u00e9s familiales pour profiter de la saison.","robots":{"index":"index","follow":"follow","max-snippet":"max-snippet:-1","max-image-preview":"max-image-preview:large","max-video-preview":"max-video-preview:-1"},"canonical":"https:\/\/terreatribord.bzh\/blog\/2025\/03\/15\/un-printemps-en-bretagne-une-parenthese-iodee-aux-beaux-jours\/","og_locale":"fr_FR","og_type":"article","og_title":"Le printemps en Bretagne\u00a0: une parenth\u00e8se iod\u00e9e aux beaux jours","og_description":"D\u00e9couvrez le printemps en Bretagne : balades iod\u00e9es, \u00eeles \u00e0 explorer, march\u00e9s locaux et activit\u00e9s familiales pour profiter de la saison.","og_url":"https:\/\/terreatribord.bzh\/blog\/2025\/03\/15\/un-printemps-en-bretagne-une-parenthese-iodee-aux-beaux-jours\/","og_site_name":"Terre \u00e0 Tribord !","article_published_time":"2025-03-15T14:04:14+00:00","article_modified_time":"2025-10-14T20:11:25+00:00","og_image":[{"width":2560,"height":1920,"url":"https:\/\/terreatribord.bzh\/blog\/wp-content\/uploads\/2025\/03\/Plougrescant2-scaled.jpg","type":"image\/jpeg"}],"author":"Charlotte","twitter_card":"summary_large_image","twitter_misc":{"\u00c9crit par":"Charlotte","Dur\u00e9e de lecture estim\u00e9e":"7 minutes"},"schema":{"@context":"https:\/\/schema.org","@graph":[{"@type":"Article","@id":"https:\/\/terreatribord.bzh\/blog\/2025\/03\/15\/un-printemps-en-bretagne-une-parenthese-iodee-aux-beaux-jours\/#article","isPartOf":{"@id":"https:\/\/terreatribord.bzh\/blog\/2025\/03\/15\/un-printemps-en-bretagne-une-parenthese-iodee-aux-beaux-jours\/"},"author":{"name":"Charlotte","@id":"https:\/\/terreatribord.bzh\/blog\/#\/schema\/person\/799840395f3f8c1f423b7eac8cacc075"},"headline":"Un printemps en Bretagne\u00a0: une parenth\u00e8se iod\u00e9e aux beaux jours","datePublished":"2025-03-15T14:04:14+00:00","dateModified":"2025-10-14T20:11:25+00:00","mainEntityOfPage":{"@id":"https:\/\/terreatribord.bzh\/blog\/2025\/03\/15\/un-printemps-en-bretagne-une-parenthese-iodee-aux-beaux-jours\/"},"wordCount":1089,"publisher":{"@id":"https:\/\/terreatribord.bzh\/blog\/#\/schema\/person\/799840395f3f8c1f423b7eac8cacc075"},"image":{"@id":"https:\/\/terreatribord.bzh\/blog\/2025\/03\/15\/un-printemps-en-bretagne-une-parenthese-iodee-aux-beaux-jours\/#primaryimage"},"thumbnailUrl":"https:\/\/terreatribord.bzh\/blog\/wp-content\/uploads\/2025\/03\/Plougrescant2-scaled.jpg","keywords":["Balade","famille","Mer","Nature","Produits du terroir","Ville"],"articleSection":["D\u00e9couverte de la Bretagne"],"inLanguage":"fr-FR"},{"@type":"WebPage","@id":"https:\/\/terreatribord.bzh\/blog\/2025\/03\/15\/un-printemps-en-bretagne-une-parenthese-iodee-aux-beaux-jours\/","url":"https:\/\/terreatribord.bzh\/blog\/2025\/03\/15\/un-printemps-en-bretagne-une-parenthese-iodee-aux-beaux-jours\/","name":"Que faire en Bretagne au printemps ? Id\u00e9es d\u2019activit\u00e9s","isPartOf":{"@id":"https:\/\/terreatribord.bzh\/blog\/#website"},"primaryImageOfPage":{"@id":"https:\/\/terreatribord.bzh\/blog\/2025\/03\/15\/un-printemps-en-bretagne-une-parenthese-iodee-aux-beaux-jours\/#primaryimage"},"image":{"@id":"https:\/\/terreatribord.bzh\/blog\/2025\/03\/15\/un-printemps-en-bretagne-une-parenthese-iodee-aux-beaux-jours\/#primaryimage"},"thumbnailUrl":"https:\/\/terreatribord.bzh\/blog\/wp-content\/uploads\/2025\/03\/Plougrescant2-scaled.jpg","datePublished":"2025-03-15T14:04:14+00:00","dateModified":"2025-10-14T20:11:25+00:00","description":"D\u00e9couvrez le printemps en Bretagne : balades iod\u00e9es, \u00eeles \u00e0 explorer, march\u00e9s locaux et activit\u00e9s familiales pour profiter de la saison.","breadcrumb":{"@id":"https:\/\/terreatribord.bzh\/blog\/2025\/03\/15\/un-printemps-en-bretagne-une-parenthese-iodee-aux-beaux-jours\/#breadcrumb"},"inLanguage":"fr-FR","potentialAction":[{"@type":"ReadAction","target":["https:\/\/terreatribord.bzh\/blog\/2025\/03\/15\/un-printemps-en-bretagne-une-parenthese-iodee-aux-beaux-jours\/"]}]},{"@type":"ImageObject","inLanguage":"fr-FR","@id":"https:\/\/terreatribord.bzh\/blog\/2025\/03\/15\/un-printemps-en-bretagne-une-parenthese-iodee-aux-beaux-jours\/#primaryimage","url":"https:\/\/terreatribord.bzh\/blog\/wp-content\/uploads\/2025\/03\/Plougrescant2-scaled.jpg","contentUrl":"https:\/\/terreatribord.bzh\/blog\/wp-content\/uploads\/2025\/03\/Plougrescant2-scaled.jpg","width":2560,"height":1920,"caption":"plougrescant c\u00f4tes d'armor bretagne"},{"@type":"BreadcrumbList","@id":"https:\/\/terreatribord.bzh\/blog\/2025\/03\/15\/un-printemps-en-bretagne-une-parenthese-iodee-aux-beaux-jours\/#breadcrumb","itemListElement":[{"@type":"ListItem","position":1,"name":"Accueil","item":"https:\/\/terreatribord.bzh\/blog\/"},{"@type":"ListItem","position":2,"name":"Un printemps en Bretagne\u00a0: une parenth\u00e8se iod\u00e9e aux beaux jours"}]},{"@type":"WebSite","@id":"https:\/\/terreatribord.bzh\/blog\/#website","url":"https:\/\/terreatribord.bzh\/blog\/","name":"Terre \u00e0 Tribord !","description":"Le blog qui met le cap sur la Bretagne.","publisher":{"@id":"https:\/\/terreatribord.bzh\/blog\/#\/schema\/person\/799840395f3f8c1f423b7eac8cacc075"},"potentialAction":[{"@type":"SearchAction","target":{"@type":"EntryPoint","urlTemplate":"https:\/\/terreatribord.bzh\/blog\/?s={search_term_string}"},"query-input":{"@type":"PropertyValueSpecification","valueRequired":true,"valueName":"search_term_string"}}],"inLanguage":"fr-FR"},{"@type":["Person","Organization"],"@id":"https:\/\/terreatribord.bzh\/blog\/#\/schema\/person\/799840395f3f8c1f423b7eac8cacc075","name":"Charlotte","image":{"@type":"ImageObject","inLanguage":"fr-FR","@id":"https:\/\/blog.terreatribord.bzh\/wp-content\/uploads\/2021\/08\/36825346_2456960194321511_447552153637093376_n.jpg","url":"https:\/\/blog.terreatribord.bzh\/wp-content\/uploads\/2021\/08\/36825346_2456960194321511_447552153637093376_n.jpg","contentUrl":"https:\/\/blog.terreatribord.bzh\/wp-content\/uploads\/2021\/08\/36825346_2456960194321511_447552153637093376_n.jpg","width":1462,"height":1462,"caption":"Charlotte"},"logo":{"@id":"https:\/\/blog.terreatribord.bzh\/wp-content\/uploads\/2021\/08\/36825346_2456960194321511_447552153637093376_n.jpg"},"sameAs":["https:\/\/blog.terreatribord.bzh"]}]}},"_links":{"self":[{"href":"https:\/\/terreatribord.bzh\/blog\/wp-json\/wp\/v2\/posts\/788","targetHints":{"allow":["GET"]}}],"collection":[{"href":"https:\/\/terreatribord.bzh\/blog\/wp-json\/wp\/v2\/posts"}],"about":[{"href":"https:\/\/terreatribord.bzh\/blog\/wp-json\/wp\/v2\/types\/post"}],"author":[{"embeddable":true,"href":"https:\/\/terreatribord.bzh\/blog\/wp-json\/wp\/v2\/users\/1"}],"replies":[{"embeddable":true,"href":"https:\/\/terreatribord.bzh\/blog\/wp-json\/wp\/v2\/comments?post=788"}],"version-history":[{"count":10,"href":"https:\/\/terreatribord.bzh\/blog\/wp-json\/wp\/v2\/posts\/788\/revisions"}],"predecessor-version":[{"id":920,"href":"https:\/\/terreatribord.bzh\/blog\/wp-json\/wp\/v2\/posts\/788\/revisions\/920"}],"wp:featuredmedia":[{"embeddable":true,"href":"https:\/\/terreatribord.bzh\/blog\/wp-json\/wp\/v2\/media\/792"}],"wp:attachment":[{"href":"https:\/\/terreatribord.bzh\/blog\/wp-json\/wp\/v2\/media?parent=788"}],"wp:term":[{"taxonomy":"category","embeddable":true,"href":"https:\/\/terreatribord.bzh\/blog\/wp-json\/wp\/v2\/categories?post=788"},{"taxonomy":"post_tag","embeddable":true,"href":"https:\/\/terreatribord.bzh\/blog\/wp-json\/wp\/v2\/tags?post=788"}],"curies":[{"name":"wp","href":"https:\/\/api.w.org\/{rel}","templated":true}]}}