{"id":858,"date":"2025-05-15T15:38:19","date_gmt":"2025-05-15T13:38:19","guid":{"rendered":"https:\/\/terreatribord.bzh\/blog\/?p=858"},"modified":"2026-02-11T14:35:48","modified_gmt":"2026-02-11T13:35:48","slug":"ploumanach-le-tresor-de-la-cote-de-granit-rose","status":"publish","type":"post","link":"https:\/\/terreatribord.bzh\/blog\/2025\/05\/15\/ploumanach-le-tresor-de-la-cote-de-granit-rose\/","title":{"rendered":"Ploumanac\u2019h, le tr\u00e9sor de la C\u00f4te de Granit Rose"},"content":{"rendered":"\n<p>Avec son phare pos\u00e9 sur les magnifiques chaos de granit rose et sa plage aux airs de carte postale, <strong>Ploumanac\u2019h <\/strong>est l\u2019un des villages les plus embl\u00e9matiques de la C\u00f4te de Granit Rose et peut-\u00eatre de la <a href=\"https:\/\/terreatribord.bzh\/blog\/2021\/09\/12\/la-bretagne\/\">Bretagne<\/a>.<\/p>\n\n\n\n<p>Entre sentiers c\u00f4tiers, patrimoine naturel prot\u00e9g\u00e9 et ambiance iod\u00e9e, <strong>visiter Ploumanac\u2019h<\/strong>, c\u2019est d\u00e9couvrir un lieu \u00e0 la beaut\u00e9 saisissante, devenu incontournable lors d\u2019un s\u00e9jour dans les C\u00f4tes d\u2019Armor !<\/p>\n\n\n\n<p>\ud83d\udc49 Suivez-moi \u00e0 la d\u00e9couverte de ce hameau extraordinaire de Perros-Guirec !<\/p>\n\n\n\n<!--more-->\n\n\n\n<h2 class=\"wp-block-heading has-text-align-center\"><strong>Un peu d\u2019histoire<\/strong><\/h2>\n\n\n<div class=\"wp-block-image\">\n<figure class=\"aligncenter size-large\"><img loading=\"lazy\" decoding=\"async\" width=\"1024\" height=\"768\" src=\"https:\/\/terreatribord.bzh\/blog\/wp-content\/uploads\/2025\/05\/ploumanach-4-1024x768.jpg\" alt=\"ploumanac'h c\u00f4tes d'armor\" class=\"wp-image-866\" srcset=\"https:\/\/terreatribord.bzh\/blog\/wp-content\/uploads\/2025\/05\/ploumanach-4-1024x768.jpg 1024w, https:\/\/terreatribord.bzh\/blog\/wp-content\/uploads\/2025\/05\/ploumanach-4-300x225.jpg 300w, https:\/\/terreatribord.bzh\/blog\/wp-content\/uploads\/2025\/05\/ploumanach-4-768x576.jpg 768w, https:\/\/terreatribord.bzh\/blog\/wp-content\/uploads\/2025\/05\/ploumanach-4-1536x1152.jpg 1536w, https:\/\/terreatribord.bzh\/blog\/wp-content\/uploads\/2025\/05\/ploumanach-4-2048x1536.jpg 2048w, https:\/\/terreatribord.bzh\/blog\/wp-content\/uploads\/2025\/05\/ploumanach-4-676x507.jpg 676w\" sizes=\"auto, (max-width: 1024px) 100vw, 1024px\" \/><figcaption class=\"wp-element-caption\">Le port de Ploumanac&rsquo;h<\/figcaption><\/figure>\n<\/div>\n\n\n<p>Avant de s\u2019appeler Ploumanac\u2019h, on parlait de <strong>Poul-Manac\u2019h<\/strong>, le \u00ab&nbsp;marais du moine&nbsp;\u00bb en breton. D\u2019apr\u00e8s la l\u00e9gende, Guirec, un moine venu du Pays de Galles, aurait d\u00e9barqu\u00e9 ici au 5\u00e8me si\u00e8cle dans une auge de granit, fondant une petite communaut\u00e9 religieuse.<\/p>\n\n\n\n<p>Mais l\u2019histoire du site remonte bien avant&nbsp;: d\u00e8s l\u2019antiquit\u00e9, son port naturel en eau profonde favorisait le commerce entre la Grande-Bretagne et le continent. Au moyen \u00c2ge, l&rsquo;agriculture et un moulin \u00e0 mar\u00e9e (datant du 14\u00e8me si\u00e8cle) t\u00e9moignaient d\u2019un village actif et autonome. &nbsp;<\/p>\n\n\n\n<p>Ploumanac\u2019h perdra peu \u00e0 peu en influence au profit de <strong><a href=\"https:\/\/terreatribord.bzh\/blog\/2024\/10\/15\/perros-guirec-cote-de-granit-rose\/#more-722\">Perros-Guirec<\/a><\/strong>, notamment apr\u00e8s la guerre de Religion. Devenu hameau de Perros, il poursuit alors sa vie entre p\u00eache et agriculture. On surnommait ses marins \u00ab&nbsp;les Marocains&nbsp;\u00bb, car ils allaient jusqu\u2019aux c\u00f4tes nord-africaines&nbsp;pour p\u00eacher la sardine. <\/p>\n\n\n\n<h2 class=\"wp-block-heading has-text-align-center\"><strong>Des chaos de granit rose \u00e0 couper le souffle<\/strong><\/h2>\n\n\n<div class=\"wp-block-image\">\n<figure class=\"aligncenter size-large\"><img loading=\"lazy\" decoding=\"async\" width=\"1024\" height=\"768\" src=\"https:\/\/terreatribord.bzh\/blog\/wp-content\/uploads\/2024\/02\/ploumanach-1024x768.jpg\" alt=\"Ploumanac'h et le phare Mean Ruz\" class=\"wp-image-630\" srcset=\"https:\/\/terreatribord.bzh\/blog\/wp-content\/uploads\/2024\/02\/ploumanach-1024x768.jpg 1024w, https:\/\/terreatribord.bzh\/blog\/wp-content\/uploads\/2024\/02\/ploumanach-300x225.jpg 300w, https:\/\/terreatribord.bzh\/blog\/wp-content\/uploads\/2024\/02\/ploumanach-768x576.jpg 768w, https:\/\/terreatribord.bzh\/blog\/wp-content\/uploads\/2024\/02\/ploumanach-1536x1152.jpg 1536w, https:\/\/terreatribord.bzh\/blog\/wp-content\/uploads\/2024\/02\/ploumanach-2048x1536.jpg 2048w, https:\/\/terreatribord.bzh\/blog\/wp-content\/uploads\/2024\/02\/ploumanach-676x507.jpg 676w\" sizes=\"auto, (max-width: 1024px) 100vw, 1024px\" \/><figcaption class=\"wp-element-caption\">Le phare Mean Ruz de Ploumanac&rsquo;h<\/figcaption><\/figure>\n<\/div>\n\n\n<p>Form\u00e9s il y a 300 millions d&rsquo;ann\u00e9es, les rochers roses de Ploumanac\u2019h sont apparus \u00e0 la suite d\u2019une longue \u00e9rosion. <\/p>\n\n\n\n<p>Longtemps ignor\u00e9s pour les habitants, ils commencent \u00e0 attirer les visiteurs \u00e0 la fin du 19<sup>\u00e8me<\/sup> si\u00e8cle. Villas baln\u00e9aires, sentiers, puis classement en<strong> espace prot\u00e9g\u00e9<\/strong>&nbsp;: aujourd\u2019hui, le site est g\u00e9r\u00e9 par le Conservatoire du littoral et entretenu toute l\u2019ann\u00e9e.<\/p>\n\n\n\n<p>Leurs formes \u00e9tonnantes laissent libre cours \u00e0 l\u2019imagination : une sorci\u00e8re, une bouteille renvers\u00e9e, une baleine, ou encore le chapeau de Napol\u00e9on\u2026 \u00c0 vous de deviner !<\/p>\n\n\n\n<h2 class=\"wp-block-heading has-text-align-center\"><strong>Que faire \u00e0 Ploumanac\u2019h&nbsp;? Les incontournables<\/strong><\/h2>\n\n\n<div class=\"wp-block-image\">\n<figure class=\"aligncenter size-large\"><img loading=\"lazy\" decoding=\"async\" width=\"768\" height=\"1024\" src=\"https:\/\/terreatribord.bzh\/blog\/wp-content\/uploads\/2025\/05\/ploumanach-5-768x1024.jpg\" alt=\"ploumanac'h c\u00f4te de granit rose\" class=\"wp-image-867\" srcset=\"https:\/\/terreatribord.bzh\/blog\/wp-content\/uploads\/2025\/05\/ploumanach-5-768x1024.jpg 768w, https:\/\/terreatribord.bzh\/blog\/wp-content\/uploads\/2025\/05\/ploumanach-5-225x300.jpg 225w, https:\/\/terreatribord.bzh\/blog\/wp-content\/uploads\/2025\/05\/ploumanach-5-1152x1536.jpg 1152w, https:\/\/terreatribord.bzh\/blog\/wp-content\/uploads\/2025\/05\/ploumanach-5-1536x2048.jpg 1536w, https:\/\/terreatribord.bzh\/blog\/wp-content\/uploads\/2025\/05\/ploumanach-5-676x901.jpg 676w, https:\/\/terreatribord.bzh\/blog\/wp-content\/uploads\/2025\/05\/ploumanach-5-scaled.jpg 1920w\" sizes=\"auto, (max-width: 768px) 100vw, 768px\" \/><figcaption class=\"wp-element-caption\">Le rocher de la sorci\u00e8re sur le sentier des douaniers de Ploumanac&rsquo;h<\/figcaption><\/figure>\n<\/div>\n\n\n<h3 class=\"wp-block-heading\"><strong>Le sentier des douaniers (GR34)<\/strong><\/h3>\n\n\n\n<p>Pour d\u00e9couvrir ce lieu unique, je vous recommande d\u2019emprunter le c\u00e9l\u00e8bre <strong>sentier des douaniers (<a href=\"https:\/\/terreatribord.bzh\/blog\/2024\/02\/15\/le-gr34-le-sentier-des-douaniers-en-bretagne\/\">GR34<\/a>)<\/strong>. Depuis le parking du s\u00e9maphore jusqu\u2019au port, cette balade longe les chaos de granit rose et vous fait passer par&nbsp;:<\/p>\n\n\n\n<ul class=\"wp-block-list\">\n<li>L\u2019anse de Pors Rolland, une magnifique crique,<\/li>\n\n\n\n<li>l\u2019anse de Pors Kamor, avec sa cale et le b\u00e2timent de la SNSM,<\/li>\n\n\n\n<li><strong>Le phare Mean Ruz<\/strong>, ic\u00f4ne de la C\u00f4te de Granit Rose, &nbsp;<\/li>\n\n\n\n<li><strong>La plage de Saint Guirec <\/strong>et son oratoire, entour\u00e9e de petites boutiques et de bons restaurants,<\/li>\n\n\n\n<li><strong>La plage de la bastille<\/strong> et sa vue sur <strong>le ch\u00e2teau de Costa\u00e9r\u00e8s<\/strong>,<\/li>\n\n\n\n<li><strong>Le port de Ploumanac\u2019h<\/strong>,<\/li>\n\n\n\n<li>Le moulin \u00e0 mar\u00e9e.<\/li>\n<\/ul>\n\n\n\n<p>\ud83d\udc49 <strong>Mon conseil :<\/strong> en \u00e9t\u00e9, venez t\u00f4t le matin ou en fin de journ\u00e9e. Vous \u00e9viterez la foule \u2026 et la lumi\u00e8re sur les rochers est sublime&nbsp;!<\/p>\n\n\n\n<h3 class=\"wp-block-heading\"><strong>Autres activit\u00e9s \u00e0 faire \u00e0 Ploumanac\u2019h<\/strong><\/h3>\n\n\n\n<ul class=\"wp-block-list\">\n<li><strong><a href=\"https:\/\/www.locationkayakspaddlesploumanach.com\/\" target=\"_blank\" rel=\"noreferrer noopener\">Kayak ou paddle<\/a><\/strong> depuis la plage de Saint-Guirec : partez explorer la C\u00f4te de Granit Rose sur une mer turquoise, id\u00e9ale \u00e0 mar\u00e9e haute.<\/li>\n\n\n\n<li><strong>D\u00e9couvertes gourmandes :<\/strong> go\u00fbtez au kouign-amann, far breton et palets \u2026 Testez la <a href=\"https:\/\/maisonhemery.fr\/\" target=\"_blank\" rel=\"noreferrer noopener\">Maison H\u00e9mery<\/a>, une adresse r\u00e9put\u00e9e pour ses douceurs bretonnes.<\/li>\n\n\n\n<li><strong>March\u00e9 au port de Ploumanac\u2019h <\/strong>(de mi-juin \u00e0 mi-septembre) : produits frais et vue splendide, c\u2019est le combo parfait&nbsp;!<\/li>\n\n\n\n<li><strong><a href=\"https:\/\/www.perros-guirec.com\/accueil\/preparer-mon-sejour\/sortir-et-bouger\/balades-et-randos\/circuits-pedestres\/entre-terre-et-mer\/\" target=\"_blank\" rel=\"noreferrer noopener\">Une randonn\u00e9e de 8,5km<\/a> <\/strong>entre Ploumanac\u2019h et La Clart\u00e9, entre mer, lande et pins maritimes.<\/li>\n<\/ul>\n\n\n\n<h3 class=\"wp-block-heading\"><strong>Une balade magique : les Traou\u00ef\u00e9ros<\/strong><\/h3>\n\n\n\n<p>Entre Perros-Guirec et Tr\u00e9gastel, une petite vall\u00e9e escarp\u00e9e qui m\u00e8ne jusqu\u2019au port de Ploumanac\u2019h. <a href=\"https:\/\/www.perros-guirec.com\/accueil\/preparer-mon-sejour\/sortir-et-bouger\/balades-et-randos\/circuits-pedestres\/la-vallee-des-traouiero\/\" target=\"_blank\" rel=\"noreferrer noopener\">La promenade<\/a> vous conduira entre des chaos granitiques, des grottes myst\u00e9rieuses et une v\u00e9g\u00e9tation luxuriante\u2026 et le clapotis de l\u2019eau en fond sonore. Une ambiance paisible et envo\u00fbtante. &nbsp;<\/p>\n\n\n\n<h3 class=\"wp-block-heading\"><strong>Mes bonnes adresses \u00e0 Ploumanac\u2019h<\/strong><\/h3>\n\n\n\n<p>Pour une pause gourmande ou un d\u00eener avec vue, voici quelques adresses test\u00e9es et approuv\u00e9es&nbsp;:<\/p>\n\n\n\n<ul class=\"wp-block-list\">\n<li>\ud83c\udf74 <strong>Le Mao<\/strong> : pour une cr\u00eape ou un plateau de fruits de mer, avec ses terrasses en toit de chaume<\/li>\n\n\n\n<li>\ud83e\udd5e <strong>Ossa<\/strong> : un bar \u00e0 galettes moderne et savoureux<\/li>\n\n\n\n<li>\ud83c\udf66 <strong>Keo<\/strong> : pour une glace face \u00e0 la mer<\/li>\n\n\n\n<li>\ud83c\udf7d <strong>La Table de mon p\u00e8re<\/strong> : pour une pause plus chic avec vue<\/li>\n\n\n\n<li>\ud83d\udc1f <strong>Le Duplex<\/strong>, <strong>Le Mean Ruz<\/strong> (au port) ou <strong>L\u2019Atelier<\/strong> (au pont vers Tr\u00e9gastel) : de bonnes adresses ouverts toute l\u2019ann\u00e9e<\/li>\n<\/ul>\n\n\n\n<h3 class=\"wp-block-heading\"><strong>Une boutique d\u00e9co coup de c\u0153ur<\/strong><\/h3>\n\n\n\n<p>\ud83d\udc99 <strong>Les pois sont Roz<\/strong>\u00a0: objets de d\u00e9coration, art de la table, ambiance bord de mer \u2026 Un lieu plein de charme \u00e0 d\u00e9couvrir.<\/p>\n\n\n\n<h2 class=\"wp-block-heading has-text-align-center\"><strong>Les conseils pratiques pour visiter Ploumanac\u2019h<\/strong><\/h2>\n\n\n<div class=\"wp-block-image\">\n<figure class=\"aligncenter size-full\"><img loading=\"lazy\" decoding=\"async\" width=\"366\" height=\"204\" src=\"https:\/\/terreatribord.bzh\/blog\/wp-content\/uploads\/2025\/05\/carte-bretagne-ploumanach.png\" alt=\"ploumanac'h carte du tr\u00e9gor go\u00eblo\" class=\"wp-image-870\" srcset=\"https:\/\/terreatribord.bzh\/blog\/wp-content\/uploads\/2025\/05\/carte-bretagne-ploumanach.png 366w, https:\/\/terreatribord.bzh\/blog\/wp-content\/uploads\/2025\/05\/carte-bretagne-ploumanach-300x167.png 300w\" sizes=\"auto, (max-width: 366px) 100vw, 366px\" \/><\/figure>\n<\/div>\n\n\n<h3 class=\"wp-block-heading\"><strong>Quand venir \u00e0 Ploumanac\u2019h ?<\/strong><\/h3>\n\n\n\n<p>Chaque saison offre une atmosph\u00e8re diff\u00e9rente :<\/p>\n\n\n\n<ul class=\"wp-block-list\">\n<li><strong><a href=\"https:\/\/terreatribord.bzh\/blog\/2025\/03\/15\/le-printemps-en-bretagne-une-parenthese-iodee-aux-beaux-jours\/\">Au printemps<\/a><\/strong>, les ajoncs en fleurs et les lumi\u00e8res changeantes subliment le paysage, &nbsp;<\/li>\n\n\n\n<li><strong>En \u00e9t\u00e9,<\/strong> les jolies criques vous invitent \u00e0 la baignade,<\/li>\n\n\n\n<li><strong><a href=\"https:\/\/terreatribord.bzh\/blog\/2023\/07\/15\/la-douceur-de-l-automne-en-bretagne\/\">En automne<\/a><\/strong>, les couleurs chaudes et les lumi\u00e8res douces prolongent les beaux jours,<\/li>\n\n\n\n<li><strong><a href=\"https:\/\/terreatribord.bzh\/blog\/2024\/11\/15\/lhiver-en-bretagne-authenticite-et-serenite\/\">En hiver<\/a>,<\/strong> les temp\u00eates sur la mer offrent un spectacle saisissant avec les vagues frappant les rochers.<\/li>\n<\/ul>\n\n\n\n<h3 class=\"wp-block-heading\"><strong>Comment s\u2019y rendre&nbsp;?<\/strong><\/h3>\n\n\n\n<p><strong>Ploumanac\u2019h est facilement accessible en voiture <\/strong>et dispose de plusieurs parkings. Une fois gar\u00e9(e), tout se d\u00e9couvre \u00e0 pied. &nbsp;<\/p>\n\n\n\n<p>\ud83d\udccd Plus d\u2019infos sur le site de la <a href=\"https:\/\/www.perros-guirec.bzh\" target=\"_blank\" rel=\"noreferrer noopener\">ville de Perros-Guirec<\/a>.<\/p>\n\n\n\n<h3 class=\"wp-block-heading\"><strong>Et si vous souhaitiez un s\u00e9jour sur la C\u00f4te de Granit Rose&nbsp;?<\/strong><\/h3>\n\n\n\n<p>Nos g\u00eetes \u00e0 Tr\u00e9l\u00e9vern, les maisons <a href=\"https:\/\/terreatribord.bzh\/tyGwenn\">Ty Gwenn<\/a> et <a href=\"https:\/\/terreatribord.bzh\/tyGlaz\">Ty Glaz<\/a>, \u00e0 quelques kilom\u00e8tres de Ploumanac\u2019h, sont &nbsp;le point de d\u00e9part id\u00e9al pour explorer cette r\u00e9gion magique, \u00e0 votre rythme. \ud83c\udf3f\ud83c\udf0a<\/p>\n\n\n\n<p>Pour prolonger la d\u00e9couverte, je vous partage ici un article d\u00e9di\u00e9 aux activit\u00e9s \u00e0 faire autour de Ploumanac\u2019h et de Perros-Guirec : \ud83d\udc49 <a class=\"\" href=\"https:\/\/terreatribord.bzh\/blog\/2022\/03\/15\/14-activites-a-faire-autour-de-perros-guirec\/\">14 activit\u00e9s \u00e0 faire autour de Perros-Guirec<\/a><\/p>\n","protected":false},"excerpt":{"rendered":"<p>Avec son phare pos\u00e9 sur les magnifiques chaos de granit rose et sa plage aux airs de carte postale, Ploumanac\u2019h est l\u2019un des villages les plus embl\u00e9matiques de la C\u00f4te de Granit Rose et peut-\u00eatre de la Bretagne. Entre sentiers c\u00f4tiers, patrimoine naturel prot\u00e9g\u00e9 et ambiance iod\u00e9e, visiter Ploumanac\u2019h, c\u2019est d\u00e9couvrir un lieu \u00e0 la [&hellip;]<\/p>\n","protected":false},"author":1,"featured_media":864,"comment_status":"closed","ping_status":"closed","sticky":false,"template":"","format":"standard","meta":{"footnotes":""},"categories":[8],"tags":[14,15,13,11,12],"class_list":["post-858","post","type-post","status-publish","format-standard","has-post-thumbnail","hentry","category-decouverte-de-la-bretagne","tag-balade","tag-famille","tag-mer","tag-nature","tag-patrimoine-historique","post-preview"],"yoast_head":"<!-- This site is optimized with the Yoast SEO plugin v27.5 - https:\/\/yoast.com\/product\/yoast-seo-wordpress\/ -->\n<title>Ploumanac\u2019h, le tr\u00e9sor de la C\u00f4te de Granit Rose - Terre \u00e0 Tribord !<\/title>\n<meta name=\"description\" content=\"Que faire \u00e0 Ploumanac\u2019h ? D\u00e9couvrez ce village de la C\u00f4te de Granit Rose : GR34, plages, bonnes adresses et conseils pour le visiter toute l\u2019ann\u00e9e.\" \/>\n<meta name=\"robots\" content=\"index, follow, max-snippet:-1, max-image-preview:large, max-video-preview:-1\" \/>\n<link rel=\"canonical\" href=\"https:\/\/terreatribord.bzh\/blog\/2025\/05\/15\/ploumanach-le-tresor-de-la-cote-de-granit-rose\/\" \/>\n<meta property=\"og:locale\" content=\"fr_FR\" \/>\n<meta property=\"og:type\" content=\"article\" \/>\n<meta property=\"og:title\" content=\"Ploumanac&#039;h\" \/>\n<meta property=\"og:description\" content=\"Que faire \u00e0 Ploumanac\u2019h ? D\u00e9couvrez ce village de la C\u00f4te de Granit Rose : GR34, plages, bonnes adresses et conseils pour le visiter toute l\u2019ann\u00e9e.\" \/>\n<meta property=\"og:url\" content=\"https:\/\/terreatribord.bzh\/blog\/2025\/05\/15\/ploumanach-le-tresor-de-la-cote-de-granit-rose\/\" \/>\n<meta property=\"og:site_name\" content=\"Terre \u00e0 Tribord !\" \/>\n<meta property=\"article:published_time\" content=\"2025-05-15T13:38:19+00:00\" \/>\n<meta property=\"article:modified_time\" content=\"2026-02-11T13:35:48+00:00\" \/>\n<meta property=\"og:image\" content=\"https:\/\/terreatribord.bzh\/blog\/wp-content\/uploads\/2021\/07\/cropped-banner_situation.jpg\" \/>\n\t<meta property=\"og:image:width\" content=\"1280\" \/>\n\t<meta property=\"og:image:height\" content=\"416\" \/>\n\t<meta property=\"og:image:type\" content=\"image\/jpeg\" \/>\n<meta name=\"author\" content=\"Charlotte\" \/>\n<meta name=\"twitter:card\" content=\"summary_large_image\" \/>\n<meta name=\"twitter:label1\" content=\"\u00c9crit par\" \/>\n\t<meta name=\"twitter:data1\" content=\"Charlotte\" \/>\n\t<meta name=\"twitter:label2\" content=\"Dur\u00e9e de lecture estim\u00e9e\" \/>\n\t<meta name=\"twitter:data2\" content=\"6 minutes\" \/>\n<script type=\"application\/ld+json\" class=\"yoast-schema-graph\">{\"@context\":\"https:\\\/\\\/schema.org\",\"@graph\":[{\"@type\":\"Article\",\"@id\":\"https:\\\/\\\/terreatribord.bzh\\\/blog\\\/2025\\\/05\\\/15\\\/ploumanach-le-tresor-de-la-cote-de-granit-rose\\\/#article\",\"isPartOf\":{\"@id\":\"https:\\\/\\\/terreatribord.bzh\\\/blog\\\/2025\\\/05\\\/15\\\/ploumanach-le-tresor-de-la-cote-de-granit-rose\\\/\"},\"author\":{\"name\":\"Charlotte\",\"@id\":\"https:\\\/\\\/terreatribord.bzh\\\/blog\\\/#\\\/schema\\\/person\\\/799840395f3f8c1f423b7eac8cacc075\"},\"headline\":\"Ploumanac\u2019h, le tr\u00e9sor de la C\u00f4te de Granit Rose\",\"datePublished\":\"2025-05-15T13:38:19+00:00\",\"dateModified\":\"2026-02-11T13:35:48+00:00\",\"mainEntityOfPage\":{\"@id\":\"https:\\\/\\\/terreatribord.bzh\\\/blog\\\/2025\\\/05\\\/15\\\/ploumanach-le-tresor-de-la-cote-de-granit-rose\\\/\"},\"wordCount\":1022,\"publisher\":{\"@id\":\"https:\\\/\\\/terreatribord.bzh\\\/blog\\\/#\\\/schema\\\/person\\\/799840395f3f8c1f423b7eac8cacc075\"},\"image\":{\"@id\":\"https:\\\/\\\/terreatribord.bzh\\\/blog\\\/2025\\\/05\\\/15\\\/ploumanach-le-tresor-de-la-cote-de-granit-rose\\\/#primaryimage\"},\"thumbnailUrl\":\"https:\\\/\\\/terreatribord.bzh\\\/blog\\\/wp-content\\\/uploads\\\/2025\\\/05\\\/ploumanach-7-scaled.jpg\",\"keywords\":[\"Balade\",\"famille\",\"Mer\",\"Nature\",\"Patrimoine historique\"],\"articleSection\":[\"D\u00e9couverte de la Bretagne\"],\"inLanguage\":\"fr-FR\"},{\"@type\":\"WebPage\",\"@id\":\"https:\\\/\\\/terreatribord.bzh\\\/blog\\\/2025\\\/05\\\/15\\\/ploumanach-le-tresor-de-la-cote-de-granit-rose\\\/\",\"url\":\"https:\\\/\\\/terreatribord.bzh\\\/blog\\\/2025\\\/05\\\/15\\\/ploumanach-le-tresor-de-la-cote-de-granit-rose\\\/\",\"name\":\"Ploumanac\u2019h, le tr\u00e9sor de la C\u00f4te de Granit Rose - Terre \u00e0 Tribord !\",\"isPartOf\":{\"@id\":\"https:\\\/\\\/terreatribord.bzh\\\/blog\\\/#website\"},\"primaryImageOfPage\":{\"@id\":\"https:\\\/\\\/terreatribord.bzh\\\/blog\\\/2025\\\/05\\\/15\\\/ploumanach-le-tresor-de-la-cote-de-granit-rose\\\/#primaryimage\"},\"image\":{\"@id\":\"https:\\\/\\\/terreatribord.bzh\\\/blog\\\/2025\\\/05\\\/15\\\/ploumanach-le-tresor-de-la-cote-de-granit-rose\\\/#primaryimage\"},\"thumbnailUrl\":\"https:\\\/\\\/terreatribord.bzh\\\/blog\\\/wp-content\\\/uploads\\\/2025\\\/05\\\/ploumanach-7-scaled.jpg\",\"datePublished\":\"2025-05-15T13:38:19+00:00\",\"dateModified\":\"2026-02-11T13:35:48+00:00\",\"description\":\"Que faire \u00e0 Ploumanac\u2019h ? D\u00e9couvrez ce village de la C\u00f4te de Granit Rose : GR34, plages, bonnes adresses et conseils pour le visiter toute l\u2019ann\u00e9e.\",\"breadcrumb\":{\"@id\":\"https:\\\/\\\/terreatribord.bzh\\\/blog\\\/2025\\\/05\\\/15\\\/ploumanach-le-tresor-de-la-cote-de-granit-rose\\\/#breadcrumb\"},\"inLanguage\":\"fr-FR\",\"potentialAction\":[{\"@type\":\"ReadAction\",\"target\":[\"https:\\\/\\\/terreatribord.bzh\\\/blog\\\/2025\\\/05\\\/15\\\/ploumanach-le-tresor-de-la-cote-de-granit-rose\\\/\"]}]},{\"@type\":\"ImageObject\",\"inLanguage\":\"fr-FR\",\"@id\":\"https:\\\/\\\/terreatribord.bzh\\\/blog\\\/2025\\\/05\\\/15\\\/ploumanach-le-tresor-de-la-cote-de-granit-rose\\\/#primaryimage\",\"url\":\"https:\\\/\\\/terreatribord.bzh\\\/blog\\\/wp-content\\\/uploads\\\/2025\\\/05\\\/ploumanach-7-scaled.jpg\",\"contentUrl\":\"https:\\\/\\\/terreatribord.bzh\\\/blog\\\/wp-content\\\/uploads\\\/2025\\\/05\\\/ploumanach-7-scaled.jpg\",\"width\":2560,\"height\":1920,\"caption\":\"ploumanac'h c\u00f4te de granit rose c\u00f4tes d'armor bretagne\"},{\"@type\":\"BreadcrumbList\",\"@id\":\"https:\\\/\\\/terreatribord.bzh\\\/blog\\\/2025\\\/05\\\/15\\\/ploumanach-le-tresor-de-la-cote-de-granit-rose\\\/#breadcrumb\",\"itemListElement\":[{\"@type\":\"ListItem\",\"position\":1,\"name\":\"Accueil\",\"item\":\"https:\\\/\\\/terreatribord.bzh\\\/blog\\\/\"},{\"@type\":\"ListItem\",\"position\":2,\"name\":\"Ploumanac\u2019h, le tr\u00e9sor de la C\u00f4te de Granit Rose\"}]},{\"@type\":\"WebSite\",\"@id\":\"https:\\\/\\\/terreatribord.bzh\\\/blog\\\/#website\",\"url\":\"https:\\\/\\\/terreatribord.bzh\\\/blog\\\/\",\"name\":\"Terre \u00e0 Tribord !\",\"description\":\"Le blog qui met le cap sur la Bretagne.\",\"publisher\":{\"@id\":\"https:\\\/\\\/terreatribord.bzh\\\/blog\\\/#\\\/schema\\\/person\\\/799840395f3f8c1f423b7eac8cacc075\"},\"potentialAction\":[{\"@type\":\"SearchAction\",\"target\":{\"@type\":\"EntryPoint\",\"urlTemplate\":\"https:\\\/\\\/terreatribord.bzh\\\/blog\\\/?s={search_term_string}\"},\"query-input\":{\"@type\":\"PropertyValueSpecification\",\"valueRequired\":true,\"valueName\":\"search_term_string\"}}],\"inLanguage\":\"fr-FR\"},{\"@type\":[\"Person\",\"Organization\"],\"@id\":\"https:\\\/\\\/terreatribord.bzh\\\/blog\\\/#\\\/schema\\\/person\\\/799840395f3f8c1f423b7eac8cacc075\",\"name\":\"Charlotte\",\"image\":{\"@type\":\"ImageObject\",\"inLanguage\":\"fr-FR\",\"@id\":\"https:\\\/\\\/blog.terreatribord.bzh\\\/wp-content\\\/uploads\\\/2021\\\/08\\\/36825346_2456960194321511_447552153637093376_n.jpg\",\"url\":\"https:\\\/\\\/blog.terreatribord.bzh\\\/wp-content\\\/uploads\\\/2021\\\/08\\\/36825346_2456960194321511_447552153637093376_n.jpg\",\"contentUrl\":\"https:\\\/\\\/blog.terreatribord.bzh\\\/wp-content\\\/uploads\\\/2021\\\/08\\\/36825346_2456960194321511_447552153637093376_n.jpg\",\"width\":1462,\"height\":1462,\"caption\":\"Charlotte\"},\"logo\":{\"@id\":\"https:\\\/\\\/blog.terreatribord.bzh\\\/wp-content\\\/uploads\\\/2021\\\/08\\\/36825346_2456960194321511_447552153637093376_n.jpg\"},\"sameAs\":[\"https:\\\/\\\/blog.terreatribord.bzh\"]}]}<\/script>\n<!-- \/ Yoast SEO plugin. -->","yoast_head_json":{"title":"Ploumanac\u2019h, le tr\u00e9sor de la C\u00f4te de Granit Rose - Terre \u00e0 Tribord !","description":"Que faire \u00e0 Ploumanac\u2019h ? D\u00e9couvrez ce village de la C\u00f4te de Granit Rose : GR34, plages, bonnes adresses et conseils pour le visiter toute l\u2019ann\u00e9e.","robots":{"index":"index","follow":"follow","max-snippet":"max-snippet:-1","max-image-preview":"max-image-preview:large","max-video-preview":"max-video-preview:-1"},"canonical":"https:\/\/terreatribord.bzh\/blog\/2025\/05\/15\/ploumanach-le-tresor-de-la-cote-de-granit-rose\/","og_locale":"fr_FR","og_type":"article","og_title":"Ploumanac'h","og_description":"Que faire \u00e0 Ploumanac\u2019h ? D\u00e9couvrez ce village de la C\u00f4te de Granit Rose : GR34, plages, bonnes adresses et conseils pour le visiter toute l\u2019ann\u00e9e.","og_url":"https:\/\/terreatribord.bzh\/blog\/2025\/05\/15\/ploumanach-le-tresor-de-la-cote-de-granit-rose\/","og_site_name":"Terre \u00e0 Tribord !","article_published_time":"2025-05-15T13:38:19+00:00","article_modified_time":"2026-02-11T13:35:48+00:00","og_image":[{"width":1280,"height":416,"url":"https:\/\/terreatribord.bzh\/blog\/wp-content\/uploads\/2021\/07\/cropped-banner_situation.jpg","type":"image\/jpeg"}],"author":"Charlotte","twitter_card":"summary_large_image","twitter_misc":{"\u00c9crit par":"Charlotte","Dur\u00e9e de lecture estim\u00e9e":"6 minutes"},"schema":{"@context":"https:\/\/schema.org","@graph":[{"@type":"Article","@id":"https:\/\/terreatribord.bzh\/blog\/2025\/05\/15\/ploumanach-le-tresor-de-la-cote-de-granit-rose\/#article","isPartOf":{"@id":"https:\/\/terreatribord.bzh\/blog\/2025\/05\/15\/ploumanach-le-tresor-de-la-cote-de-granit-rose\/"},"author":{"name":"Charlotte","@id":"https:\/\/terreatribord.bzh\/blog\/#\/schema\/person\/799840395f3f8c1f423b7eac8cacc075"},"headline":"Ploumanac\u2019h, le tr\u00e9sor de la C\u00f4te de Granit Rose","datePublished":"2025-05-15T13:38:19+00:00","dateModified":"2026-02-11T13:35:48+00:00","mainEntityOfPage":{"@id":"https:\/\/terreatribord.bzh\/blog\/2025\/05\/15\/ploumanach-le-tresor-de-la-cote-de-granit-rose\/"},"wordCount":1022,"publisher":{"@id":"https:\/\/terreatribord.bzh\/blog\/#\/schema\/person\/799840395f3f8c1f423b7eac8cacc075"},"image":{"@id":"https:\/\/terreatribord.bzh\/blog\/2025\/05\/15\/ploumanach-le-tresor-de-la-cote-de-granit-rose\/#primaryimage"},"thumbnailUrl":"https:\/\/terreatribord.bzh\/blog\/wp-content\/uploads\/2025\/05\/ploumanach-7-scaled.jpg","keywords":["Balade","famille","Mer","Nature","Patrimoine historique"],"articleSection":["D\u00e9couverte de la Bretagne"],"inLanguage":"fr-FR"},{"@type":"WebPage","@id":"https:\/\/terreatribord.bzh\/blog\/2025\/05\/15\/ploumanach-le-tresor-de-la-cote-de-granit-rose\/","url":"https:\/\/terreatribord.bzh\/blog\/2025\/05\/15\/ploumanach-le-tresor-de-la-cote-de-granit-rose\/","name":"Ploumanac\u2019h, le tr\u00e9sor de la C\u00f4te de Granit Rose - Terre \u00e0 Tribord !","isPartOf":{"@id":"https:\/\/terreatribord.bzh\/blog\/#website"},"primaryImageOfPage":{"@id":"https:\/\/terreatribord.bzh\/blog\/2025\/05\/15\/ploumanach-le-tresor-de-la-cote-de-granit-rose\/#primaryimage"},"image":{"@id":"https:\/\/terreatribord.bzh\/blog\/2025\/05\/15\/ploumanach-le-tresor-de-la-cote-de-granit-rose\/#primaryimage"},"thumbnailUrl":"https:\/\/terreatribord.bzh\/blog\/wp-content\/uploads\/2025\/05\/ploumanach-7-scaled.jpg","datePublished":"2025-05-15T13:38:19+00:00","dateModified":"2026-02-11T13:35:48+00:00","description":"Que faire \u00e0 Ploumanac\u2019h ? D\u00e9couvrez ce village de la C\u00f4te de Granit Rose : GR34, plages, bonnes adresses et conseils pour le visiter toute l\u2019ann\u00e9e.","breadcrumb":{"@id":"https:\/\/terreatribord.bzh\/blog\/2025\/05\/15\/ploumanach-le-tresor-de-la-cote-de-granit-rose\/#breadcrumb"},"inLanguage":"fr-FR","potentialAction":[{"@type":"ReadAction","target":["https:\/\/terreatribord.bzh\/blog\/2025\/05\/15\/ploumanach-le-tresor-de-la-cote-de-granit-rose\/"]}]},{"@type":"ImageObject","inLanguage":"fr-FR","@id":"https:\/\/terreatribord.bzh\/blog\/2025\/05\/15\/ploumanach-le-tresor-de-la-cote-de-granit-rose\/#primaryimage","url":"https:\/\/terreatribord.bzh\/blog\/wp-content\/uploads\/2025\/05\/ploumanach-7-scaled.jpg","contentUrl":"https:\/\/terreatribord.bzh\/blog\/wp-content\/uploads\/2025\/05\/ploumanach-7-scaled.jpg","width":2560,"height":1920,"caption":"ploumanac'h c\u00f4te de granit rose c\u00f4tes d'armor bretagne"},{"@type":"BreadcrumbList","@id":"https:\/\/terreatribord.bzh\/blog\/2025\/05\/15\/ploumanach-le-tresor-de-la-cote-de-granit-rose\/#breadcrumb","itemListElement":[{"@type":"ListItem","position":1,"name":"Accueil","item":"https:\/\/terreatribord.bzh\/blog\/"},{"@type":"ListItem","position":2,"name":"Ploumanac\u2019h, le tr\u00e9sor de la C\u00f4te de Granit Rose"}]},{"@type":"WebSite","@id":"https:\/\/terreatribord.bzh\/blog\/#website","url":"https:\/\/terreatribord.bzh\/blog\/","name":"Terre \u00e0 Tribord !","description":"Le blog qui met le cap sur la Bretagne.","publisher":{"@id":"https:\/\/terreatribord.bzh\/blog\/#\/schema\/person\/799840395f3f8c1f423b7eac8cacc075"},"potentialAction":[{"@type":"SearchAction","target":{"@type":"EntryPoint","urlTemplate":"https:\/\/terreatribord.bzh\/blog\/?s={search_term_string}"},"query-input":{"@type":"PropertyValueSpecification","valueRequired":true,"valueName":"search_term_string"}}],"inLanguage":"fr-FR"},{"@type":["Person","Organization"],"@id":"https:\/\/terreatribord.bzh\/blog\/#\/schema\/person\/799840395f3f8c1f423b7eac8cacc075","name":"Charlotte","image":{"@type":"ImageObject","inLanguage":"fr-FR","@id":"https:\/\/blog.terreatribord.bzh\/wp-content\/uploads\/2021\/08\/36825346_2456960194321511_447552153637093376_n.jpg","url":"https:\/\/blog.terreatribord.bzh\/wp-content\/uploads\/2021\/08\/36825346_2456960194321511_447552153637093376_n.jpg","contentUrl":"https:\/\/blog.terreatribord.bzh\/wp-content\/uploads\/2021\/08\/36825346_2456960194321511_447552153637093376_n.jpg","width":1462,"height":1462,"caption":"Charlotte"},"logo":{"@id":"https:\/\/blog.terreatribord.bzh\/wp-content\/uploads\/2021\/08\/36825346_2456960194321511_447552153637093376_n.jpg"},"sameAs":["https:\/\/blog.terreatribord.bzh"]}]}},"_links":{"self":[{"href":"https:\/\/terreatribord.bzh\/blog\/wp-json\/wp\/v2\/posts\/858","targetHints":{"allow":["GET"]}}],"collection":[{"href":"https:\/\/terreatribord.bzh\/blog\/wp-json\/wp\/v2\/posts"}],"about":[{"href":"https:\/\/terreatribord.bzh\/blog\/wp-json\/wp\/v2\/types\/post"}],"author":[{"embeddable":true,"href":"https:\/\/terreatribord.bzh\/blog\/wp-json\/wp\/v2\/users\/1"}],"replies":[{"embeddable":true,"href":"https:\/\/terreatribord.bzh\/blog\/wp-json\/wp\/v2\/comments?post=858"}],"version-history":[{"count":9,"href":"https:\/\/terreatribord.bzh\/blog\/wp-json\/wp\/v2\/posts\/858\/revisions"}],"predecessor-version":[{"id":948,"href":"https:\/\/terreatribord.bzh\/blog\/wp-json\/wp\/v2\/posts\/858\/revisions\/948"}],"wp:featuredmedia":[{"embeddable":true,"href":"https:\/\/terreatribord.bzh\/blog\/wp-json\/wp\/v2\/media\/864"}],"wp:attachment":[{"href":"https:\/\/terreatribord.bzh\/blog\/wp-json\/wp\/v2\/media?parent=858"}],"wp:term":[{"taxonomy":"category","embeddable":true,"href":"https:\/\/terreatribord.bzh\/blog\/wp-json\/wp\/v2\/categories?post=858"},{"taxonomy":"post_tag","embeddable":true,"href":"https:\/\/terreatribord.bzh\/blog\/wp-json\/wp\/v2\/tags?post=858"}],"curies":[{"name":"wp","href":"https:\/\/api.w.org\/{rel}","templated":true}]}}