{"id":904,"date":"2025-06-15T16:34:53","date_gmt":"2025-06-15T14:34:53","guid":{"rendered":"https:\/\/terreatribord.bzh\/blog\/?p=904"},"modified":"2025-10-14T22:08:14","modified_gmt":"2025-10-14T20:08:14","slug":"un-ete-en-bretagne-nature-mer-et-grands-espaces","status":"publish","type":"post","link":"https:\/\/terreatribord.bzh\/blog\/2025\/06\/15\/un-ete-en-bretagne-nature-mer-et-grands-espaces\/","title":{"rendered":"Un \u00e9t\u00e9 en Bretagne : nature, mer et grands espaces"},"content":{"rendered":"\n<h2 class=\"wp-block-heading has-text-align-center\">Que faire dans les C\u00f4tes-d\u2019Armor entre baignades, balades et f\u00eates locales ?<\/h2>\n\n\n\n<p><strong>Partir en vacances en \u00e9t\u00e9 en <a href=\"https:\/\/terreatribord.bzh\/blog\/2021\/09\/12\/la-bretagne\/\">Bretagne<\/a><\/strong>, c\u2019est choisir la <strong>fra\u00eecheur de l\u2019air marin<\/strong>, la beaut\u00e9 de <strong>paysages pr\u00e9serv\u00e9s<\/strong> et un <strong>rythme de vie plus simple<\/strong>, plus doux. Il y a la mer, les balades au grand air, les march\u00e9s anim\u00e9s, les paysages qu\u2019on red\u00e9couvre \u00e0 chaque lumi\u00e8re&#8230; Et c\u2019est souvent tout ce qu\u2019il faut pour se sentir bien.<\/p>\n\n\n\n<p>Que vous voyagiez en famille, en couple ou en solo, la Bretagne nord vous offre un cadre id\u00e9al. Et \u00e0 <a href=\"https:\/\/terreatribord.bzh\/home\">Terre \u00e0 Tribord, nos g\u00eetes \u00e0 Tr\u00e9l\u00e9vern<\/a> vous accueillent pour vivre l\u2019\u00e9t\u00e9 pleinement, \u00e0 deux pas de la mer.<\/p>\n\n\n\n<!--more-->\n\n\n\n<h2 class=\"wp-block-heading has-text-align-center\">\ud83c\udfd6\ufe0f Se baigner sur de belles plages de sable fin<\/h2>\n\n\n<div class=\"wp-block-image\">\n<figure class=\"aligncenter size-large\"><img loading=\"lazy\" decoding=\"async\" width=\"1024\" height=\"787\" src=\"https:\/\/terreatribord.bzh\/blog\/wp-content\/uploads\/2024\/06\/keriec-trelevern-1024x787.jpg\" alt=\"Plage de K\u00e9riec - Tr\u00e9l\u00e9vern\" class=\"wp-image-697\" srcset=\"https:\/\/terreatribord.bzh\/blog\/wp-content\/uploads\/2024\/06\/keriec-trelevern-1024x787.jpg 1024w, https:\/\/terreatribord.bzh\/blog\/wp-content\/uploads\/2024\/06\/keriec-trelevern-300x231.jpg 300w, https:\/\/terreatribord.bzh\/blog\/wp-content\/uploads\/2024\/06\/keriec-trelevern-768x591.jpg 768w, https:\/\/terreatribord.bzh\/blog\/wp-content\/uploads\/2024\/06\/keriec-trelevern-1536x1181.jpg 1536w, https:\/\/terreatribord.bzh\/blog\/wp-content\/uploads\/2024\/06\/keriec-trelevern-2048x1575.jpg 2048w, https:\/\/terreatribord.bzh\/blog\/wp-content\/uploads\/2024\/06\/keriec-trelevern-676x520.jpg 676w\" sizes=\"auto, (max-width: 1024px) 100vw, 1024px\" \/><figcaption class=\"wp-element-caption\">La plage de k\u00e9riec \u00e0 Tr\u00e9l\u00e9vern<\/figcaption><\/figure>\n<\/div>\n\n\n<p>Loin de l\u2019agitation des stations tr\u00e8s touristiques, <strong>les plages des C\u00f4tes-d\u2019Armor<\/strong> s\u00e9duisent par leur c\u00f4t\u00e9 nature et leur accessibilit\u00e9. Depuis nos g\u00eetes \u00e0 Tr\u00e9l\u00e9vern, vous pouvez rejoindre \u00e0 pied la <strong>plage de K\u00e9riec<\/strong>, une jolie crique familiale entour\u00e9e de verdure. C\u2019est une plage encore pr\u00e9serv\u00e9e, id\u00e9ale pour poser sa serviette ou barboter avec les enfants.<\/p>\n\n\n\n<p>Dans les environs, on aime aussi :<\/p>\n\n\n\n<ul class=\"wp-block-list\">\n<li><strong>La plage de Trestel<\/strong>, appr\u00e9ci\u00e9e pour ses grandes \u00e9tendues et ses sports nautiques.<\/li>\n\n\n\n<li><strong>La Gr\u00e8ve Blanche \u00e0 Tr\u00e9gastel<\/strong> et ses magnifiques rochers.<\/li>\n\n\n\n<li><strong>La plage du Royau<\/strong> \u00e0 Tr\u00e9vou-Tr\u00e9guignec, parfaite pour une baignade tranquille.<\/li>\n<\/ul>\n\n\n\n<h2 class=\"wp-block-heading has-text-align-center\">\ud83c\udf0aNaviguer, marcher, s\u2019\u00e9merveiller : cap sur les \u00eeles<\/h2>\n\n\n<div class=\"wp-block-image\">\n<figure class=\"aligncenter size-large\"><img loading=\"lazy\" decoding=\"async\" width=\"1024\" height=\"672\" src=\"https:\/\/terreatribord.bzh\/blog\/wp-content\/uploads\/2022\/10\/ile-moines-1024x672.jpeg\" alt=\"ile aux moines c\u00f4te de granit rose bretagne\" class=\"wp-image-514\" srcset=\"https:\/\/terreatribord.bzh\/blog\/wp-content\/uploads\/2022\/10\/ile-moines-1024x672.jpeg 1024w, https:\/\/terreatribord.bzh\/blog\/wp-content\/uploads\/2022\/10\/ile-moines-300x197.jpeg 300w, https:\/\/terreatribord.bzh\/blog\/wp-content\/uploads\/2022\/10\/ile-moines-768x504.jpeg 768w, https:\/\/terreatribord.bzh\/blog\/wp-content\/uploads\/2022\/10\/ile-moines-676x443.jpeg 676w, https:\/\/terreatribord.bzh\/blog\/wp-content\/uploads\/2022\/10\/ile-moines.jpeg 1200w\" sizes=\"auto, (max-width: 1024px) 100vw, 1024px\" \/><figcaption class=\"wp-element-caption\">Les Sept \u00celes<\/figcaption><\/figure>\n<\/div>\n\n\n<p>L\u2019\u00e9t\u00e9 est la meilleure saison pour <strong>explorer les \u00eeles bretonnes<\/strong>. Voici quelques id\u00e9es \u00e0 ne pas manquer :<\/p>\n\n\n\n<ul class=\"wp-block-list\">\n<li><strong><a href=\"https:\/\/terreatribord.bzh\/blog\/2023\/01\/15\/lile-de-brehat\/\">L\u2019\u00eele de Br\u00e9hat<\/a><\/strong>, au d\u00e9part de la Pointe de l\u2019Arcouest, partez pour une journ\u00e9e sur l\u2019\u00eele aux fleurs. L\u2019\u00e9t\u00e9 y est fleuri (agapanthes, hortensias) et les paysages alternent entre chemins de pierre, plages et rochers roses. Pensez \u00e0 <a href=\"https:\/\/www.vedettesdebrehat.com\/\">r\u00e9server votre travers\u00e9e<\/a> : des quotas sont mis en place en haute saison.<\/li>\n\n\n\n<li><strong>Croisi\u00e8re vers <a href=\"https:\/\/terreatribord.bzh\/blog\/2022\/10\/15\/larchipel-des-7-iles\/\">les Sept-\u00eeles<\/a><\/strong> : une sortie en mer pour admirer la plus grande r\u00e9serve ornithologique de France. Et avec un peu de chance, on aper\u00e7oit quelques phoques ou fous de Bassan en plein vol au-dessus de l\u2019eau.<\/li>\n\n\n\n<li><strong>L\u2019\u00eele Renote \u00e0 Tr\u00e9gastel<\/strong>, parsem\u00e9e de criques et rochers en granit rose.<\/li>\n\n\n\n<li><strong>L\u2019\u00eele Milliau \u00e0 Tr\u00e9beurden<\/strong>, paisible et sauvage, \u00e0 explorer \u00e0 mar\u00e9e basse.<\/li>\n<\/ul>\n\n\n\n<p>\ud83d\udccc&nbsp;<a href=\"https:\/\/www.trebeurden.fr\/vie-quotidienne\/decouvrir-trebeurden\/lile-milliau\/acceder-a-lile\/\" target=\"_blank\" rel=\"noreferrer noopener\"><em>Retrouvez toutes les informations pratiques pour visiter l\u2019\u00cele Milliau sur le site de la ville de Tr\u00e9beurden.<\/em><\/a><em><\/em><\/p>\n\n\n\n<h2 class=\"wp-block-heading has-text-align-center\">\ud83d\udeb6\u200d\u2640\ufe0f Marcher, p\u00e9daler, respirer<\/h2>\n\n\n<div class=\"wp-block-image\">\n<figure class=\"aligncenter size-large\"><img loading=\"lazy\" decoding=\"async\" width=\"1024\" height=\"768\" src=\"https:\/\/terreatribord.bzh\/blog\/wp-content\/uploads\/2025\/03\/ploumanach2-1024x768.jpg\" alt=\"ploumanac'h c\u00f4tes d'armor bretagne\" class=\"wp-image-793\" srcset=\"https:\/\/terreatribord.bzh\/blog\/wp-content\/uploads\/2025\/03\/ploumanach2-1024x768.jpg 1024w, https:\/\/terreatribord.bzh\/blog\/wp-content\/uploads\/2025\/03\/ploumanach2-300x225.jpg 300w, https:\/\/terreatribord.bzh\/blog\/wp-content\/uploads\/2025\/03\/ploumanach2-768x576.jpg 768w, https:\/\/terreatribord.bzh\/blog\/wp-content\/uploads\/2025\/03\/ploumanach2-1536x1152.jpg 1536w, https:\/\/terreatribord.bzh\/blog\/wp-content\/uploads\/2025\/03\/ploumanach2-2048x1536.jpg 2048w, https:\/\/terreatribord.bzh\/blog\/wp-content\/uploads\/2025\/03\/ploumanach2-676x507.jpg 676w\" sizes=\"auto, (max-width: 1024px) 100vw, 1024px\" \/><figcaption class=\"wp-element-caption\">Ploumanac&rsquo;h sur le GR34 <\/figcaption><\/figure>\n<\/div>\n\n\n<p><a href=\"https:\/\/terreatribord.bzh\/blog\/2024\/02\/15\/le-gr34-le-sentier-des-douaniers-en-bretagne\/\">Le GR34<\/a>, le fameux sentier des douaniers, longe toute la c\u00f4te. Entre Tr\u00e9l\u00e9vern, Port-Blanc, Tr\u00e9gastel ou Ploumanac\u2019h, les paysages changent \u00e0 chaque virage.<\/p>\n\n\n\n<p>\u00c0 v\u00e9lo, la <a href=\"https:\/\/terreatribord.bzh\/blog\/2024\/05\/15\/la-velomaritime-la-veloroute-longeant-la-bretagne-nord\/\">V\u00e9lomaritime<\/a> permet de parcourir le Tr\u00e9gor \u00e0 son rythme, par des petites routes tranquilles.<\/p>\n\n\n\n<p>\ud83d\udccc Vous avez aussi la possibilit\u00e9 de louer des&nbsp;v\u00e9los&nbsp;(\u00e9lectriques ou non) gr\u00e2ce \u00e0 notre partenaire&nbsp;<a href=\"https:\/\/www.location-capalouest.com\/\" target=\"_blank\" rel=\"noreferrer noopener\">Cap \u00e0 l\u2019Ouest<\/a>. Ils seront directement livr\u00e9s \u00e0 votre maison de vacances pour la dur\u00e9e que vous souhaitez.<\/p>\n\n\n\n<h2 class=\"wp-block-heading has-text-align-center\">\ud83c\udf0a S\u2019initier aux sports nautiques<\/h2>\n\n\n<div class=\"wp-block-image\">\n<figure class=\"aligncenter size-large\"><img loading=\"lazy\" decoding=\"async\" width=\"1024\" height=\"768\" src=\"https:\/\/terreatribord.bzh\/blog\/wp-content\/uploads\/2022\/04\/centre-nautique-port-blanc-1024x768.jpg\" alt=\"centre nautique port blanc cotes d'armor bretagne\" class=\"wp-image-412\" srcset=\"https:\/\/terreatribord.bzh\/blog\/wp-content\/uploads\/2022\/04\/centre-nautique-port-blanc-1024x768.jpg 1024w, https:\/\/terreatribord.bzh\/blog\/wp-content\/uploads\/2022\/04\/centre-nautique-port-blanc-300x225.jpg 300w, https:\/\/terreatribord.bzh\/blog\/wp-content\/uploads\/2022\/04\/centre-nautique-port-blanc-768x576.jpg 768w, https:\/\/terreatribord.bzh\/blog\/wp-content\/uploads\/2022\/04\/centre-nautique-port-blanc-1536x1152.jpg 1536w, https:\/\/terreatribord.bzh\/blog\/wp-content\/uploads\/2022\/04\/centre-nautique-port-blanc-2048x1536.jpg 2048w, https:\/\/terreatribord.bzh\/blog\/wp-content\/uploads\/2022\/04\/centre-nautique-port-blanc-676x507.jpg 676w\" sizes=\"auto, (max-width: 1024px) 100vw, 1024px\" \/><figcaption class=\"wp-element-caption\">Le centre nautique de Port Blanc <\/figcaption><\/figure>\n<\/div>\n\n\n<p><strong>Surf, kayak, paddle, voile, wing foil<\/strong> \u2026 Les clubs nautiques du secteur proposent des cours pour tous les \u00e2ges, d\u00e9butants compris. \u00c0 faire en solo, en duo ou en famille !<\/p>\n\n\n\n<h2 class=\"wp-block-heading has-text-align-center\">\ud83c\udf3f D\u00e9couvrir les march\u00e9s bretons<\/h2>\n\n\n<div class=\"wp-block-image\">\n<figure class=\"aligncenter size-large\"><img loading=\"lazy\" decoding=\"async\" width=\"768\" height=\"1024\" src=\"https:\/\/terreatribord.bzh\/blog\/wp-content\/uploads\/2023\/05\/fraises-768x1024.jpg\" alt=\"fraises march\u00e9\" class=\"wp-image-562\" srcset=\"https:\/\/terreatribord.bzh\/blog\/wp-content\/uploads\/2023\/05\/fraises-768x1024.jpg 768w, https:\/\/terreatribord.bzh\/blog\/wp-content\/uploads\/2023\/05\/fraises-225x300.jpg 225w, https:\/\/terreatribord.bzh\/blog\/wp-content\/uploads\/2023\/05\/fraises-1152x1536.jpg 1152w, https:\/\/terreatribord.bzh\/blog\/wp-content\/uploads\/2023\/05\/fraises-676x901.jpg 676w, https:\/\/terreatribord.bzh\/blog\/wp-content\/uploads\/2023\/05\/fraises.jpg 1166w\" sizes=\"auto, (max-width: 768px) 100vw, 768px\" \/><figcaption class=\"wp-element-caption\">Le march\u00e9 de Lannion, l&rsquo;un des plus beaux march\u00e9s de la r\u00e9gion<\/figcaption><\/figure>\n<\/div>\n\n\n<p>Cr\u00eapes, poissons, fromages, cidre, fruits et l\u00e9gumes \u2026 <strong>Les march\u00e9s sont une vraie tradition en Bretagne.<\/strong><\/p>\n\n\n\n<p>\ud83d\udc49 <a href=\"https:\/\/terreatribord.bzh\/blog\/2021\/11\/15\/jours-de-marches\/\">Voici notre s\u00e9lection de march\u00e9s dans la r\u00e9gion<\/a><\/p>\n\n\n\n<h2 class=\"wp-block-heading has-text-align-center\">\ud83c\udf89 Vivre les f\u00eates bretonnes<\/h2>\n\n\n<div class=\"wp-block-image\">\n<figure class=\"aligncenter size-large\"><img loading=\"lazy\" decoding=\"async\" width=\"768\" height=\"1024\" src=\"https:\/\/terreatribord.bzh\/blog\/wp-content\/uploads\/2025\/06\/IMG_20220717_112356-768x1024.jpg\" alt=\"festival des hortensias perros guirec\" class=\"wp-image-901\" srcset=\"https:\/\/terreatribord.bzh\/blog\/wp-content\/uploads\/2025\/06\/IMG_20220717_112356-768x1024.jpg 768w, https:\/\/terreatribord.bzh\/blog\/wp-content\/uploads\/2025\/06\/IMG_20220717_112356-225x300.jpg 225w, https:\/\/terreatribord.bzh\/blog\/wp-content\/uploads\/2025\/06\/IMG_20220717_112356-1152x1536.jpg 1152w, https:\/\/terreatribord.bzh\/blog\/wp-content\/uploads\/2025\/06\/IMG_20220717_112356-1536x2048.jpg 1536w, https:\/\/terreatribord.bzh\/blog\/wp-content\/uploads\/2025\/06\/IMG_20220717_112356-676x901.jpg 676w, https:\/\/terreatribord.bzh\/blog\/wp-content\/uploads\/2025\/06\/IMG_20220717_112356-scaled.jpg 1920w\" sizes=\"auto, (max-width: 768px) 100vw, 768px\" \/><figcaption class=\"wp-element-caption\">Le festival des hortensias \u00e0 Perros-Guirec <\/figcaption><\/figure>\n<\/div>\n\n\n<p>L\u2019\u00e9t\u00e9 dans le Tr\u00e9gor, c\u2019est aussi une ambiance festive et conviviale. La r\u00e9gion vibre au rythme des traditions, de la musique et des moments conviviaux en plein air. Chaque semaine, une nouvelle ambiance \u00e0 d\u00e9couvrir :<\/p>\n\n\n\n<ul class=\"wp-block-list\">\n<li><strong>Les Fest-noz<\/strong> dans les villages : soir\u00e9es de danses bretonnes accessibles \u00e0 tous, souvent accompagn\u00e9es de cr\u00eapes et de musique traditionnelle.<\/li>\n\n\n\n<li><strong>Les f\u00eates de la mer<\/strong> \u00e0 Ploumanac\u2019h : animations maritimes, stands bretons et feu d\u2019artifice sur le port.<\/li>\n\n\n\n<li><strong>Le festival des Hortensias<\/strong> \u00e0 Perros-Guirec : d\u00e9fil\u00e9 en costume, bagads et ambiance festive en bord de mer.<\/li>\n\n\n\n<li><strong>24h de voile<\/strong> \u00e0 Tr\u00e9gastel : course de bateaux, concerts et soir\u00e9e moules-frites en famille.<\/li>\n\n\n\n<li><strong>La f\u00eate des lavoirs<\/strong> \u00e0 Pontrieux : balades en barques pour d\u00e9couvrir les lavoirs fleuris, animations et feu d\u2019artifice.<\/li>\n\n\n\n<li><strong>Les chants marins<\/strong> \u00e0 Paimpol : un rendez-vous incontournable entre musiques actuelles et traditions.<\/li>\n\n\n\n<li><strong>Animations \u00e0 l\u2019Abbaye de Beauport<\/strong> ou au <strong>ch\u00e2teau de La Roche-Jagu<\/strong> : spectacles, march\u00e9s ou concerts dans des cadres exceptionnels.<\/li>\n<\/ul>\n\n\n\n<p>\ud83d\udccc <a href=\"https:\/\/terreatribord.bzh\/blog\/calendrier\/\">Pour organiser votre s\u00e9jour en fonction des \u00e9v\u00e9nements, j\u2019ai regroup\u00e9 toutes les infos pratiques dans l\u2019agenda local.<\/a><\/p>\n\n\n\n<h2 class=\"wp-block-heading has-text-align-center\">\ud83c\udf05 Admirer les couchers de soleil bretons<\/h2>\n\n\n<div class=\"wp-block-image\">\n<figure class=\"aligncenter size-large\"><img loading=\"lazy\" decoding=\"async\" width=\"1024\" height=\"577\" src=\"https:\/\/terreatribord.bzh\/blog\/wp-content\/uploads\/2024\/06\/coucher-soleil-trelevern-1024x577.jpg\" alt=\"coucher de soleil \u00e0 Tr\u00e9l\u00e9vern\" class=\"wp-image-695\" srcset=\"https:\/\/terreatribord.bzh\/blog\/wp-content\/uploads\/2024\/06\/coucher-soleil-trelevern-1024x577.jpg 1024w, https:\/\/terreatribord.bzh\/blog\/wp-content\/uploads\/2024\/06\/coucher-soleil-trelevern-300x169.jpg 300w, https:\/\/terreatribord.bzh\/blog\/wp-content\/uploads\/2024\/06\/coucher-soleil-trelevern-768x433.jpg 768w, https:\/\/terreatribord.bzh\/blog\/wp-content\/uploads\/2024\/06\/coucher-soleil-trelevern-1536x866.jpg 1536w, https:\/\/terreatribord.bzh\/blog\/wp-content\/uploads\/2024\/06\/coucher-soleil-trelevern-2048x1155.jpg 2048w, https:\/\/terreatribord.bzh\/blog\/wp-content\/uploads\/2024\/06\/coucher-soleil-trelevern-676x381.jpg 676w\" sizes=\"auto, (max-width: 1024px) 100vw, 1024px\" \/><figcaption class=\"wp-element-caption\">Coucher de soleil depuis Pors Garo \u00e0 Tr\u00e9l\u00e9vern <\/figcaption><\/figure>\n<\/div>\n\n\n<p>L\u2019un des plaisirs simples de vos vacances, c\u2019est peut-\u00eatre \u00e7a : sortir \u00e0 pied en fin de journ\u00e9e, traverser le village tranquillement\u2026 et grimper sur la petite butte de Tr\u00e9l\u00e9vern pour s\u2019installer face au large, le temps que le ciel se teinte d\u2019orange, de rose, puis d\u2019indigo.<\/p>\n\n\n\n<p>Quelques autres spots \u00e0 ne pas manquer :<\/p>\n\n\n\n<ul class=\"wp-block-list\">\n<li><strong>Le phare de Ploumanac\u2019h<\/strong> et ses rochers roses <\/li>\n\n\n\n<li>Le rocher du voleur \u00e0 <strong>Port-Blanc<\/strong><\/li>\n\n\n\n<li>La plage de <strong>Trestel<\/strong><\/li>\n\n\n\n<li>La Couronne du Roi Gradlon \u00e0 <strong>Tr\u00e9gastel<\/strong><\/li>\n<\/ul>\n\n\n\n<h2 class=\"wp-block-heading has-text-align-center\">\ud83d\udc68\u200d\ud83d\udc69\u200d\ud83d\udc67 S\u2019amuser en famille<\/h2>\n\n\n<div class=\"wp-block-image\">\n<figure class=\"aligncenter size-large\"><img loading=\"lazy\" decoding=\"async\" width=\"1024\" height=\"768\" src=\"https:\/\/terreatribord.bzh\/blog\/wp-content\/uploads\/2025\/03\/IMG_20220414_172341-1024x768.jpg\" alt=\"armoripark c\u00f4tes d'amor\" class=\"wp-image-795\" srcset=\"https:\/\/terreatribord.bzh\/blog\/wp-content\/uploads\/2025\/03\/IMG_20220414_172341-1024x768.jpg 1024w, https:\/\/terreatribord.bzh\/blog\/wp-content\/uploads\/2025\/03\/IMG_20220414_172341-300x225.jpg 300w, https:\/\/terreatribord.bzh\/blog\/wp-content\/uploads\/2025\/03\/IMG_20220414_172341-768x576.jpg 768w, https:\/\/terreatribord.bzh\/blog\/wp-content\/uploads\/2025\/03\/IMG_20220414_172341-1536x1152.jpg 1536w, https:\/\/terreatribord.bzh\/blog\/wp-content\/uploads\/2025\/03\/IMG_20220414_172341-2048x1536.jpg 2048w, https:\/\/terreatribord.bzh\/blog\/wp-content\/uploads\/2025\/03\/IMG_20220414_172341-676x507.jpg 676w\" sizes=\"auto, (max-width: 1024px) 100vw, 1024px\" \/><figcaption class=\"wp-element-caption\">Le parc d&rsquo;attractions familiale Armoripark <\/figcaption><\/figure>\n<\/div>\n\n\n<p>Voici quelques activit\u00e9s ludiques \u00e0 proximit\u00e9 que je vous recommande \u00e0 faire en famille :<\/p>\n\n\n\n<ul class=\"wp-block-list\">\n<li>Le <strong>port miniature<\/strong> de Perros-Guirec<\/li>\n\n\n\n<li>L\u2019<strong>Aquarium marin<\/strong> de Tr\u00e9gastel<\/li>\n\n\n\n<li>L\u2019<strong>accrobranche Vivons Perch\u00e9s <\/strong>\u00e0 Pleumeur-Bodou<\/li>\n\n\n\n<li>Le <strong>Plan\u00e9tarium<\/strong> et la <strong>Cit\u00e9 des T\u00e9l\u00e9coms<\/strong> \u00e0 Pleumeur-Bodou<\/li>\n\n\n\n<li>L\u2019<strong>\u00c9cocentre du Tr\u00e9gor <\/strong>\u00e0 Pleumeur-Bodou<\/li>\n\n\n\n<li>Le <strong>Centre de d\u00e9couverte du son<\/strong> \u00e0 Cavan<\/li>\n\n\n\n<li><strong>Armoripark<\/strong> \u00e0 B\u00e9gard<\/li>\n\n\n\n<li><strong>La Combe aux \u00c2nes<\/strong> \u00e0 Lanvellec<\/li>\n\n\n\n<li><strong>Milmarin <\/strong>\u00e0 Ploubazlanec<\/li>\n<\/ul>\n\n\n\n<p>\ud83d\uded1 <em>Le Village Gaulois est temporairement ferm\u00e9 suite \u00e0 un incendie.<\/em><\/p>\n\n\n\n<h2 class=\"wp-block-heading has-text-align-center\">\ud83c\udf33 Se mettre au vert<\/h2>\n\n\n<div class=\"wp-block-image\">\n<figure class=\"aligncenter size-large\"><img loading=\"lazy\" decoding=\"async\" width=\"768\" height=\"1024\" src=\"https:\/\/terreatribord.bzh\/blog\/wp-content\/uploads\/2025\/06\/IMG_20220714_160336-768x1024.jpg\" alt=\"la vall\u00e9e du l\u00e9guer, c\u00f4tes d'armor\" class=\"wp-image-903\" srcset=\"https:\/\/terreatribord.bzh\/blog\/wp-content\/uploads\/2025\/06\/IMG_20220714_160336-768x1024.jpg 768w, https:\/\/terreatribord.bzh\/blog\/wp-content\/uploads\/2025\/06\/IMG_20220714_160336-225x300.jpg 225w, https:\/\/terreatribord.bzh\/blog\/wp-content\/uploads\/2025\/06\/IMG_20220714_160336-1152x1536.jpg 1152w, https:\/\/terreatribord.bzh\/blog\/wp-content\/uploads\/2025\/06\/IMG_20220714_160336-1536x2048.jpg 1536w, https:\/\/terreatribord.bzh\/blog\/wp-content\/uploads\/2025\/06\/IMG_20220714_160336-676x901.jpg 676w, https:\/\/terreatribord.bzh\/blog\/wp-content\/uploads\/2025\/06\/IMG_20220714_160336-scaled.jpg 1920w\" sizes=\"auto, (max-width: 768px) 100vw, 768px\" \/><figcaption class=\"wp-element-caption\">La vall\u00e9e du L\u00e9guer \u00e0 Tonqu\u00e9dec<\/figcaption><\/figure>\n<\/div>\n\n\n<p>\u00c0 deux pas des g\u00eetes Terre \u00e0 Tribord, on trouve aussi de beaux coins de nature :<\/p>\n\n\n\n<ul class=\"wp-block-list\">\n<li>Le <strong>marais de Trestel<\/strong><\/li>\n\n\n\n<li>Le <strong>marais de Quelen <\/strong>\u00e0 Tr\u00e9beurden<\/li>\n\n\n\n<li>Le domaine de la <strong>Roche-Jagu<\/strong> et ses 64 hectares de jardins et for\u00eats<\/li>\n\n\n\n<li>La <strong>vall\u00e9e des Traou\u00efero<\/strong> entre Perros-Guirec et Tr\u00e9gastel<\/li>\n\n\n\n<li>La <strong>vall\u00e9e du L\u00e9guer<\/strong>, class\u00e9e rivi\u00e8re sauvage<\/li>\n<\/ul>\n\n\n\n<h2 class=\"wp-block-heading has-text-align-center\">\ud83d\udecf O\u00f9 poser ses valises ?<\/h2>\n\n\n\n<p>\u00c0 Terre \u00e0 Tribord, vous \u00eates \u00e0 <strong>Tr\u00e9l\u00e9vern, entre Perros-Guirec et Tr\u00e9guier<\/strong>.<br>Deux maisons ind\u00e9pendantes vous accueillent sur une m\u00eame propri\u00e9t\u00e9 :<br>\ud83d\udc49 <a href=\"https:\/\/terreatribord.bzh\/tyGwenn\/\">Ty Gwenn<\/a>, avec vue sur la mer et les couchers de soleil<br>\ud83d\udc49 <a href=\"https:\/\/terreatribord.bzh\/tyGlaz\/\">Ty Glaz<\/a>, en bois, chaleureuse et apaisante<br>Toutes deux sont situ\u00e9es <strong>au calme, avec chacune son jardin<\/strong>, \u00e0 quelques minutes \u00e0 pied de la mer, du port, des commerces et des sentiers.<\/p>\n\n\n\n<p>D\u00e9couvrez aussi la Bretagne :<\/p>\n\n\n\n<ul class=\"wp-block-list\">\n<li><a href=\"https:\/\/terreatribord.bzh\/blog\/2025\/03\/15\/un-printemps-en-bretagne-une-parenthese-iodee-aux-beaux-jours\/\">Au printemps<\/a>,<\/li>\n\n\n\n<li><a href=\"https:\/\/terreatribord.bzh\/blog\/2023\/07\/15\/la-douceur-de-l-automne-en-bretagne\/\">A l&rsquo;automne<\/a>,<\/li>\n\n\n\n<li><a href=\"https:\/\/terreatribord.bzh\/blog\/2024\/11\/15\/un-hiver-en-bretagne-authenticite-et-serenite\/\">En hiver<\/a>.<\/li>\n<\/ul>\n","protected":false},"excerpt":{"rendered":"<p>Que faire dans les C\u00f4tes-d\u2019Armor entre baignades, balades et f\u00eates locales ? Partir en vacances en \u00e9t\u00e9 en Bretagne, c\u2019est choisir la fra\u00eecheur de l\u2019air marin, la beaut\u00e9 de paysages pr\u00e9serv\u00e9s et un rythme de vie plus simple, plus doux. Il y a la mer, les balades au grand air, les march\u00e9s anim\u00e9s, les paysages [&hellip;]<\/p>\n","protected":false},"author":1,"featured_media":902,"comment_status":"closed","ping_status":"closed","sticky":false,"template":"","format":"standard","meta":{"footnotes":""},"categories":[8],"tags":[14,15,13,11,17,18],"class_list":["post-904","post","type-post","status-publish","format-standard","has-post-thumbnail","hentry","category-decouverte-de-la-bretagne","tag-balade","tag-famille","tag-mer","tag-nature","tag-produits-du-terroir","tag-traditions-bretonnes","post-preview"],"yoast_head":"<!-- This site is optimized with the Yoast SEO plugin v27.5 - https:\/\/yoast.com\/product\/yoast-seo-wordpress\/ -->\n<title>Un \u00e9t\u00e9 en Bretagne : que faire, que voir, o\u00f9 s\u00e9journer ?<\/title>\n<meta name=\"description\" content=\"Les vacances d\u2019\u00e9t\u00e9 en Bretagne ? D\u00e9couvrez les activit\u00e9s incontournables sur la C\u00f4te de Granit Rose : plages, \u00eeles, balades, f\u00eates bretonnes\u2026\" \/>\n<meta name=\"robots\" content=\"index, follow, max-snippet:-1, max-image-preview:large, max-video-preview:-1\" \/>\n<link rel=\"canonical\" href=\"https:\/\/terreatribord.bzh\/blog\/2025\/06\/15\/un-ete-en-bretagne-nature-mer-et-grands-espaces\/\" \/>\n<meta property=\"og:locale\" content=\"fr_FR\" \/>\n<meta property=\"og:type\" content=\"article\" \/>\n<meta property=\"og:title\" content=\"Un \u00e9t\u00e9 en bretagne : que faire, que voir, o\u00f9 s\u00e9journer sur la C\u00f4te de Granit Rose ?\" \/>\n<meta property=\"og:description\" content=\"Les vacances d\u2019\u00e9t\u00e9 en Bretagne ? D\u00e9couvrez les activit\u00e9s incontournables sur la C\u00f4te de Granit Rose : plages, \u00eeles, balades, f\u00eates bretonnes\u2026\" \/>\n<meta property=\"og:url\" content=\"https:\/\/terreatribord.bzh\/blog\/2025\/06\/15\/un-ete-en-bretagne-nature-mer-et-grands-espaces\/\" \/>\n<meta property=\"og:site_name\" content=\"Terre \u00e0 Tribord !\" \/>\n<meta property=\"article:published_time\" content=\"2025-06-15T14:34:53+00:00\" \/>\n<meta property=\"article:modified_time\" content=\"2025-10-14T20:08:14+00:00\" \/>\n<meta property=\"og:image\" content=\"https:\/\/terreatribord.bzh\/blog\/wp-content\/uploads\/2025\/06\/DXUB6757.jpg\" \/>\n\t<meta property=\"og:image:width\" content=\"1695\" \/>\n\t<meta property=\"og:image:height\" content=\"2261\" \/>\n\t<meta property=\"og:image:type\" content=\"image\/jpeg\" \/>\n<meta name=\"author\" content=\"Charlotte\" \/>\n<meta name=\"twitter:card\" content=\"summary_large_image\" \/>\n<meta name=\"twitter:label1\" content=\"\u00c9crit par\" \/>\n\t<meta name=\"twitter:data1\" content=\"Charlotte\" \/>\n\t<meta name=\"twitter:label2\" content=\"Dur\u00e9e de lecture estim\u00e9e\" \/>\n\t<meta name=\"twitter:data2\" content=\"8 minutes\" \/>\n<script type=\"application\/ld+json\" class=\"yoast-schema-graph\">{\"@context\":\"https:\\\/\\\/schema.org\",\"@graph\":[{\"@type\":\"Article\",\"@id\":\"https:\\\/\\\/terreatribord.bzh\\\/blog\\\/2025\\\/06\\\/15\\\/un-ete-en-bretagne-nature-mer-et-grands-espaces\\\/#article\",\"isPartOf\":{\"@id\":\"https:\\\/\\\/terreatribord.bzh\\\/blog\\\/2025\\\/06\\\/15\\\/un-ete-en-bretagne-nature-mer-et-grands-espaces\\\/\"},\"author\":{\"name\":\"Charlotte\",\"@id\":\"https:\\\/\\\/terreatribord.bzh\\\/blog\\\/#\\\/schema\\\/person\\\/799840395f3f8c1f423b7eac8cacc075\"},\"headline\":\"Un \u00e9t\u00e9 en Bretagne : nature, mer et grands espaces\",\"datePublished\":\"2025-06-15T14:34:53+00:00\",\"dateModified\":\"2025-10-14T20:08:14+00:00\",\"mainEntityOfPage\":{\"@id\":\"https:\\\/\\\/terreatribord.bzh\\\/blog\\\/2025\\\/06\\\/15\\\/un-ete-en-bretagne-nature-mer-et-grands-espaces\\\/\"},\"wordCount\":1149,\"publisher\":{\"@id\":\"https:\\\/\\\/terreatribord.bzh\\\/blog\\\/#\\\/schema\\\/person\\\/799840395f3f8c1f423b7eac8cacc075\"},\"image\":{\"@id\":\"https:\\\/\\\/terreatribord.bzh\\\/blog\\\/2025\\\/06\\\/15\\\/un-ete-en-bretagne-nature-mer-et-grands-espaces\\\/#primaryimage\"},\"thumbnailUrl\":\"https:\\\/\\\/terreatribord.bzh\\\/blog\\\/wp-content\\\/uploads\\\/2025\\\/06\\\/DXUB6757.jpg\",\"keywords\":[\"Balade\",\"famille\",\"Mer\",\"Nature\",\"Produits du terroir\",\"Traditions bretonnes\"],\"articleSection\":[\"D\u00e9couverte de la Bretagne\"],\"inLanguage\":\"fr-FR\"},{\"@type\":\"WebPage\",\"@id\":\"https:\\\/\\\/terreatribord.bzh\\\/blog\\\/2025\\\/06\\\/15\\\/un-ete-en-bretagne-nature-mer-et-grands-espaces\\\/\",\"url\":\"https:\\\/\\\/terreatribord.bzh\\\/blog\\\/2025\\\/06\\\/15\\\/un-ete-en-bretagne-nature-mer-et-grands-espaces\\\/\",\"name\":\"Un \u00e9t\u00e9 en Bretagne : que faire, que voir, o\u00f9 s\u00e9journer ?\",\"isPartOf\":{\"@id\":\"https:\\\/\\\/terreatribord.bzh\\\/blog\\\/#website\"},\"primaryImageOfPage\":{\"@id\":\"https:\\\/\\\/terreatribord.bzh\\\/blog\\\/2025\\\/06\\\/15\\\/un-ete-en-bretagne-nature-mer-et-grands-espaces\\\/#primaryimage\"},\"image\":{\"@id\":\"https:\\\/\\\/terreatribord.bzh\\\/blog\\\/2025\\\/06\\\/15\\\/un-ete-en-bretagne-nature-mer-et-grands-espaces\\\/#primaryimage\"},\"thumbnailUrl\":\"https:\\\/\\\/terreatribord.bzh\\\/blog\\\/wp-content\\\/uploads\\\/2025\\\/06\\\/DXUB6757.jpg\",\"datePublished\":\"2025-06-15T14:34:53+00:00\",\"dateModified\":\"2025-10-14T20:08:14+00:00\",\"description\":\"Les vacances d\u2019\u00e9t\u00e9 en Bretagne ? D\u00e9couvrez les activit\u00e9s incontournables sur la C\u00f4te de Granit Rose : plages, \u00eeles, balades, f\u00eates bretonnes\u2026\",\"breadcrumb\":{\"@id\":\"https:\\\/\\\/terreatribord.bzh\\\/blog\\\/2025\\\/06\\\/15\\\/un-ete-en-bretagne-nature-mer-et-grands-espaces\\\/#breadcrumb\"},\"inLanguage\":\"fr-FR\",\"potentialAction\":[{\"@type\":\"ReadAction\",\"target\":[\"https:\\\/\\\/terreatribord.bzh\\\/blog\\\/2025\\\/06\\\/15\\\/un-ete-en-bretagne-nature-mer-et-grands-espaces\\\/\"]}]},{\"@type\":\"ImageObject\",\"inLanguage\":\"fr-FR\",\"@id\":\"https:\\\/\\\/terreatribord.bzh\\\/blog\\\/2025\\\/06\\\/15\\\/un-ete-en-bretagne-nature-mer-et-grands-espaces\\\/#primaryimage\",\"url\":\"https:\\\/\\\/terreatribord.bzh\\\/blog\\\/wp-content\\\/uploads\\\/2025\\\/06\\\/DXUB6757.jpg\",\"contentUrl\":\"https:\\\/\\\/terreatribord.bzh\\\/blog\\\/wp-content\\\/uploads\\\/2025\\\/06\\\/DXUB6757.jpg\",\"width\":1695,\"height\":2261,\"caption\":\"port l'\u00e9pine l'\u00e9t\u00e9 tr\u00e9l\u00e9vern c\u00f4tes d'armor bretagne\"},{\"@type\":\"BreadcrumbList\",\"@id\":\"https:\\\/\\\/terreatribord.bzh\\\/blog\\\/2025\\\/06\\\/15\\\/un-ete-en-bretagne-nature-mer-et-grands-espaces\\\/#breadcrumb\",\"itemListElement\":[{\"@type\":\"ListItem\",\"position\":1,\"name\":\"Accueil\",\"item\":\"https:\\\/\\\/terreatribord.bzh\\\/blog\\\/\"},{\"@type\":\"ListItem\",\"position\":2,\"name\":\"Un \u00e9t\u00e9 en Bretagne : nature, mer et grands espaces\"}]},{\"@type\":\"WebSite\",\"@id\":\"https:\\\/\\\/terreatribord.bzh\\\/blog\\\/#website\",\"url\":\"https:\\\/\\\/terreatribord.bzh\\\/blog\\\/\",\"name\":\"Terre \u00e0 Tribord !\",\"description\":\"Le blog qui met le cap sur la Bretagne.\",\"publisher\":{\"@id\":\"https:\\\/\\\/terreatribord.bzh\\\/blog\\\/#\\\/schema\\\/person\\\/799840395f3f8c1f423b7eac8cacc075\"},\"potentialAction\":[{\"@type\":\"SearchAction\",\"target\":{\"@type\":\"EntryPoint\",\"urlTemplate\":\"https:\\\/\\\/terreatribord.bzh\\\/blog\\\/?s={search_term_string}\"},\"query-input\":{\"@type\":\"PropertyValueSpecification\",\"valueRequired\":true,\"valueName\":\"search_term_string\"}}],\"inLanguage\":\"fr-FR\"},{\"@type\":[\"Person\",\"Organization\"],\"@id\":\"https:\\\/\\\/terreatribord.bzh\\\/blog\\\/#\\\/schema\\\/person\\\/799840395f3f8c1f423b7eac8cacc075\",\"name\":\"Charlotte\",\"image\":{\"@type\":\"ImageObject\",\"inLanguage\":\"fr-FR\",\"@id\":\"https:\\\/\\\/blog.terreatribord.bzh\\\/wp-content\\\/uploads\\\/2021\\\/08\\\/36825346_2456960194321511_447552153637093376_n.jpg\",\"url\":\"https:\\\/\\\/blog.terreatribord.bzh\\\/wp-content\\\/uploads\\\/2021\\\/08\\\/36825346_2456960194321511_447552153637093376_n.jpg\",\"contentUrl\":\"https:\\\/\\\/blog.terreatribord.bzh\\\/wp-content\\\/uploads\\\/2021\\\/08\\\/36825346_2456960194321511_447552153637093376_n.jpg\",\"width\":1462,\"height\":1462,\"caption\":\"Charlotte\"},\"logo\":{\"@id\":\"https:\\\/\\\/blog.terreatribord.bzh\\\/wp-content\\\/uploads\\\/2021\\\/08\\\/36825346_2456960194321511_447552153637093376_n.jpg\"},\"sameAs\":[\"https:\\\/\\\/blog.terreatribord.bzh\"]}]}<\/script>\n<!-- \/ Yoast SEO plugin. -->","yoast_head_json":{"title":"Un \u00e9t\u00e9 en Bretagne : que faire, que voir, o\u00f9 s\u00e9journer ?","description":"Les vacances d\u2019\u00e9t\u00e9 en Bretagne ? D\u00e9couvrez les activit\u00e9s incontournables sur la C\u00f4te de Granit Rose : plages, \u00eeles, balades, f\u00eates bretonnes\u2026","robots":{"index":"index","follow":"follow","max-snippet":"max-snippet:-1","max-image-preview":"max-image-preview:large","max-video-preview":"max-video-preview:-1"},"canonical":"https:\/\/terreatribord.bzh\/blog\/2025\/06\/15\/un-ete-en-bretagne-nature-mer-et-grands-espaces\/","og_locale":"fr_FR","og_type":"article","og_title":"Un \u00e9t\u00e9 en bretagne : que faire, que voir, o\u00f9 s\u00e9journer sur la C\u00f4te de Granit Rose ?","og_description":"Les vacances d\u2019\u00e9t\u00e9 en Bretagne ? D\u00e9couvrez les activit\u00e9s incontournables sur la C\u00f4te de Granit Rose : plages, \u00eeles, balades, f\u00eates bretonnes\u2026","og_url":"https:\/\/terreatribord.bzh\/blog\/2025\/06\/15\/un-ete-en-bretagne-nature-mer-et-grands-espaces\/","og_site_name":"Terre \u00e0 Tribord !","article_published_time":"2025-06-15T14:34:53+00:00","article_modified_time":"2025-10-14T20:08:14+00:00","og_image":[{"width":1695,"height":2261,"url":"https:\/\/terreatribord.bzh\/blog\/wp-content\/uploads\/2025\/06\/DXUB6757.jpg","type":"image\/jpeg"}],"author":"Charlotte","twitter_card":"summary_large_image","twitter_misc":{"\u00c9crit par":"Charlotte","Dur\u00e9e de lecture estim\u00e9e":"8 minutes"},"schema":{"@context":"https:\/\/schema.org","@graph":[{"@type":"Article","@id":"https:\/\/terreatribord.bzh\/blog\/2025\/06\/15\/un-ete-en-bretagne-nature-mer-et-grands-espaces\/#article","isPartOf":{"@id":"https:\/\/terreatribord.bzh\/blog\/2025\/06\/15\/un-ete-en-bretagne-nature-mer-et-grands-espaces\/"},"author":{"name":"Charlotte","@id":"https:\/\/terreatribord.bzh\/blog\/#\/schema\/person\/799840395f3f8c1f423b7eac8cacc075"},"headline":"Un \u00e9t\u00e9 en Bretagne : nature, mer et grands espaces","datePublished":"2025-06-15T14:34:53+00:00","dateModified":"2025-10-14T20:08:14+00:00","mainEntityOfPage":{"@id":"https:\/\/terreatribord.bzh\/blog\/2025\/06\/15\/un-ete-en-bretagne-nature-mer-et-grands-espaces\/"},"wordCount":1149,"publisher":{"@id":"https:\/\/terreatribord.bzh\/blog\/#\/schema\/person\/799840395f3f8c1f423b7eac8cacc075"},"image":{"@id":"https:\/\/terreatribord.bzh\/blog\/2025\/06\/15\/un-ete-en-bretagne-nature-mer-et-grands-espaces\/#primaryimage"},"thumbnailUrl":"https:\/\/terreatribord.bzh\/blog\/wp-content\/uploads\/2025\/06\/DXUB6757.jpg","keywords":["Balade","famille","Mer","Nature","Produits du terroir","Traditions bretonnes"],"articleSection":["D\u00e9couverte de la Bretagne"],"inLanguage":"fr-FR"},{"@type":"WebPage","@id":"https:\/\/terreatribord.bzh\/blog\/2025\/06\/15\/un-ete-en-bretagne-nature-mer-et-grands-espaces\/","url":"https:\/\/terreatribord.bzh\/blog\/2025\/06\/15\/un-ete-en-bretagne-nature-mer-et-grands-espaces\/","name":"Un \u00e9t\u00e9 en Bretagne : que faire, que voir, o\u00f9 s\u00e9journer ?","isPartOf":{"@id":"https:\/\/terreatribord.bzh\/blog\/#website"},"primaryImageOfPage":{"@id":"https:\/\/terreatribord.bzh\/blog\/2025\/06\/15\/un-ete-en-bretagne-nature-mer-et-grands-espaces\/#primaryimage"},"image":{"@id":"https:\/\/terreatribord.bzh\/blog\/2025\/06\/15\/un-ete-en-bretagne-nature-mer-et-grands-espaces\/#primaryimage"},"thumbnailUrl":"https:\/\/terreatribord.bzh\/blog\/wp-content\/uploads\/2025\/06\/DXUB6757.jpg","datePublished":"2025-06-15T14:34:53+00:00","dateModified":"2025-10-14T20:08:14+00:00","description":"Les vacances d\u2019\u00e9t\u00e9 en Bretagne ? D\u00e9couvrez les activit\u00e9s incontournables sur la C\u00f4te de Granit Rose : plages, \u00eeles, balades, f\u00eates bretonnes\u2026","breadcrumb":{"@id":"https:\/\/terreatribord.bzh\/blog\/2025\/06\/15\/un-ete-en-bretagne-nature-mer-et-grands-espaces\/#breadcrumb"},"inLanguage":"fr-FR","potentialAction":[{"@type":"ReadAction","target":["https:\/\/terreatribord.bzh\/blog\/2025\/06\/15\/un-ete-en-bretagne-nature-mer-et-grands-espaces\/"]}]},{"@type":"ImageObject","inLanguage":"fr-FR","@id":"https:\/\/terreatribord.bzh\/blog\/2025\/06\/15\/un-ete-en-bretagne-nature-mer-et-grands-espaces\/#primaryimage","url":"https:\/\/terreatribord.bzh\/blog\/wp-content\/uploads\/2025\/06\/DXUB6757.jpg","contentUrl":"https:\/\/terreatribord.bzh\/blog\/wp-content\/uploads\/2025\/06\/DXUB6757.jpg","width":1695,"height":2261,"caption":"port l'\u00e9pine l'\u00e9t\u00e9 tr\u00e9l\u00e9vern c\u00f4tes d'armor bretagne"},{"@type":"BreadcrumbList","@id":"https:\/\/terreatribord.bzh\/blog\/2025\/06\/15\/un-ete-en-bretagne-nature-mer-et-grands-espaces\/#breadcrumb","itemListElement":[{"@type":"ListItem","position":1,"name":"Accueil","item":"https:\/\/terreatribord.bzh\/blog\/"},{"@type":"ListItem","position":2,"name":"Un \u00e9t\u00e9 en Bretagne : nature, mer et grands espaces"}]},{"@type":"WebSite","@id":"https:\/\/terreatribord.bzh\/blog\/#website","url":"https:\/\/terreatribord.bzh\/blog\/","name":"Terre \u00e0 Tribord !","description":"Le blog qui met le cap sur la Bretagne.","publisher":{"@id":"https:\/\/terreatribord.bzh\/blog\/#\/schema\/person\/799840395f3f8c1f423b7eac8cacc075"},"potentialAction":[{"@type":"SearchAction","target":{"@type":"EntryPoint","urlTemplate":"https:\/\/terreatribord.bzh\/blog\/?s={search_term_string}"},"query-input":{"@type":"PropertyValueSpecification","valueRequired":true,"valueName":"search_term_string"}}],"inLanguage":"fr-FR"},{"@type":["Person","Organization"],"@id":"https:\/\/terreatribord.bzh\/blog\/#\/schema\/person\/799840395f3f8c1f423b7eac8cacc075","name":"Charlotte","image":{"@type":"ImageObject","inLanguage":"fr-FR","@id":"https:\/\/blog.terreatribord.bzh\/wp-content\/uploads\/2021\/08\/36825346_2456960194321511_447552153637093376_n.jpg","url":"https:\/\/blog.terreatribord.bzh\/wp-content\/uploads\/2021\/08\/36825346_2456960194321511_447552153637093376_n.jpg","contentUrl":"https:\/\/blog.terreatribord.bzh\/wp-content\/uploads\/2021\/08\/36825346_2456960194321511_447552153637093376_n.jpg","width":1462,"height":1462,"caption":"Charlotte"},"logo":{"@id":"https:\/\/blog.terreatribord.bzh\/wp-content\/uploads\/2021\/08\/36825346_2456960194321511_447552153637093376_n.jpg"},"sameAs":["https:\/\/blog.terreatribord.bzh"]}]}},"_links":{"self":[{"href":"https:\/\/terreatribord.bzh\/blog\/wp-json\/wp\/v2\/posts\/904","targetHints":{"allow":["GET"]}}],"collection":[{"href":"https:\/\/terreatribord.bzh\/blog\/wp-json\/wp\/v2\/posts"}],"about":[{"href":"https:\/\/terreatribord.bzh\/blog\/wp-json\/wp\/v2\/types\/post"}],"author":[{"embeddable":true,"href":"https:\/\/terreatribord.bzh\/blog\/wp-json\/wp\/v2\/users\/1"}],"replies":[{"embeddable":true,"href":"https:\/\/terreatribord.bzh\/blog\/wp-json\/wp\/v2\/comments?post=904"}],"version-history":[{"count":5,"href":"https:\/\/terreatribord.bzh\/blog\/wp-json\/wp\/v2\/posts\/904\/revisions"}],"predecessor-version":[{"id":918,"href":"https:\/\/terreatribord.bzh\/blog\/wp-json\/wp\/v2\/posts\/904\/revisions\/918"}],"wp:featuredmedia":[{"embeddable":true,"href":"https:\/\/terreatribord.bzh\/blog\/wp-json\/wp\/v2\/media\/902"}],"wp:attachment":[{"href":"https:\/\/terreatribord.bzh\/blog\/wp-json\/wp\/v2\/media?parent=904"}],"wp:term":[{"taxonomy":"category","embeddable":true,"href":"https:\/\/terreatribord.bzh\/blog\/wp-json\/wp\/v2\/categories?post=904"},{"taxonomy":"post_tag","embeddable":true,"href":"https:\/\/terreatribord.bzh\/blog\/wp-json\/wp\/v2\/tags?post=904"}],"curies":[{"name":"wp","href":"https:\/\/api.w.org\/{rel}","templated":true}]}}