{"id":915,"date":"2025-10-15T13:55:58","date_gmt":"2025-10-15T11:55:58","guid":{"rendered":"https:\/\/terreatribord.bzh\/blog\/?p=915"},"modified":"2025-10-15T13:55:59","modified_gmt":"2025-10-15T11:55:59","slug":"guide-vacances-bretagne","status":"publish","type":"post","link":"https:\/\/terreatribord.bzh\/blog\/2025\/10\/15\/guide-vacances-bretagne\/","title":{"rendered":"Le guide des vacances en Bretagne"},"content":{"rendered":"\n<p>Vous ne connaissez pas encore la Bretagne&nbsp;?<\/p>\n\n\n\n<p>Vous vous demandez si c\u2019est la bonne destination pour vos prochaines vacances ?<\/p>\n\n\n\n<p>Ici, je vous partage tout ce qu\u2019il faut savoir pour pr\u00e9parer votre s\u00e9jour et pour comprendre pourquoi tant de voyageurs tombent amoureux de notre r\u00e9gion\u2026 et reviennent, encore et encore \ud83d\udc99<\/p>\n\n\n\n<!--more-->\n\n\n\n<h2 class=\"wp-block-heading has-text-align-center\">\ud83c\udf0a La Bretagne et ses paysages<\/h2>\n\n\n<div class=\"wp-block-image\">\n<figure class=\"aligncenter size-large\"><img loading=\"lazy\" decoding=\"async\" width=\"1024\" height=\"768\" src=\"https:\/\/terreatribord.bzh\/blog\/wp-content\/uploads\/2022\/04\/plougrescant-1024x768.jpg\" alt=\"le gouffre de plougrescant cotes des ajoncs bretagne\" class=\"wp-image-393\" srcset=\"https:\/\/terreatribord.bzh\/blog\/wp-content\/uploads\/2022\/04\/plougrescant-1024x768.jpg 1024w, https:\/\/terreatribord.bzh\/blog\/wp-content\/uploads\/2022\/04\/plougrescant-300x225.jpg 300w, https:\/\/terreatribord.bzh\/blog\/wp-content\/uploads\/2022\/04\/plougrescant-768x576.jpg 768w, https:\/\/terreatribord.bzh\/blog\/wp-content\/uploads\/2022\/04\/plougrescant-1536x1152.jpg 1536w, https:\/\/terreatribord.bzh\/blog\/wp-content\/uploads\/2022\/04\/plougrescant-2048x1536.jpg 2048w, https:\/\/terreatribord.bzh\/blog\/wp-content\/uploads\/2022\/04\/plougrescant-676x507.jpg 676w\" sizes=\"auto, (max-width: 1024px) 100vw, 1024px\" \/><figcaption class=\"wp-element-caption\">Le gouffre de Plougrescant<\/figcaption><\/figure>\n<\/div>\n\n\n<p>La <a href=\"https:\/\/terreatribord.bzh\/blog\/2021\/09\/12\/la-bretagne\/\">Bretagne<\/a> est une <strong>terre de nature,<\/strong> o\u00f9 la mer n\u2019est jamais bien loin.<\/p>\n\n\n\n<p>Avec ses <strong>2 700 kilom\u00e8tres de c\u00f4tes<\/strong>, elle offre une incroyable diversit\u00e9 de paysages : <strong>falaises<\/strong>, <strong>plages de sable fin<\/strong>, <strong>criques cach\u00e9es<\/strong> ou<strong> ports de p\u00eache typiques<\/strong>.<\/p>\n\n\n\n<p>Le <a href=\"https:\/\/terreatribord.bzh\/blog\/2024\/02\/15\/le-gr34-le-sentier-des-douaniers-en-bretagne\/\">GR34<\/a>, le fameux sentier des douaniers vous permet de longer la c\u00f4te et de d\u00e9couvrir ses tr\u00e9sors, \u00e0 chaque virage, une vue diff\u00e9rente.<\/p>\n\n\n\n<p>La <a href=\"https:\/\/terreatribord.bzh\/blog\/2024\/05\/15\/la-velomaritime-la-veloroute-longeant-la-bretagne-nord\/\">V\u00e9lomaritime<\/a>, quant \u00e0 elle, vous permet de longer et de d\u00e9couvrir le littoral et la campagne au rythme du v\u00e9lo.<\/p>\n\n\n\n<p><em>\ud83d\udc49 <strong>Mes coups de c\u0153ur&nbsp;: <\/strong>l\u2019incontournable Ploumanac\u2019h et ses rochers roses, la presqu\u2019\u00eele Renote \u00e0 Tr\u00e9gastel ou encore le gouffre de Plougrescant<\/em>.<\/p>\n\n\n\n<p><strong>L\u2019int\u00e9rieur de la bretagne<\/strong> vaut aussi le d\u00e9tour avec son charme plus secret, propice au calme et \u00e0 la reconnexion.<\/p>\n\n\n\n<p>Ses for\u00eats, ses vall\u00e9es et ses rivi\u00e8res invitent \u00e0 ralentir, \u00e0 \u00e9couter, \u00e0 respirer.<\/p>\n\n\n\n<p>\ud83d\udc49 <em><strong>Mes coups de c\u0153ur&nbsp;:<\/strong> la vall\u00e9e des Traou\u00eferos entre Perros-Guirec et Tr\u00e9gastel, le ch\u00e2teau de La roche Jagu et son parc suspendu sur le Trieux ou encore le marais de Trestel \u00e0 2 pas des g\u00eetes.<\/em><\/p>\n\n\n\n<h2 class=\"wp-block-heading has-text-align-center\">\ud83c\udf3f Le calme de la Bretagne<\/h2>\n\n\n<div class=\"wp-block-image\">\n<figure class=\"aligncenter size-large\"><img loading=\"lazy\" decoding=\"async\" width=\"1024\" height=\"768\" src=\"https:\/\/terreatribord.bzh\/blog\/wp-content\/uploads\/2025\/05\/ploumanach-7-1024x768.jpg\" alt=\"ploumanac'h c\u00f4te de granit rose\" class=\"wp-image-864\" srcset=\"https:\/\/terreatribord.bzh\/blog\/wp-content\/uploads\/2025\/05\/ploumanach-7-1024x768.jpg 1024w, https:\/\/terreatribord.bzh\/blog\/wp-content\/uploads\/2025\/05\/ploumanach-7-300x225.jpg 300w, https:\/\/terreatribord.bzh\/blog\/wp-content\/uploads\/2025\/05\/ploumanach-7-768x576.jpg 768w, https:\/\/terreatribord.bzh\/blog\/wp-content\/uploads\/2025\/05\/ploumanach-7-1536x1152.jpg 1536w, https:\/\/terreatribord.bzh\/blog\/wp-content\/uploads\/2025\/05\/ploumanach-7-2048x1536.jpg 2048w, https:\/\/terreatribord.bzh\/blog\/wp-content\/uploads\/2025\/05\/ploumanach-7-676x507.jpg 676w\" sizes=\"auto, (max-width: 1024px) 100vw, 1024px\" \/><figcaption class=\"wp-element-caption\">Ploumanac&rsquo;h &#8211; C\u00f4te de Granit Rose<\/figcaption><\/figure>\n<\/div>\n\n\n<p>En toute saison, <strong>la Bretagne garde son caract\u00e8re sauvage<\/strong>. <\/p>\n\n\n\n<p>M\u00eame dans les endroits les plus connus, il suffit de rouler ou marcher quelques kilom\u00e8tres pour trouver un coin tranquille, une crique d\u00e9serte ou un petit village paisible.<\/p>\n\n\n\n<p>Ici, <strong>on vit au rythme des mar\u00e9es<\/strong>, du vent et des lumi\u00e8res changeantes.<br>C\u2019est une r\u00e9gion id\u00e9ale pour <strong>ralentir,<\/strong> <strong>respirer<\/strong> et<strong> recharger les batteries<\/strong>.<\/p>\n\n\n\n<h2 class=\"wp-block-heading has-text-align-center\">\ud83e\udd5e La gastronomie bretonne<\/h2>\n\n\n<div class=\"wp-block-image\">\n<figure class=\"aligncenter size-large\"><img loading=\"lazy\" decoding=\"async\" width=\"768\" height=\"1024\" src=\"https:\/\/terreatribord.bzh\/blog\/wp-content\/uploads\/2023\/05\/crepes-768x1024.jpg\" alt=\"crepes bretagne\" class=\"wp-image-556\" srcset=\"https:\/\/terreatribord.bzh\/blog\/wp-content\/uploads\/2023\/05\/crepes-768x1024.jpg 768w, https:\/\/terreatribord.bzh\/blog\/wp-content\/uploads\/2023\/05\/crepes-225x300.jpg 225w, https:\/\/terreatribord.bzh\/blog\/wp-content\/uploads\/2023\/05\/crepes-1152x1536.jpg 1152w, https:\/\/terreatribord.bzh\/blog\/wp-content\/uploads\/2023\/05\/crepes-1536x2048.jpg 1536w, https:\/\/terreatribord.bzh\/blog\/wp-content\/uploads\/2023\/05\/crepes-676x901.jpg 676w, https:\/\/terreatribord.bzh\/blog\/wp-content\/uploads\/2023\/05\/crepes-scaled.jpg 1920w\" sizes=\"auto, (max-width: 768px) 100vw, 768px\" \/><figcaption class=\"wp-element-caption\">Les cr\u00eapes bretonnes<\/figcaption><\/figure>\n<\/div>\n\n\n<p>Impossible de venir en Bretagne sans go\u00fbter \u00e0 nos sp\u00e9cialit\u00e9s : <strong>cr\u00eapes<\/strong>, <strong>galettes<\/strong>, <strong>kouign-amann<\/strong>, <strong>fruits de mer<\/strong>\u2026<\/p>\n\n\n\n<p>Les <a href=\"https:\/\/terreatribord.bzh\/blog\/2021\/11\/15\/jours-de-marches\/\">march\u00e9s<\/a> sont les meilleurs endroits pour d\u00e9couvrir les produits locaux et \u00e9changer avec les producteurs.<\/p>\n\n\n\n<p><a href=\"https:\/\/terreatribord.bzh\/blog\/2023\/05\/15\/les-specialites-bretonnes\/\"><em>\ud83d\udc49 Et si vous voulez aller plus loin, j\u2019ai consacr\u00e9 un article complet \u00e0 la gastronomie bretonne.<\/em><\/a><\/p>\n\n\n\n<h2 class=\"wp-block-heading has-text-align-center\">\u2693 Les activit\u00e9s au bord de la mer<\/h2>\n\n\n<div class=\"wp-block-image\">\n<figure class=\"aligncenter size-large\"><img loading=\"lazy\" decoding=\"async\" width=\"768\" height=\"1024\" src=\"https:\/\/terreatribord.bzh\/blog\/wp-content\/uploads\/2023\/01\/vedettes-brehat-768x1024.jpeg\" alt=\"vedettes brehat paimpol cotes d'armor bretagne\" class=\"wp-image-538\" srcset=\"https:\/\/terreatribord.bzh\/blog\/wp-content\/uploads\/2023\/01\/vedettes-brehat-768x1024.jpeg 768w, https:\/\/terreatribord.bzh\/blog\/wp-content\/uploads\/2023\/01\/vedettes-brehat-225x300.jpeg 225w, https:\/\/terreatribord.bzh\/blog\/wp-content\/uploads\/2023\/01\/vedettes-brehat-1152x1536.jpeg 1152w, https:\/\/terreatribord.bzh\/blog\/wp-content\/uploads\/2023\/01\/vedettes-brehat-1536x2048.jpeg 1536w, https:\/\/terreatribord.bzh\/blog\/wp-content\/uploads\/2023\/01\/vedettes-brehat-676x901.jpeg 676w, https:\/\/terreatribord.bzh\/blog\/wp-content\/uploads\/2023\/01\/vedettes-brehat-scaled.jpeg 1920w\" sizes=\"auto, (max-width: 768px) 100vw, 768px\" \/><figcaption class=\"wp-element-caption\">Les vedettes direction l&rsquo;Ile de Br\u00e9hat<\/figcaption><\/figure>\n<\/div>\n\n\n<p>Profitez de vos vacances pour vous d\u00e9connecter et prendre un bon bol d\u2019air iod\u00e9.<\/p>\n\n\n\n<p>Voici quelques id\u00e9es d\u2019activit\u00e9s&nbsp;:<\/p>\n\n\n\n<ul class=\"wp-block-list\">\n<li>\ud83d\udc1a <strong>La p\u00eache \u00e0 pied<\/strong>&nbsp;: petits et grands s\u2019y adonnent avec joie&nbsp;! Et pourquoi pas d\u00e9guster votre p\u00eache&nbsp;: coques, couteaux, crevettes \u2026 (<em>Quelques bonnes pratiques : v\u00e9rifier les horaires de mar\u00e9e, respecter les tailles et quantit\u00e9s autoris\u00e9es, respecter le littoral et replacer les cailloux dans leur position initiale \u2026<\/em>)<\/li>\n\n\n\n<li>\u26f5 <strong>Embarquez \u00e0 la d\u00e9couverte des \u00eeles bretonnes&nbsp;<\/strong>: <a href=\"https:\/\/terreatribord.bzh\/blog\/2022\/10\/15\/larchipel-des-7-iles\/\">la r\u00e9serve ornithologique des 7 \u00eeles<\/a>,<a href=\"https:\/\/terreatribord.bzh\/blog\/2023\/01\/15\/lile-de-brehat\/\"> l\u2019\u00eele de Br\u00e9hat<\/a>, \u2026<\/li>\n\n\n\n<li>\ud83c\udfd6\ufe0f <strong>D\u00e9tendez-vous \u00e0 la plage<\/strong> : profitez de nos plages de sable fin et de m\u00eame en \u00e9t\u00e9 \ud83d\ude09<\/li>\n<\/ul>\n\n\n\n<h2 class=\"wp-block-heading has-text-align-center\">\ud83d\udc68\u200d\ud83d\udc69\u200d\ud83d\udc67\u200d\ud83d\udc66 La Bretagne en famille<\/h2>\n\n\n<div class=\"wp-block-image\">\n<figure class=\"aligncenter size-large\"><img loading=\"lazy\" decoding=\"async\" width=\"1024\" height=\"768\" src=\"https:\/\/terreatribord.bzh\/blog\/wp-content\/uploads\/2022\/04\/centre-nautique-port-blanc-1024x768.jpg\" alt=\"centre nautique port blanc cotes d'armor bretagne\" class=\"wp-image-412\" srcset=\"https:\/\/terreatribord.bzh\/blog\/wp-content\/uploads\/2022\/04\/centre-nautique-port-blanc-1024x768.jpg 1024w, https:\/\/terreatribord.bzh\/blog\/wp-content\/uploads\/2022\/04\/centre-nautique-port-blanc-300x225.jpg 300w, https:\/\/terreatribord.bzh\/blog\/wp-content\/uploads\/2022\/04\/centre-nautique-port-blanc-768x576.jpg 768w, https:\/\/terreatribord.bzh\/blog\/wp-content\/uploads\/2022\/04\/centre-nautique-port-blanc-1536x1152.jpg 1536w, https:\/\/terreatribord.bzh\/blog\/wp-content\/uploads\/2022\/04\/centre-nautique-port-blanc-2048x1536.jpg 2048w, https:\/\/terreatribord.bzh\/blog\/wp-content\/uploads\/2022\/04\/centre-nautique-port-blanc-676x507.jpg 676w\" sizes=\"auto, (max-width: 1024px) 100vw, 1024px\" \/><figcaption class=\"wp-element-caption\">Le centre nautique de Port Blanc<\/figcaption><\/figure>\n<\/div>\n\n\n<p>La Bretagne est une <strong>excellente destination avec les enfants<\/strong>.<\/p>\n\n\n\n<p>Ils adoreront <strong>jouer sur la plage<\/strong>, <strong>grimper sur les rochers<\/strong> ou <strong>partir la recherche de crabes dans les flaques <\/strong>\u00e0 mar\u00e9e basse.<\/p>\n\n\n\n<p class=\"has-text-align-center\"><strong>Et pourquoi ne pas essayer un sport nautique&nbsp;? <\/strong><\/p>\n\n\n\n<p><strong>Surf, voile, paddle ou cano\u00eb&nbsp;<\/strong>: il y a des activit\u00e9s pour tous les \u00e2ges. A seulement 2 km des g\u00eetes, la plage de Trestel est id\u00e9ale pour d\u00e9buter le surf, avec des moniteurs patients et passionn\u00e9s.<\/p>\n\n\n\n<p>Les <strong>centres nautiques<\/strong> de Port blanc ou de Perros-Guirec proposent des cours de voile adapt\u00e9s aux enfants.<\/p>\n\n\n\n<p>Voici aussi quelques id\u00e9es de sorties :<\/p>\n\n\n\n<ul class=\"wp-block-list\">\n<li>Le&nbsp;<strong>port miniature&nbsp;<\/strong>de Perros-Guirec<\/li>\n\n\n\n<li>L\u2019<strong>Aquarium marin&nbsp;<\/strong>de Tr\u00e9gastel<\/li>\n\n\n\n<li>L\u2019<strong>accrobranche Vivons Perch\u00e9s<\/strong>&nbsp;\u00e0 Pleumeur-Bodou<\/li>\n\n\n\n<li>Le&nbsp;<strong>Plan\u00e9tarium<\/strong>&nbsp;et la&nbsp;<strong>Cit\u00e9 des T\u00e9l\u00e9coms<\/strong>&nbsp;\u00e0 Pleumeur-Bodou<\/li>\n\n\n\n<li>L\u2019<strong>\u00c9cocentre<\/strong> du Tr\u00e9gor&nbsp;\u00e0 Pleumeur-Bodou<\/li>\n\n\n\n<li>Le&nbsp;<strong>Centre de d\u00e9couverte du son<\/strong>&nbsp;\u00e0 Cavan<\/li>\n\n\n\n<li><strong>Armoripark<\/strong>&nbsp;\u00e0 B\u00e9gard<\/li>\n\n\n\n<li>La <strong>Combe aux \u00c2nes<\/strong>&nbsp;\u00e0 Lanvellec<\/li>\n\n\n\n<li><strong>Milmarin&nbsp;<\/strong>\u00e0 Ploubazlanec<\/li>\n<\/ul>\n\n\n\n<p><em>Le Village Gaulois est temporairement ferm\u00e9 suite \u00e0 un incendie.<\/em><\/p>\n\n\n\n<h2 class=\"wp-block-heading has-text-align-center\">\ud83c\udfb6 L\u2019ambiance de la Bretagne<\/h2>\n\n\n<div class=\"wp-block-image\">\n<figure class=\"aligncenter size-large\"><img loading=\"lazy\" decoding=\"async\" width=\"768\" height=\"1024\" src=\"https:\/\/terreatribord.bzh\/blog\/wp-content\/uploads\/2025\/06\/IMG_20220717_112356-768x1024.jpg\" alt=\"festival des hortensias perros guirec\" class=\"wp-image-901\" srcset=\"https:\/\/terreatribord.bzh\/blog\/wp-content\/uploads\/2025\/06\/IMG_20220717_112356-768x1024.jpg 768w, https:\/\/terreatribord.bzh\/blog\/wp-content\/uploads\/2025\/06\/IMG_20220717_112356-225x300.jpg 225w, https:\/\/terreatribord.bzh\/blog\/wp-content\/uploads\/2025\/06\/IMG_20220717_112356-1152x1536.jpg 1152w, https:\/\/terreatribord.bzh\/blog\/wp-content\/uploads\/2025\/06\/IMG_20220717_112356-1536x2048.jpg 1536w, https:\/\/terreatribord.bzh\/blog\/wp-content\/uploads\/2025\/06\/IMG_20220717_112356-676x901.jpg 676w, https:\/\/terreatribord.bzh\/blog\/wp-content\/uploads\/2025\/06\/IMG_20220717_112356-scaled.jpg 1920w\" sizes=\"auto, (max-width: 768px) 100vw, 768px\" \/><figcaption class=\"wp-element-caption\">Le festival des Hortensias \u00e0 Perros-Guirec<\/figcaption><\/figure>\n<\/div>\n\n\n<p><strong>En Bretagne, il fait bon vivre<\/strong>, tout simplement. Les bretons sont accueillants et attach\u00e9s \u00e0 leur culture.<\/p>\n\n\n\n<p>Prenez le temps de fl\u00e2ner dans nos jolies villes et villages : <a href=\"https:\/\/terreatribord.bzh\/blog\/2024\/10\/15\/perros-guirec-cote-de-granit-rose\/\">Perros-Guirec<\/a>, Lannion, Paimpol\u2026 ou les petites cit\u00e9s de caract\u00e8re comme Tr\u00e9guier, La Roche-Derrien, Pontrieux ou Guingamp.<\/p>\n\n\n\n<p>Et bien s\u00fbr, ne manquez pas les <strong>f\u00eates bretonnes<\/strong> !<\/p>\n\n\n\n<p>Fest-noz, festivals maritimes, f\u00eates culturelles ou musicales : chaque saison a ses moments forts.<br><br><em>\ud83c\udfb5 Parmi mes pr\u00e9f\u00e9r\u00e9s : le <strong>festival des hortensias \u00e0 Perros-Guirec<\/strong>, ou les <strong>chants marins de Paimpol<\/strong>.<\/em><\/p>\n\n\n\n<p>\ud83d\udc49 <em><a href=\"https:\/\/terreatribord.bzh\/blog\/calendrier\/\">Retrouvez ici l&rsquo;agenda des animations locales tout au long de l\u2019ann\u00e9e.<\/a><\/em><\/p>\n\n\n\n<h2 class=\"wp-block-heading has-text-align-center\">\ud83d\udcb6 Le co\u00fbt des vacances<\/h2>\n\n\n\n<p class=\"has-text-align-center\"><strong>Bonne nouvelle&nbsp;! <\/strong><\/p>\n\n\n\n<p>La Bretagne peut \u00eatre une destination tr\u00e8s abordable \ud83d\udc99<\/p>\n\n\n\n<p>C\u00f4t\u00e9 h\u00e9bergement, il y en a pour tous les budgets&nbsp;: de l\u2019h\u00f4tel 5 \u00e9toiles au bord de la mer au g\u00eete plein de charme un peu plus dans les terres.<\/p>\n\n\n\n<p>Et pour les activit\u00e9s, la <strong>nature offre d\u00e9j\u00e0 beaucoup<\/strong> : balades, plages, randonn\u00e9es, d\u00e9couverte des villages\u2026<\/p>\n\n\n\n<p><strong>Autant de moments simples<\/strong>, gratuits et de beaux souvenirs \u00e0 cr\u00e9er en famille ou \u00e0 deux.<\/p>\n\n\n\n<h2 class=\"wp-block-heading has-text-align-center\">\u2600\ufe0f Et la m\u00e9t\u00e9o ?<\/h2>\n\n\n\n<p>Ah, la fameuse m\u00e9t\u00e9o bretonne \ud83d\ude09<\/p>\n\n\n\n<p>Oui, <strong>le ciel change souvent et c\u2019est aussi ce qui fait tout son charme<\/strong>.<\/p>\n\n\n\n<p>Ici, les lumi\u00e8res varient sans cesse, les nuages passent vite, et il y a <strong>toujours un rayon de soleil<\/strong> qui finit par percer.<\/p>\n\n\n\n<p>Ni trop chaud, ni trop froid : le climat reste doux toute l\u2019ann\u00e9e, parfait pour profiter de la nature sans exc\u00e8s.<\/p>\n\n\n\n<h2 class=\"wp-block-heading has-text-align-center\">\ud83c\udf92 Conseils pratiques : quoi mettre dans la valise <\/h2>\n\n\n\n<p>En Bretagne, le mot d\u2019ordre, c\u2019est <em>\u00eatre pr\u00eat \u00e0 tout<\/em> ! <\/p>\n\n\n\n<p>Pr\u00e9voyez toujours un <strong>v\u00eatement de pluie<\/strong>, une <strong>polaire<\/strong> et un <strong>pantalon pour les soir\u00e9es plus fra\u00eeches<\/strong>, quelle que soit la saison.<\/p>\n\n\n\n<p>Au printemps et en \u00e9t\u00e9, n&rsquo;oubliez pas : <strong>chapeau, casquette et cr\u00e8me solaire<\/strong> ! M\u00eame avec du vent ou des nuages, le soleil breton sait se faire sentir et il faut penser \u00e0 se prot\u00e9ger !<\/p>\n\n\n\n<h2 class=\"wp-block-heading has-text-align-center\">\ud83c\udfe1 O\u00f9 d\u00e9poser ma valise ?<\/h2>\n\n\n\n<p>Et si vous posiez vos valises \u00e0 <strong>Tr\u00e9l\u00e9vern<\/strong>, au c\u0153ur de la C\u00f4te de Granit Rose ?<\/p>\n\n\n\n<p>Les <strong><a href=\"https:\/\/terreatribord.bzh\/home\">g\u00eetes Terre \u00e0 Tribord<\/a><\/strong> vous accueillent toute l\u2019ann\u00e9e, dans une ambiance simple et apaisante, \u00e0 deux pas de la mer.<\/p>\n\n\n\n<p><strong>Ici, on ralentit, on prend le temps, on vit au rythme des mar\u00e9es.<\/strong><br>Une escale id\u00e9ale pour <strong>se reconnecter \u00e0 l\u2019essentiel<\/strong>.<\/p>\n\n\n\n<p><\/p>\n","protected":false},"excerpt":{"rendered":"<p>Vous ne connaissez pas encore la Bretagne&nbsp;? Vous vous demandez si c\u2019est la bonne destination pour vos prochaines vacances ? Ici, je vous partage tout ce qu\u2019il faut savoir pour pr\u00e9parer votre s\u00e9jour et pour comprendre pourquoi tant de voyageurs tombent amoureux de notre r\u00e9gion\u2026 et reviennent, encore et encore \ud83d\udc99<\/p>\n","protected":false},"author":1,"featured_media":630,"comment_status":"closed","ping_status":"closed","sticky":false,"template":"","format":"standard","meta":{"footnotes":""},"categories":[8],"tags":[14,15,13,11,18,16],"class_list":["post-915","post","type-post","status-publish","format-standard","has-post-thumbnail","hentry","category-decouverte-de-la-bretagne","tag-balade","tag-famille","tag-mer","tag-nature","tag-traditions-bretonnes","tag-ville","post-preview"],"yoast_head":"<!-- This site is optimized with the Yoast SEO plugin v27.5 - https:\/\/yoast.com\/product\/yoast-seo-wordpress\/ -->\n<title>Le guide des vacances en Bretagne : nature, mer et douceur<\/title>\n<meta name=\"description\" content=\"Pr\u00e9parez vos vacances en Bretagne : paysages, mer, nature, gastronomie et activit\u00e9s pour tous. Un guide complet pour un s\u00e9jour serein.\" \/>\n<meta name=\"robots\" content=\"index, follow, max-snippet:-1, max-image-preview:large, max-video-preview:-1\" \/>\n<link rel=\"canonical\" href=\"https:\/\/terreatribord.bzh\/blog\/2025\/10\/15\/guide-vacances-bretagne\/\" \/>\n<meta property=\"og:locale\" content=\"fr_FR\" \/>\n<meta property=\"og:type\" content=\"article\" \/>\n<meta property=\"og:title\" content=\"Des vacances en Bretagne : que faire, que voir, o\u00f9 s\u00e9journer ?\" \/>\n<meta property=\"og:description\" content=\"Pr\u00e9parez vos vacances en Bretagne : paysages, mer, nature, gastronomie et activit\u00e9s pour tous. Un guide complet pour un s\u00e9jour serein.\" \/>\n<meta property=\"og:url\" content=\"https:\/\/terreatribord.bzh\/blog\/2025\/10\/15\/guide-vacances-bretagne\/\" \/>\n<meta property=\"og:site_name\" content=\"Terre \u00e0 Tribord !\" \/>\n<meta property=\"article:published_time\" content=\"2025-10-15T11:55:58+00:00\" \/>\n<meta property=\"article:modified_time\" content=\"2025-10-15T11:55:59+00:00\" \/>\n<meta property=\"og:image\" content=\"https:\/\/terreatribord.bzh\/blog\/wp-content\/uploads\/2024\/02\/ploumanach-scaled.jpg\" \/>\n\t<meta property=\"og:image:width\" content=\"2560\" \/>\n\t<meta property=\"og:image:height\" content=\"1920\" \/>\n\t<meta property=\"og:image:type\" content=\"image\/jpeg\" \/>\n<meta name=\"author\" content=\"Charlotte\" \/>\n<meta name=\"twitter:card\" content=\"summary_large_image\" \/>\n<meta name=\"twitter:label1\" content=\"\u00c9crit par\" \/>\n\t<meta name=\"twitter:data1\" content=\"Charlotte\" \/>\n\t<meta name=\"twitter:label2\" content=\"Dur\u00e9e de lecture estim\u00e9e\" \/>\n\t<meta name=\"twitter:data2\" content=\"7 minutes\" \/>\n<script type=\"application\/ld+json\" class=\"yoast-schema-graph\">{\"@context\":\"https:\\\/\\\/schema.org\",\"@graph\":[{\"@type\":\"Article\",\"@id\":\"https:\\\/\\\/terreatribord.bzh\\\/blog\\\/2025\\\/10\\\/15\\\/guide-vacances-bretagne\\\/#article\",\"isPartOf\":{\"@id\":\"https:\\\/\\\/terreatribord.bzh\\\/blog\\\/2025\\\/10\\\/15\\\/guide-vacances-bretagne\\\/\"},\"author\":{\"name\":\"Charlotte\",\"@id\":\"https:\\\/\\\/terreatribord.bzh\\\/blog\\\/#\\\/schema\\\/person\\\/799840395f3f8c1f423b7eac8cacc075\"},\"headline\":\"Le guide des vacances en Bretagne\",\"datePublished\":\"2025-10-15T11:55:58+00:00\",\"dateModified\":\"2025-10-15T11:55:59+00:00\",\"mainEntityOfPage\":{\"@id\":\"https:\\\/\\\/terreatribord.bzh\\\/blog\\\/2025\\\/10\\\/15\\\/guide-vacances-bretagne\\\/\"},\"wordCount\":1150,\"publisher\":{\"@id\":\"https:\\\/\\\/terreatribord.bzh\\\/blog\\\/#\\\/schema\\\/person\\\/799840395f3f8c1f423b7eac8cacc075\"},\"image\":{\"@id\":\"https:\\\/\\\/terreatribord.bzh\\\/blog\\\/2025\\\/10\\\/15\\\/guide-vacances-bretagne\\\/#primaryimage\"},\"thumbnailUrl\":\"https:\\\/\\\/terreatribord.bzh\\\/blog\\\/wp-content\\\/uploads\\\/2024\\\/02\\\/ploumanach-scaled.jpg\",\"keywords\":[\"Balade\",\"famille\",\"Mer\",\"Nature\",\"Traditions bretonnes\",\"Ville\"],\"articleSection\":[\"D\u00e9couverte de la Bretagne\"],\"inLanguage\":\"fr-FR\"},{\"@type\":\"WebPage\",\"@id\":\"https:\\\/\\\/terreatribord.bzh\\\/blog\\\/2025\\\/10\\\/15\\\/guide-vacances-bretagne\\\/\",\"url\":\"https:\\\/\\\/terreatribord.bzh\\\/blog\\\/2025\\\/10\\\/15\\\/guide-vacances-bretagne\\\/\",\"name\":\"Le guide des vacances en Bretagne : nature, mer et douceur\",\"isPartOf\":{\"@id\":\"https:\\\/\\\/terreatribord.bzh\\\/blog\\\/#website\"},\"primaryImageOfPage\":{\"@id\":\"https:\\\/\\\/terreatribord.bzh\\\/blog\\\/2025\\\/10\\\/15\\\/guide-vacances-bretagne\\\/#primaryimage\"},\"image\":{\"@id\":\"https:\\\/\\\/terreatribord.bzh\\\/blog\\\/2025\\\/10\\\/15\\\/guide-vacances-bretagne\\\/#primaryimage\"},\"thumbnailUrl\":\"https:\\\/\\\/terreatribord.bzh\\\/blog\\\/wp-content\\\/uploads\\\/2024\\\/02\\\/ploumanach-scaled.jpg\",\"datePublished\":\"2025-10-15T11:55:58+00:00\",\"dateModified\":\"2025-10-15T11:55:59+00:00\",\"description\":\"Pr\u00e9parez vos vacances en Bretagne : paysages, mer, nature, gastronomie et activit\u00e9s pour tous. Un guide complet pour un s\u00e9jour serein.\",\"breadcrumb\":{\"@id\":\"https:\\\/\\\/terreatribord.bzh\\\/blog\\\/2025\\\/10\\\/15\\\/guide-vacances-bretagne\\\/#breadcrumb\"},\"inLanguage\":\"fr-FR\",\"potentialAction\":[{\"@type\":\"ReadAction\",\"target\":[\"https:\\\/\\\/terreatribord.bzh\\\/blog\\\/2025\\\/10\\\/15\\\/guide-vacances-bretagne\\\/\"]}]},{\"@type\":\"ImageObject\",\"inLanguage\":\"fr-FR\",\"@id\":\"https:\\\/\\\/terreatribord.bzh\\\/blog\\\/2025\\\/10\\\/15\\\/guide-vacances-bretagne\\\/#primaryimage\",\"url\":\"https:\\\/\\\/terreatribord.bzh\\\/blog\\\/wp-content\\\/uploads\\\/2024\\\/02\\\/ploumanach-scaled.jpg\",\"contentUrl\":\"https:\\\/\\\/terreatribord.bzh\\\/blog\\\/wp-content\\\/uploads\\\/2024\\\/02\\\/ploumanach-scaled.jpg\",\"width\":2560,\"height\":1920,\"caption\":\"Le phare Mean Ruz de Ploumanac'h\"},{\"@type\":\"BreadcrumbList\",\"@id\":\"https:\\\/\\\/terreatribord.bzh\\\/blog\\\/2025\\\/10\\\/15\\\/guide-vacances-bretagne\\\/#breadcrumb\",\"itemListElement\":[{\"@type\":\"ListItem\",\"position\":1,\"name\":\"Accueil\",\"item\":\"https:\\\/\\\/terreatribord.bzh\\\/blog\\\/\"},{\"@type\":\"ListItem\",\"position\":2,\"name\":\"Le guide des vacances en Bretagne\"}]},{\"@type\":\"WebSite\",\"@id\":\"https:\\\/\\\/terreatribord.bzh\\\/blog\\\/#website\",\"url\":\"https:\\\/\\\/terreatribord.bzh\\\/blog\\\/\",\"name\":\"Terre \u00e0 Tribord !\",\"description\":\"Le blog qui met le cap sur la Bretagne.\",\"publisher\":{\"@id\":\"https:\\\/\\\/terreatribord.bzh\\\/blog\\\/#\\\/schema\\\/person\\\/799840395f3f8c1f423b7eac8cacc075\"},\"potentialAction\":[{\"@type\":\"SearchAction\",\"target\":{\"@type\":\"EntryPoint\",\"urlTemplate\":\"https:\\\/\\\/terreatribord.bzh\\\/blog\\\/?s={search_term_string}\"},\"query-input\":{\"@type\":\"PropertyValueSpecification\",\"valueRequired\":true,\"valueName\":\"search_term_string\"}}],\"inLanguage\":\"fr-FR\"},{\"@type\":[\"Person\",\"Organization\"],\"@id\":\"https:\\\/\\\/terreatribord.bzh\\\/blog\\\/#\\\/schema\\\/person\\\/799840395f3f8c1f423b7eac8cacc075\",\"name\":\"Charlotte\",\"image\":{\"@type\":\"ImageObject\",\"inLanguage\":\"fr-FR\",\"@id\":\"https:\\\/\\\/blog.terreatribord.bzh\\\/wp-content\\\/uploads\\\/2021\\\/08\\\/36825346_2456960194321511_447552153637093376_n.jpg\",\"url\":\"https:\\\/\\\/blog.terreatribord.bzh\\\/wp-content\\\/uploads\\\/2021\\\/08\\\/36825346_2456960194321511_447552153637093376_n.jpg\",\"contentUrl\":\"https:\\\/\\\/blog.terreatribord.bzh\\\/wp-content\\\/uploads\\\/2021\\\/08\\\/36825346_2456960194321511_447552153637093376_n.jpg\",\"width\":1462,\"height\":1462,\"caption\":\"Charlotte\"},\"logo\":{\"@id\":\"https:\\\/\\\/blog.terreatribord.bzh\\\/wp-content\\\/uploads\\\/2021\\\/08\\\/36825346_2456960194321511_447552153637093376_n.jpg\"},\"sameAs\":[\"https:\\\/\\\/blog.terreatribord.bzh\"]}]}<\/script>\n<!-- \/ Yoast SEO plugin. -->","yoast_head_json":{"title":"Le guide des vacances en Bretagne : nature, mer et douceur","description":"Pr\u00e9parez vos vacances en Bretagne : paysages, mer, nature, gastronomie et activit\u00e9s pour tous. Un guide complet pour un s\u00e9jour serein.","robots":{"index":"index","follow":"follow","max-snippet":"max-snippet:-1","max-image-preview":"max-image-preview:large","max-video-preview":"max-video-preview:-1"},"canonical":"https:\/\/terreatribord.bzh\/blog\/2025\/10\/15\/guide-vacances-bretagne\/","og_locale":"fr_FR","og_type":"article","og_title":"Des vacances en Bretagne : que faire, que voir, o\u00f9 s\u00e9journer ?","og_description":"Pr\u00e9parez vos vacances en Bretagne : paysages, mer, nature, gastronomie et activit\u00e9s pour tous. Un guide complet pour un s\u00e9jour serein.","og_url":"https:\/\/terreatribord.bzh\/blog\/2025\/10\/15\/guide-vacances-bretagne\/","og_site_name":"Terre \u00e0 Tribord !","article_published_time":"2025-10-15T11:55:58+00:00","article_modified_time":"2025-10-15T11:55:59+00:00","og_image":[{"width":2560,"height":1920,"url":"https:\/\/terreatribord.bzh\/blog\/wp-content\/uploads\/2024\/02\/ploumanach-scaled.jpg","type":"image\/jpeg"}],"author":"Charlotte","twitter_card":"summary_large_image","twitter_misc":{"\u00c9crit par":"Charlotte","Dur\u00e9e de lecture estim\u00e9e":"7 minutes"},"schema":{"@context":"https:\/\/schema.org","@graph":[{"@type":"Article","@id":"https:\/\/terreatribord.bzh\/blog\/2025\/10\/15\/guide-vacances-bretagne\/#article","isPartOf":{"@id":"https:\/\/terreatribord.bzh\/blog\/2025\/10\/15\/guide-vacances-bretagne\/"},"author":{"name":"Charlotte","@id":"https:\/\/terreatribord.bzh\/blog\/#\/schema\/person\/799840395f3f8c1f423b7eac8cacc075"},"headline":"Le guide des vacances en Bretagne","datePublished":"2025-10-15T11:55:58+00:00","dateModified":"2025-10-15T11:55:59+00:00","mainEntityOfPage":{"@id":"https:\/\/terreatribord.bzh\/blog\/2025\/10\/15\/guide-vacances-bretagne\/"},"wordCount":1150,"publisher":{"@id":"https:\/\/terreatribord.bzh\/blog\/#\/schema\/person\/799840395f3f8c1f423b7eac8cacc075"},"image":{"@id":"https:\/\/terreatribord.bzh\/blog\/2025\/10\/15\/guide-vacances-bretagne\/#primaryimage"},"thumbnailUrl":"https:\/\/terreatribord.bzh\/blog\/wp-content\/uploads\/2024\/02\/ploumanach-scaled.jpg","keywords":["Balade","famille","Mer","Nature","Traditions bretonnes","Ville"],"articleSection":["D\u00e9couverte de la Bretagne"],"inLanguage":"fr-FR"},{"@type":"WebPage","@id":"https:\/\/terreatribord.bzh\/blog\/2025\/10\/15\/guide-vacances-bretagne\/","url":"https:\/\/terreatribord.bzh\/blog\/2025\/10\/15\/guide-vacances-bretagne\/","name":"Le guide des vacances en Bretagne : nature, mer et douceur","isPartOf":{"@id":"https:\/\/terreatribord.bzh\/blog\/#website"},"primaryImageOfPage":{"@id":"https:\/\/terreatribord.bzh\/blog\/2025\/10\/15\/guide-vacances-bretagne\/#primaryimage"},"image":{"@id":"https:\/\/terreatribord.bzh\/blog\/2025\/10\/15\/guide-vacances-bretagne\/#primaryimage"},"thumbnailUrl":"https:\/\/terreatribord.bzh\/blog\/wp-content\/uploads\/2024\/02\/ploumanach-scaled.jpg","datePublished":"2025-10-15T11:55:58+00:00","dateModified":"2025-10-15T11:55:59+00:00","description":"Pr\u00e9parez vos vacances en Bretagne : paysages, mer, nature, gastronomie et activit\u00e9s pour tous. Un guide complet pour un s\u00e9jour serein.","breadcrumb":{"@id":"https:\/\/terreatribord.bzh\/blog\/2025\/10\/15\/guide-vacances-bretagne\/#breadcrumb"},"inLanguage":"fr-FR","potentialAction":[{"@type":"ReadAction","target":["https:\/\/terreatribord.bzh\/blog\/2025\/10\/15\/guide-vacances-bretagne\/"]}]},{"@type":"ImageObject","inLanguage":"fr-FR","@id":"https:\/\/terreatribord.bzh\/blog\/2025\/10\/15\/guide-vacances-bretagne\/#primaryimage","url":"https:\/\/terreatribord.bzh\/blog\/wp-content\/uploads\/2024\/02\/ploumanach-scaled.jpg","contentUrl":"https:\/\/terreatribord.bzh\/blog\/wp-content\/uploads\/2024\/02\/ploumanach-scaled.jpg","width":2560,"height":1920,"caption":"Le phare Mean Ruz de Ploumanac'h"},{"@type":"BreadcrumbList","@id":"https:\/\/terreatribord.bzh\/blog\/2025\/10\/15\/guide-vacances-bretagne\/#breadcrumb","itemListElement":[{"@type":"ListItem","position":1,"name":"Accueil","item":"https:\/\/terreatribord.bzh\/blog\/"},{"@type":"ListItem","position":2,"name":"Le guide des vacances en Bretagne"}]},{"@type":"WebSite","@id":"https:\/\/terreatribord.bzh\/blog\/#website","url":"https:\/\/terreatribord.bzh\/blog\/","name":"Terre \u00e0 Tribord !","description":"Le blog qui met le cap sur la Bretagne.","publisher":{"@id":"https:\/\/terreatribord.bzh\/blog\/#\/schema\/person\/799840395f3f8c1f423b7eac8cacc075"},"potentialAction":[{"@type":"SearchAction","target":{"@type":"EntryPoint","urlTemplate":"https:\/\/terreatribord.bzh\/blog\/?s={search_term_string}"},"query-input":{"@type":"PropertyValueSpecification","valueRequired":true,"valueName":"search_term_string"}}],"inLanguage":"fr-FR"},{"@type":["Person","Organization"],"@id":"https:\/\/terreatribord.bzh\/blog\/#\/schema\/person\/799840395f3f8c1f423b7eac8cacc075","name":"Charlotte","image":{"@type":"ImageObject","inLanguage":"fr-FR","@id":"https:\/\/blog.terreatribord.bzh\/wp-content\/uploads\/2021\/08\/36825346_2456960194321511_447552153637093376_n.jpg","url":"https:\/\/blog.terreatribord.bzh\/wp-content\/uploads\/2021\/08\/36825346_2456960194321511_447552153637093376_n.jpg","contentUrl":"https:\/\/blog.terreatribord.bzh\/wp-content\/uploads\/2021\/08\/36825346_2456960194321511_447552153637093376_n.jpg","width":1462,"height":1462,"caption":"Charlotte"},"logo":{"@id":"https:\/\/blog.terreatribord.bzh\/wp-content\/uploads\/2021\/08\/36825346_2456960194321511_447552153637093376_n.jpg"},"sameAs":["https:\/\/blog.terreatribord.bzh"]}]}},"_links":{"self":[{"href":"https:\/\/terreatribord.bzh\/blog\/wp-json\/wp\/v2\/posts\/915","targetHints":{"allow":["GET"]}}],"collection":[{"href":"https:\/\/terreatribord.bzh\/blog\/wp-json\/wp\/v2\/posts"}],"about":[{"href":"https:\/\/terreatribord.bzh\/blog\/wp-json\/wp\/v2\/types\/post"}],"author":[{"embeddable":true,"href":"https:\/\/terreatribord.bzh\/blog\/wp-json\/wp\/v2\/users\/1"}],"replies":[{"embeddable":true,"href":"https:\/\/terreatribord.bzh\/blog\/wp-json\/wp\/v2\/comments?post=915"}],"version-history":[{"count":2,"href":"https:\/\/terreatribord.bzh\/blog\/wp-json\/wp\/v2\/posts\/915\/revisions"}],"predecessor-version":[{"id":925,"href":"https:\/\/terreatribord.bzh\/blog\/wp-json\/wp\/v2\/posts\/915\/revisions\/925"}],"wp:featuredmedia":[{"embeddable":true,"href":"https:\/\/terreatribord.bzh\/blog\/wp-json\/wp\/v2\/media\/630"}],"wp:attachment":[{"href":"https:\/\/terreatribord.bzh\/blog\/wp-json\/wp\/v2\/media?parent=915"}],"wp:term":[{"taxonomy":"category","embeddable":true,"href":"https:\/\/terreatribord.bzh\/blog\/wp-json\/wp\/v2\/categories?post=915"},{"taxonomy":"post_tag","embeddable":true,"href":"https:\/\/terreatribord.bzh\/blog\/wp-json\/wp\/v2\/tags?post=915"}],"curies":[{"name":"wp","href":"https:\/\/api.w.org\/{rel}","templated":true}]}}