{"id":946,"date":"2026-02-15T14:01:54","date_gmt":"2026-02-15T13:01:54","guid":{"rendered":"https:\/\/terreatribord.bzh\/blog\/?p=946"},"modified":"2026-02-15T14:01:55","modified_gmt":"2026-02-15T13:01:55","slug":"treguier-la-capitale-historique-du-tregor","status":"publish","type":"post","link":"https:\/\/terreatribord.bzh\/blog\/2026\/02\/15\/treguier-la-capitale-historique-du-tregor\/","title":{"rendered":"Tr\u00e9guier, la capitale historique du Tr\u00e9gor"},"content":{"rendered":"\n<p>Entre deux rivi\u00e8res, Tr\u00e9guier se d\u00e9couvre en prenant son temps.<\/p>\n\n\n\n<p>Ici, chaque pierre raconte une histoire. La fl\u00e8che de la cath\u00e9drale guident le regard, tandis que les ruelles d\u00e9voilent peu \u00e0 peu de superbes <strong>maisons en pierre et \u00e0 pans de bois<\/strong>.<\/p>\n\n\n\n<p>Petite cit\u00e9 de caract\u00e8re \u00e0 taille humaine, <strong>Tr\u00e9guier<\/strong> a conserv\u00e9 une \u00e2me singuli\u00e8re, \u00e0 la fois <strong>spirituelle, intellectuelle et maritime.<\/strong><\/p>\n\n\n\n<p>Une destination id\u00e9ale pour fl\u00e2ner, apprendre et s\u2019impr\u00e9gner de l\u2019atmosph\u00e8re si particuli\u00e8re.<\/p>\n\n\n\n<p>\ud83d\udc49 Suivez-moi pour d\u00e9couvrir Tr\u00e9guier.<\/p>\n\n\n\n<!--more-->\n\n\n\n<h2 class=\"wp-block-heading has-text-align-center\">\ud83d\udcdc <strong>Un peu d\u2019histoire <\/strong><\/h2>\n\n\n<div class=\"wp-block-image\">\n<figure class=\"aligncenter size-full\"><img loading=\"lazy\" decoding=\"async\" width=\"750\" height=\"1000\" src=\"https:\/\/terreatribord.bzh\/blog\/wp-content\/uploads\/2026\/02\/Treguier4.jpg\" alt=\"tr\u00e9guier c\u00f4tes d'armor bretagne\" class=\"wp-image-953\" srcset=\"https:\/\/terreatribord.bzh\/blog\/wp-content\/uploads\/2026\/02\/Treguier4.jpg 750w, https:\/\/terreatribord.bzh\/blog\/wp-content\/uploads\/2026\/02\/Treguier4-225x300.jpg 225w, https:\/\/terreatribord.bzh\/blog\/wp-content\/uploads\/2026\/02\/Treguier4-676x901.jpg 676w\" sizes=\"auto, (max-width: 750px) 100vw, 750px\" \/><figcaption class=\"wp-element-caption\">Les 2 tours d&rsquo;armateurs &#8211; Tr\u00e9guier<\/figcaption><\/figure>\n<\/div>\n\n\n<h3 class=\"wp-block-heading\">Aux origines de Tr\u00e9guier<\/h3>\n\n\n\n<p>L\u2019histoire de Tr\u00e9guier commence au <strong>VI\u1d49 si\u00e8cle<\/strong>, lorsque le moine gallois <strong>Tugdual<\/strong> accoste dans la vall\u00e9e du Tr\u00e9cor. Il y fonde un monast\u00e8re autour duquel la ville se d\u00e9veloppe peu \u00e0 peu. Devenu \u00e9v\u00eaque, Tugdual est aujourd\u2019hui l\u2019un des <strong>7 saints fondateurs de la Bretagne<\/strong>. Tr\u00e9guier est ainsi l\u2019une des \u00e9tapes majeures du <strong>Tro Breiz<\/strong>, le grand p\u00e8lerinage breton.<\/p>\n\n\n\n<h3 class=\"wp-block-heading\">Une cit\u00e9 spirituelle et intellectuelle<\/h3>\n\n\n\n<p>Au fil des si\u00e8cles, Tr\u00e9guier s\u2019impose comme un important centre <strong>religieux et intellectuel<\/strong>. Sa renomm\u00e9e spirituelle doit aussi beaucoup \u00e0 <strong>Saint Yves<\/strong>, n\u00e9 \u00e0 Minihy-Tr\u00e9guier au XIII\u1d49 si\u00e8cle. D\u00e9fenseur des pauvres et symbole de justice, il est aujourd\u2019hui le <strong>saint patron des Bretons et des avocats<\/strong>. Chaque ann\u00e9e, le troisi\u00e8me dimanche de mai, le <strong>pardon de Saint-Yves<\/strong> rassemble fid\u00e8les et visiteurs.<\/p>\n\n\n\n<h3 class=\"wp-block-heading\">Tr\u00e9guier, ville d\u2019art et de savoir<\/h3>\n\n\n\n<p>D\u00e8s le Moyen \u00c2ge, Tr\u00e9guier devient une <strong>cit\u00e9 d\u2019art et de savoir<\/strong>. Artisans, peintres-verriers et orf\u00e8vres y prosp\u00e8rent. En 1499, la ville entre dans l\u2019histoire de l\u2019\u00e9dition avec l\u2019impression du <strong>Catholicon<\/strong>, le premier dictionnaire trilingue (latin, fran\u00e7ais, breton).<\/p>\n\n\n\n<p>Tr\u00e9guier a \u00e9galement vu na\u00eetre ou accueillir de grandes figures de la culture bretonne, comme <strong>Ernest Renan<\/strong>, \u00e9crivain et philosophe du XIX\u1d49 si\u00e8cle, ou <strong>Anatole Le Braz<\/strong>, collecteur passionn\u00e9 de l\u00e9gendes bretonnes.<\/p>\n\n\n\n<h3 class=\"wp-block-heading\">Un port discret mais actif<\/h3>\n\n\n\n<p>Bien que situ\u00e9 \u00e0 pr\u00e8s de <strong>9 km de la mer<\/strong>, le port de Tr\u00e9guier joue un r\u00f4le actif d\u00e8s le Moyen \u00c2ge. Les bateaux \u00e0 faible tirant d\u2019eau remontent alors l\u2019estuaire pour transporter sable, pierre, bl\u00e9 ou lin. Malgr\u00e9 cette activit\u00e9, la ville reste avant tout une ville <strong>religieuse et intellectuelle<\/strong> plus qu\u2019un grand port marchand.<\/p>\n\n\n\n<p>Face au port, les <strong>deux anciennes tours<\/strong>, construites au XVII\u1d49 si\u00e8cle, rappellent ce pass\u00e9 maritime. Ces hautes b\u00e2tisses de pierre, autrefois au nombre de trois, surveillaient la rivi\u00e8re et prot\u00e9geaient l\u2019entr\u00e9e de la ville. Auberges, maisons de marchands d\u2019hu\u00eetres, greniers \u00e0 bl\u00e9 et demeures d\u2019armateurs s\u2019y sont succ\u00e9d\u00e9 au fil du temps.<\/p>\n\n\n\n<p>\u00c0 la fin du <strong>XIX\u1d49 si\u00e8cle<\/strong>, le commerce maritime conna\u00eet un nouvel essor avec l\u2019arriv\u00e9e de marchandises venues du Pays de Galles ou du nord de l\u2019Europe, ainsi que l\u2019exportation des pommes de terre vers l\u2019Angleterre.<\/p>\n\n\n\n<h2 class=\"wp-block-heading has-text-align-center\"><strong>Tr\u00e9guier, une ville \u00e0 regarder autant qu\u2019\u00e0 visiter<\/strong><\/h2>\n\n\n<div class=\"wp-block-image\">\n<figure class=\"aligncenter size-full\"><img loading=\"lazy\" decoding=\"async\" width=\"384\" height=\"512\" src=\"https:\/\/terreatribord.bzh\/blog\/wp-content\/uploads\/2026\/02\/treguier2.jpg\" alt=\"tr\u00e9guier c\u00f4tes d'armor bretagne\" class=\"wp-image-951\" srcset=\"https:\/\/terreatribord.bzh\/blog\/wp-content\/uploads\/2026\/02\/treguier2.jpg 384w, https:\/\/terreatribord.bzh\/blog\/wp-content\/uploads\/2026\/02\/treguier2-225x300.jpg 225w\" sizes=\"auto, (max-width: 384px) 100vw, 384px\" \/><figcaption class=\"wp-element-caption\">Rue de Saint Yves &#8211; Tr\u00e9guier <\/figcaption><\/figure>\n<\/div>\n\n\n<p>Aujourd&rsquo;hui, Tr\u00e9guier fait partie des <a href=\"https:\/\/www.petitescitesdecaractere.com\/cites\/treguier\/\" type=\"link\" id=\"https:\/\/www.petitescitesdecaractere.com\/cites\/treguier\/\" target=\"_blank\" rel=\"noreferrer noopener\">petites cit\u00e9s de caract\u00e8re<\/a>. Et pour cause : se promener \u00e0 Tr\u00e9guier, c\u2019est aussi lever les yeux.<\/p>\n\n\n\n<p>La ville offre un remarquable ensemble de <strong>maisons en pierre de granit et \u00e0 pans de bois<\/strong>, principalement des XVI\u1d49 et XVII\u1d49 si\u00e8cles.<\/p>\n\n\n\n<p>Fa\u00e7ades sculpt\u00e9es, encorbellements, d\u00e9tails architecturaux \u2026 chaque rue t\u00e9moigne de la prosp\u00e9rit\u00e9 pass\u00e9e de la cit\u00e9. Certaines ruelles donnent l\u2019impression de traverser un d\u00e9cor d\u2019un autre temps, o\u00f9 l\u2019on imagine facilement la vie quotidienne d\u2019autrefois. <\/p>\n\n\n\n<p>Tr\u00e9guier est aussi une <strong>ville d&rsquo;art et de gourmandise<\/strong>, id\u00e9ale pour une pause cr\u00eape ou un caf\u00e9 en terrasse.<\/p>\n\n\n\n<h2 class=\"wp-block-heading has-text-align-center\"><strong>Que faire \u00e0 Tr\u00e9guier ? Les incontournables<\/strong><\/h2>\n\n\n<div class=\"wp-block-image\">\n<figure class=\"aligncenter size-full\"><img loading=\"lazy\" decoding=\"async\" width=\"635\" height=\"846\" src=\"https:\/\/terreatribord.bzh\/blog\/wp-content\/uploads\/2026\/02\/Treguier7.jpg\" alt=\"tr\u00e9guier c\u00f4tes d'armor bretagne\" class=\"wp-image-956\" srcset=\"https:\/\/terreatribord.bzh\/blog\/wp-content\/uploads\/2026\/02\/Treguier7.jpg 635w, https:\/\/terreatribord.bzh\/blog\/wp-content\/uploads\/2026\/02\/Treguier7-225x300.jpg 225w\" sizes=\"auto, (max-width: 635px) 100vw, 635px\" \/><figcaption class=\"wp-element-caption\">L&rsquo;entr\u00e9e de la cath\u00e9drale &#8211; Tr\u00e9guier<\/figcaption><\/figure>\n<\/div>\n\n\n<h3 class=\"wp-block-heading\">\u26ea <strong>Visiter la cath\u00e9drale Saint-Tugdual et son clo\u00eetre<\/strong><\/h3>\n\n\n\n<p>La <strong>cath\u00e9drale Saint-Tugdual<\/strong> est l\u2019un des plus beaux \u00e9difices gothiques de <a href=\"https:\/\/terreatribord.bzh\/blog\/2021\/09\/12\/la-bretagne\/\" type=\"link\" id=\"https:\/\/terreatribord.bzh\/blog\/2021\/09\/12\/la-bretagne\/\">Bretagne<\/a>. D\u00e8s l\u2019entr\u00e9e, on est frapp\u00e9 par la finesse de ses porches sculpt\u00e9s.<\/p>\n\n\n\n<p>\u00c0 l\u2019int\u00e9rieur, prenez le temps d\u2019admirer la chaire orn\u00e9e de motifs floraux, le bestiaire surprenant grav\u00e9 dans les stalles du ch\u0153ur, ainsi que le <strong>tombeau de Saint Yves<\/strong>.<\/p>\n\n\n\n<p>La construction d\u00e9bute en 1339 sur les bases d\u2019une ancienne cath\u00e9drale romane et s\u2019ach\u00e8ve en 1470 avec l\u2019inauguration du <strong>clo\u00eetre<\/strong>. Avec ses 48 arcades, ses arcs-boutants en pierre et sa vo\u00fbte en bois, il s\u2019agit du clo\u00eetre le plus complet conserv\u00e9 en Bretagne.<\/p>\n\n\n\n<p>Au-dessus des toits de la ville, la fl\u00e8che ajour\u00e9e de la cath\u00e9drale s\u2019\u00e9l\u00e8ve \u00e0 <strong>63 m\u00e8tres<\/strong>. On y distingue d\u2019\u00e9tonnants motifs de jeux de cartes, clin d\u2019\u0153il, dit-on, \u00e0 la loterie royale qui aurait contribu\u00e9 \u00e0 financer sa construction en 1785.<\/p>\n\n\n\n<p>\ud83d\udccc <em>La cath\u00e9drale se visite gratuitement. Le clo\u00eetre est accessible d\u2019avril \u00e0 octobre (visite payante). En saison, les visites guid\u00e9es nocturnes avec mise en lumi\u00e8re valent vraiment le d\u00e9tour.<\/em><\/p>\n\n\n\n<h3 class=\"wp-block-heading\">\ud83c\udfe0 <strong>Visiter la maison d\u2019Ernest Renan<\/strong><\/h3>\n\n\n\n<p>Pr\u00e8s de la place des Halles, <a href=\"https:\/\/www.maison-ernest-renan.fr\/\" type=\"link\" id=\"https:\/\/www.maison-ernest-renan.fr\/\" target=\"_blank\" rel=\"noreferrer noopener\"><strong>la maison natale d\u2019Ernest Renan<\/strong> <\/a>est une <strong>belle demeure \u00e0 pans de bois<\/strong> de la fin du XVI\u1d49 si\u00e8cle. L\u2019\u00e9crivain y est n\u00e9 en 1823 et y a pass\u00e9 ses premi\u00e8res ann\u00e9es.<\/p>\n\n\n\n<p>Aujourd\u2019hui transform\u00e9e en mus\u00e9e, elle permet de mieux comprendre l\u2019homme, son \u0153uvre et l\u2019actualit\u00e9 de sa pens\u00e9e, notamment autour de la la\u00efcit\u00e9. On y d\u00e9couvre une pi\u00e8ce familiale meubl\u00e9e dans le style breton, la reconstitution de son bureau au Coll\u00e8ge de France et sa chambre d\u2019enfance.<\/p>\n\n\n\n<p>\ud83d\udccc <em>Ouverture d\u2019avril \u00e0 septembre.<\/em><\/p>\n\n\n\n<h3 class=\"wp-block-heading\">\ud83d\udeb6\u200d\u2640\ufe0f<strong>Fl\u00e2ner dans les ruelles<\/strong><\/h3>\n\n\n\n<p><strong>Tr\u00e9guier se d\u00e9couvre parfaitement \u00e0 pied<\/strong>. D\u00e9couvrez <a href=\"https:\/\/www.ouest-france.fr\/bretagne\/treguier-22220\/treguier-la-cite-de-saint-yves-un-joyau-habille-de-dentelles-de-pierre-7153996\" type=\"link\" id=\"https:\/\/www.ouest-france.fr\/bretagne\/treguier-22220\/treguier-la-cite-de-saint-yves-un-joyau-habille-de-dentelles-de-pierre-7153996\" target=\"_blank\" rel=\"noreferrer noopener\">ici<\/a>, une balade d\u2019environ 4,5 km, au d\u00e9part du port, permet de longer la rivi\u00e8re, d\u2019observer les deux tours d\u2019armateurs, de traverser la passerelle Saint-Fran\u00e7ois et de s\u2019\u00e9garer dans les ruelles du centre historique, entre maisons de pierre et fa\u00e7ades \u00e0 pans de bois.<\/p>\n\n\n\n<h3 class=\"wp-block-heading\">\ud83e\uddfa <strong>Le march\u00e9 du mercredi matin<\/strong><\/h3>\n\n\n\n<p><strong>C\u2019est un incontournable !<\/strong> Toute l&rsquo;ann\u00e9e, le march\u00e9 de Tr\u00e9guier est l\u2019un des plus agr\u00e9ables de la r\u00e9gion.<\/p>\n\n\n\n<p>Fruits, l\u00e9gumes, poissons et crustac\u00e9s s\u2019y c\u00f4toient dans une ambiance conviviale, au pied des belles maisons anciennes du centre-ville.<\/p>\n\n\n\n<h3 class=\"wp-block-heading\">\ud83c\udfb6 <strong>Les mercredis en f\u00eate (en \u00e9t\u00e9)<\/strong><\/h3>\n\n\n\n<p>En \u00e9t\u00e9, Tr\u00e9guier s\u2019anime chaque mercredi soir autour de la cath\u00e9drale. <\/p>\n\n\n\n<p>Musique, <strong>bagads bretons<\/strong> et <strong>bonne humeur<\/strong> transforment le centre historique en un v\u00e9ritable lieu de rencontre et de partage.<\/p>\n\n\n\n<h3 class=\"wp-block-heading\">\ud83c\udfad <strong>Assister \u00e0 un spectacle au Th\u00e9\u00e2tre de l\u2019Arche<\/strong><\/h3>\n\n\n\n<p>Install\u00e9 dans une ancienne chapelle, le Th\u00e9\u00e2tre de l\u2019Arche est un bel exemple de <strong>reconversion du patrimoine<\/strong>. Ce lieu chaleureux de 320 places propose une programmation vari\u00e9e tout au long de l\u2019ann\u00e9e : th\u00e9\u00e2tre, humour, musique, po\u00e9sie, projections et spectacles familiaux.<\/p>\n\n\n\n<p>\ud83d\udccc <em>Retrouvez toute la programmation <a href=\"https:\/\/www.arche-sillon.com\/\" type=\"link\" id=\"https:\/\/www.arche-sillon.com\/\" target=\"_blank\" rel=\"noreferrer noopener\">ici<\/a><\/em><\/p>\n\n\n\n<h3 class=\"wp-block-heading\">\ud83d\udc99 <strong>Mes bonnes adresses \u00e0 Tr\u00e9guier<\/strong><\/h3>\n\n\n<div class=\"wp-block-image\">\n<figure class=\"aligncenter size-full\"><img loading=\"lazy\" decoding=\"async\" width=\"664\" height=\"944\" src=\"https:\/\/terreatribord.bzh\/blog\/wp-content\/uploads\/2026\/02\/treguier6.jpg\" alt=\"tr\u00e9guier c\u00f4tes d'armor bretagne\" class=\"wp-image-955\" srcset=\"https:\/\/terreatribord.bzh\/blog\/wp-content\/uploads\/2026\/02\/treguier6.jpg 664w, https:\/\/terreatribord.bzh\/blog\/wp-content\/uploads\/2026\/02\/treguier6-211x300.jpg 211w\" sizes=\"auto, (max-width: 664px) 100vw, 664px\" \/><figcaption class=\"wp-element-caption\">La poissonnerie Moulinet &#8211; Tr\u00e9guier<\/figcaption><\/figure>\n<\/div>\n\n\n<ul class=\"wp-block-list\">\n<li><strong>La librairie Le Bel Aujourd\u2019hui<\/strong> : pour d\u00e9couvrir de beaux ouvrages et faire une pause au salon de th\u00e9.<\/li>\n\n\n\n<li><strong>Madame Moustache<\/strong> : un bar \u00e0 l\u2019ambiance pub, avec des concerts r\u00e9guliers.<\/li>\n\n\n\n<li><strong>La Table du March\u00e9<\/strong> : une adresse gourmande que je recommande sans h\u00e9siter.<\/li>\n\n\n\n<li><strong>La poissonnerie Moulinet<\/strong>&nbsp;: un incontournable pour les amoureux de produits de la mer \u00e0 Tr\u00e9guier&nbsp;!<\/li>\n\n\n\n<li><strong>Les petites boutiques d\u2019artisanat autour de la place des Halles<\/strong> : c\u00e9ramiques, cr\u00e9ations textiles, bijoux, illustrations \u2026 De jolies adresses \u00e0 d\u00e9couvrir en fl\u00e2nant, pour rapporter un souvenir local et fait main.<\/li>\n\n\n\n<li><strong>Philomenn<\/strong> : la c\u00e9l\u00e8bre bi\u00e8re artisanale de Tr\u00e9guier. Aux beaux jours, la guinguette permet de s\u2019installer au bord de la rivi\u00e8re.<\/li>\n\n\n\n<li>Et pour une cr\u00eape : la <strong>cr\u00eaperie des Halles<\/strong> ou la <strong>Krampouzerie <\/strong>\ud83e\udd5e<\/li>\n<\/ul>\n\n\n\n<h3 class=\"wp-block-heading\">\ud83d\udd0d <strong>Myst\u00e8re Abgrall<\/strong><\/h3>\n\n\n\n<p>Envie de d\u00e9couvrir Tr\u00e9guier autrement ? <strong>Myst\u00e8re Abgrall<\/strong> est un jeu de piste imagin\u00e9 par Tourisme Bretagne, accessible d\u00e8s 12 ans.<\/p>\n\n\n\n<p>Glissez-vous dans la peau d\u2019un enqu\u00eateur et partez \u00e0 la d\u00e9couverte du patrimoine de la <strong>Petite Cit\u00e9 de Caract\u00e8re<\/strong> en r\u00e9solvant une \u00e9nigme \u00e0 travers les rues de la ville.<\/p>\n\n\n\n<p>\ud83d\udccc <em>Kit d\u2019enqu\u00eateur disponible \u00e0 l\u2019office de tourisme ou carnet de jeu t\u00e9l\u00e9chargeable en ligne <a href=\"https:\/\/www.tourismebretagne.com\/preparer-mon-sejour\/actualites\/mystere-abgrall\/\" type=\"link\" id=\"https:\/\/www.tourismebretagne.com\/preparer-mon-sejour\/actualites\/mystere-abgrall\/\" target=\"_blank\" rel=\"noreferrer noopener\">ici<\/a>.<\/em><\/p>\n\n\n\n<h2 class=\"wp-block-heading has-text-align-center\">Vos vacances \u00e0 Tr\u00e9guier<\/h2>\n\n\n<div class=\"wp-block-image\">\n<figure class=\"aligncenter size-full\"><img loading=\"lazy\" decoding=\"async\" width=\"581\" height=\"775\" src=\"https:\/\/terreatribord.bzh\/blog\/wp-content\/uploads\/2026\/02\/Treguier5.jpg\" alt=\"tr\u00e9guier c\u00f4tes d'armor bretagne\" class=\"wp-image-954\" srcset=\"https:\/\/terreatribord.bzh\/blog\/wp-content\/uploads\/2026\/02\/Treguier5.jpg 581w, https:\/\/terreatribord.bzh\/blog\/wp-content\/uploads\/2026\/02\/Treguier5-225x300.jpg 225w\" sizes=\"auto, (max-width: 581px) 100vw, 581px\" \/><figcaption class=\"wp-element-caption\">Tr\u00e9guier &#8211; C\u00f4tes d&rsquo;Armor <\/figcaption><\/figure>\n<\/div>\n\n\n<p><strong>Tr\u00e9guier est une ville qui se vit doucement.<\/strong> Une destination id\u00e9ale pour celles et ceux qui aiment les lieux charg\u00e9s d\u2019histoire, les belles pierres et les balades sans programme, au fil des ruelles et des rencontres.<\/p>\n\n\n\n<p>\ud83d\udccd Pour pr\u00e9parer votre visite, retrouvez plus d\u2019infos sur les sites de la <strong><a href=\"https:\/\/www.ville-treguier.fr\/\" type=\"link\" id=\"https:\/\/www.ville-treguier.fr\/\" target=\"_blank\" rel=\"noreferrer noopener\">ville de Tr\u00e9guier<\/a><\/strong> et de l\u2019<strong><a href=\"https:\/\/www.bretagne-cotedegranitrose.com\/\" type=\"link\" id=\"https:\/\/www.bretagne-cotedegranitrose.com\/\" target=\"_blank\" rel=\"noreferrer noopener\">Office de Tourisme de la C\u00f4te de Granit Rose<\/a><\/strong>.<br>Vous pouvez aussi consulter mon guide : <em><strong><a href=\"https:\/\/terreatribord.bzh\/blog\/2022\/04\/15\/13-activites-a-faire-autour-de-treguier\/\" type=\"link\" id=\"https:\/\/terreatribord.bzh\/blog\/2022\/04\/15\/13-activites-a-faire-autour-de-treguier\/\">\u00ab 13 activit\u00e9s \u00e0 faire autour de Tr\u00e9guier \u00bb<\/a><\/strong><\/em>.<\/p>\n\n\n\n<h3 class=\"wp-block-heading\">Quand venir \u00e0 Tr\u00e9guier ?<\/h3>\n\n\n<div class=\"wp-block-image\">\n<figure class=\"aligncenter size-full\"><img loading=\"lazy\" decoding=\"async\" width=\"564\" height=\"274\" src=\"https:\/\/terreatribord.bzh\/blog\/wp-content\/uploads\/2026\/02\/carte-treguier.png\" alt=\"carte du tr\u00e9gor go\u00eblo\" class=\"wp-image-950\" srcset=\"https:\/\/terreatribord.bzh\/blog\/wp-content\/uploads\/2026\/02\/carte-treguier.png 564w, https:\/\/terreatribord.bzh\/blog\/wp-content\/uploads\/2026\/02\/carte-treguier-300x146.png 300w\" sizes=\"auto, (max-width: 564px) 100vw, 564px\" \/><figcaption class=\"wp-element-caption\">Carte du Tr\u00e9gor Go\u00eblo<\/figcaption><\/figure>\n<\/div>\n\n\n<p>Quelle que soit la saison, Tr\u00e9guier invite \u00e0 ralentir  :<\/p>\n\n\n\n<ul class=\"wp-block-list\">\n<li><a href=\"https:\/\/terreatribord.bzh\/blog\/2025\/03\/15\/un-printemps-en-bretagne-une-parenthese-iodee-aux-beaux-jours\/\" type=\"link\" id=\"https:\/\/terreatribord.bzh\/blog\/2025\/03\/15\/un-printemps-en-bretagne-une-parenthese-iodee-aux-beaux-jours\/\">Au printemps<\/a> et <a href=\"https:\/\/terreatribord.bzh\/blog\/2023\/07\/15\/la-douceur-de-l-automne-en-bretagne\/\" type=\"link\" id=\"https:\/\/terreatribord.bzh\/blog\/2023\/07\/15\/la-douceur-de-l-automne-en-bretagne\/\">\u00e0 l\u2019automne<\/a>, la ville est particuli\u00e8rement agr\u00e9able : plus calme, baign\u00e9e d\u2019une belle lumi\u00e8re, id\u00e9ale pour fl\u00e2ner et prendre le temps.<\/li>\n\n\n\n<li><a href=\"https:\/\/terreatribord.bzh\/blog\/2025\/06\/15\/un-ete-en-bretagne-nature-mer-et-grands-espaces\/\" type=\"link\" id=\"https:\/\/terreatribord.bzh\/blog\/2025\/06\/15\/un-ete-en-bretagne-nature-mer-et-grands-espaces\/\">L\u2019\u00e9t\u00e9<\/a>, Tr\u00e9guier s\u2019anime doucement avec le march\u00e9 du mercredi, les concerts et les soir\u00e9es conviviales autour de la cath\u00e9drale, tout en conservant son atmosph\u00e8re paisible.<\/li>\n\n\n\n<li><a href=\"https:\/\/terreatribord.bzh\/blog\/2024\/11\/15\/un-hiver-en-bretagne-authenticite-et-serenite\/\" type=\"link\" id=\"https:\/\/terreatribord.bzh\/blog\/2024\/11\/15\/un-hiver-en-bretagne-authenticite-et-serenite\/\">L\u2019hiver<\/a>, la ville retrouve une tranquillit\u00e9 presque confidentielle, parfaite pour celles et ceux qui aiment les balades silencieuses et les pauses caf\u00e9 \u00e0 l\u2019abri du vent.<\/li>\n\n\n\n<li>Et \u00e0 <a href=\"https:\/\/terreatribord.bzh\/blog\/2021\/10\/15\/noel-en-bretagne\/\" type=\"link\" id=\"https:\/\/terreatribord.bzh\/blog\/2021\/10\/15\/noel-en-bretagne\/\">No\u00ebl<\/a>, d\u00e9couvrez son ambiance si chaleureuse. <\/li>\n<\/ul>\n\n\n\n<h3 class=\"wp-block-heading\">Et si Tr\u00e9guier faisait partie de vos vacances \u00e0 <strong>Terre \u00e0 Tribord<\/strong> ?<\/h3>\n\n\n\n<p>\u00c0 seulement <strong>15 minutes en voiture<\/strong>, les g\u00eetes <strong><a href=\"https:\/\/terreatribord.bzh\/tyGwenn\" type=\"link\" id=\"https:\/\/terreatribord.bzh\/tyGwenn\">Ty Gwenn<\/a><\/strong> et <strong><a href=\"https:\/\/terreatribord.bzh\/tyGlaz\" type=\"link\" id=\"https:\/\/terreatribord.bzh\/tyGlaz\">Ty Glaz<\/a><\/strong>, \u00e0 Tr\u00e9l\u00e9vern, vous permettent de d\u00e9couvrir Tr\u00e9guier tout en profitant du calme de la c\u00f4te.<\/p>\n\n\n\n<p>\ud83c\udf0a Entre patrimoine et mer, une belle fa\u00e7on de vivre le Tr\u00e9gor\u2026 simplement.<\/p>\n","protected":false},"excerpt":{"rendered":"<p>Entre deux rivi\u00e8res, Tr\u00e9guier se d\u00e9couvre en prenant son temps. Ici, chaque pierre raconte une histoire. La fl\u00e8che de la cath\u00e9drale guident le regard, tandis que les ruelles d\u00e9voilent peu \u00e0 peu de superbes maisons en pierre et \u00e0 pans de bois. Petite cit\u00e9 de caract\u00e8re \u00e0 taille humaine, Tr\u00e9guier a conserv\u00e9 une \u00e2me singuli\u00e8re, [&hellip;]<\/p>\n","protected":false},"author":1,"featured_media":952,"comment_status":"closed","ping_status":"closed","sticky":false,"template":"","format":"standard","meta":{"footnotes":""},"categories":[8],"tags":[14,12,17,18,16],"class_list":["post-946","post","type-post","status-publish","format-standard","has-post-thumbnail","hentry","category-decouverte-de-la-bretagne","tag-balade","tag-patrimoine-historique","tag-produits-du-terroir","tag-traditions-bretonnes","tag-ville","post-preview"],"yoast_head":"<!-- This site is optimized with the Yoast SEO plugin v27.4 - https:\/\/yoast.com\/product\/yoast-seo-wordpress\/ -->\n<title>Tr\u00e9guier, la capitale historique du Tr\u00e9gor - Terre \u00e0 Tribord !<\/title>\n<meta name=\"description\" content=\"Guide touristique de Tr\u00e9guier : d\u00e9couvrez l\u2019histoire, la cath\u00e9drale, les maisons \u00e0 pans de bois et mes adresses.\" \/>\n<meta name=\"robots\" content=\"index, follow, max-snippet:-1, max-image-preview:large, max-video-preview:-1\" \/>\n<link rel=\"canonical\" href=\"https:\/\/terreatribord.bzh\/blog\/2026\/02\/15\/treguier-la-capitale-historique-du-tregor\/\" \/>\n<meta property=\"og:locale\" content=\"fr_FR\" \/>\n<meta property=\"og:type\" content=\"article\" \/>\n<meta property=\"og:title\" content=\"Tr\u00e9guier la capitale historique du Tr\u00e9gor\" \/>\n<meta property=\"og:description\" content=\"Guide touristique de Tr\u00e9guier : d\u00e9couvrez l\u2019histoire, la cath\u00e9drale, les maisons \u00e0 pans de bois et mes adresses.\" \/>\n<meta property=\"og:url\" content=\"https:\/\/terreatribord.bzh\/blog\/2026\/02\/15\/treguier-la-capitale-historique-du-tregor\/\" \/>\n<meta property=\"og:site_name\" content=\"Terre \u00e0 Tribord !\" \/>\n<meta property=\"article:published_time\" content=\"2026-02-15T13:01:54+00:00\" \/>\n<meta property=\"article:modified_time\" content=\"2026-02-15T13:01:55+00:00\" \/>\n<meta property=\"og:image\" content=\"https:\/\/terreatribord.bzh\/blog\/wp-content\/uploads\/2026\/02\/treguier3.jpg\" \/>\n\t<meta property=\"og:image:width\" content=\"750\" \/>\n\t<meta property=\"og:image:height\" content=\"1000\" \/>\n\t<meta property=\"og:image:type\" content=\"image\/jpeg\" \/>\n<meta name=\"author\" content=\"Charlotte\" \/>\n<meta name=\"twitter:card\" content=\"summary_large_image\" \/>\n<meta name=\"twitter:label1\" content=\"\u00c9crit par\" \/>\n\t<meta name=\"twitter:data1\" content=\"Charlotte\" \/>\n\t<meta name=\"twitter:label2\" content=\"Dur\u00e9e de lecture estim\u00e9e\" \/>\n\t<meta name=\"twitter:data2\" content=\"9 minutes\" \/>\n<script type=\"application\/ld+json\" class=\"yoast-schema-graph\">{\"@context\":\"https:\\\/\\\/schema.org\",\"@graph\":[{\"@type\":\"Article\",\"@id\":\"https:\\\/\\\/terreatribord.bzh\\\/blog\\\/2026\\\/02\\\/15\\\/treguier-la-capitale-historique-du-tregor\\\/#article\",\"isPartOf\":{\"@id\":\"https:\\\/\\\/terreatribord.bzh\\\/blog\\\/2026\\\/02\\\/15\\\/treguier-la-capitale-historique-du-tregor\\\/\"},\"author\":{\"name\":\"Charlotte\",\"@id\":\"https:\\\/\\\/terreatribord.bzh\\\/blog\\\/#\\\/schema\\\/person\\\/799840395f3f8c1f423b7eac8cacc075\"},\"headline\":\"Tr\u00e9guier, la capitale historique du Tr\u00e9gor\",\"datePublished\":\"2026-02-15T13:01:54+00:00\",\"dateModified\":\"2026-02-15T13:01:55+00:00\",\"mainEntityOfPage\":{\"@id\":\"https:\\\/\\\/terreatribord.bzh\\\/blog\\\/2026\\\/02\\\/15\\\/treguier-la-capitale-historique-du-tregor\\\/\"},\"wordCount\":1679,\"publisher\":{\"@id\":\"https:\\\/\\\/terreatribord.bzh\\\/blog\\\/#\\\/schema\\\/person\\\/799840395f3f8c1f423b7eac8cacc075\"},\"image\":{\"@id\":\"https:\\\/\\\/terreatribord.bzh\\\/blog\\\/2026\\\/02\\\/15\\\/treguier-la-capitale-historique-du-tregor\\\/#primaryimage\"},\"thumbnailUrl\":\"https:\\\/\\\/terreatribord.bzh\\\/blog\\\/wp-content\\\/uploads\\\/2026\\\/02\\\/treguier3.jpg\",\"keywords\":[\"Balade\",\"Patrimoine historique\",\"Produits du terroir\",\"Traditions bretonnes\",\"Ville\"],\"articleSection\":[\"D\u00e9couverte de la Bretagne\"],\"inLanguage\":\"fr-FR\"},{\"@type\":\"WebPage\",\"@id\":\"https:\\\/\\\/terreatribord.bzh\\\/blog\\\/2026\\\/02\\\/15\\\/treguier-la-capitale-historique-du-tregor\\\/\",\"url\":\"https:\\\/\\\/terreatribord.bzh\\\/blog\\\/2026\\\/02\\\/15\\\/treguier-la-capitale-historique-du-tregor\\\/\",\"name\":\"Tr\u00e9guier, la capitale historique du Tr\u00e9gor - Terre \u00e0 Tribord !\",\"isPartOf\":{\"@id\":\"https:\\\/\\\/terreatribord.bzh\\\/blog\\\/#website\"},\"primaryImageOfPage\":{\"@id\":\"https:\\\/\\\/terreatribord.bzh\\\/blog\\\/2026\\\/02\\\/15\\\/treguier-la-capitale-historique-du-tregor\\\/#primaryimage\"},\"image\":{\"@id\":\"https:\\\/\\\/terreatribord.bzh\\\/blog\\\/2026\\\/02\\\/15\\\/treguier-la-capitale-historique-du-tregor\\\/#primaryimage\"},\"thumbnailUrl\":\"https:\\\/\\\/terreatribord.bzh\\\/blog\\\/wp-content\\\/uploads\\\/2026\\\/02\\\/treguier3.jpg\",\"datePublished\":\"2026-02-15T13:01:54+00:00\",\"dateModified\":\"2026-02-15T13:01:55+00:00\",\"description\":\"Guide touristique de Tr\u00e9guier : d\u00e9couvrez l\u2019histoire, la cath\u00e9drale, les maisons \u00e0 pans de bois et mes adresses.\",\"breadcrumb\":{\"@id\":\"https:\\\/\\\/terreatribord.bzh\\\/blog\\\/2026\\\/02\\\/15\\\/treguier-la-capitale-historique-du-tregor\\\/#breadcrumb\"},\"inLanguage\":\"fr-FR\",\"potentialAction\":[{\"@type\":\"ReadAction\",\"target\":[\"https:\\\/\\\/terreatribord.bzh\\\/blog\\\/2026\\\/02\\\/15\\\/treguier-la-capitale-historique-du-tregor\\\/\"]}]},{\"@type\":\"ImageObject\",\"inLanguage\":\"fr-FR\",\"@id\":\"https:\\\/\\\/terreatribord.bzh\\\/blog\\\/2026\\\/02\\\/15\\\/treguier-la-capitale-historique-du-tregor\\\/#primaryimage\",\"url\":\"https:\\\/\\\/terreatribord.bzh\\\/blog\\\/wp-content\\\/uploads\\\/2026\\\/02\\\/treguier3.jpg\",\"contentUrl\":\"https:\\\/\\\/terreatribord.bzh\\\/blog\\\/wp-content\\\/uploads\\\/2026\\\/02\\\/treguier3.jpg\",\"width\":750,\"height\":1000,\"caption\":\"tr\u00e9guier c\u00f4tes d'armor bretagne\"},{\"@type\":\"BreadcrumbList\",\"@id\":\"https:\\\/\\\/terreatribord.bzh\\\/blog\\\/2026\\\/02\\\/15\\\/treguier-la-capitale-historique-du-tregor\\\/#breadcrumb\",\"itemListElement\":[{\"@type\":\"ListItem\",\"position\":1,\"name\":\"Accueil\",\"item\":\"https:\\\/\\\/terreatribord.bzh\\\/blog\\\/\"},{\"@type\":\"ListItem\",\"position\":2,\"name\":\"Tr\u00e9guier, la capitale historique du Tr\u00e9gor\"}]},{\"@type\":\"WebSite\",\"@id\":\"https:\\\/\\\/terreatribord.bzh\\\/blog\\\/#website\",\"url\":\"https:\\\/\\\/terreatribord.bzh\\\/blog\\\/\",\"name\":\"Terre \u00e0 Tribord !\",\"description\":\"Le blog qui met le cap sur la Bretagne.\",\"publisher\":{\"@id\":\"https:\\\/\\\/terreatribord.bzh\\\/blog\\\/#\\\/schema\\\/person\\\/799840395f3f8c1f423b7eac8cacc075\"},\"potentialAction\":[{\"@type\":\"SearchAction\",\"target\":{\"@type\":\"EntryPoint\",\"urlTemplate\":\"https:\\\/\\\/terreatribord.bzh\\\/blog\\\/?s={search_term_string}\"},\"query-input\":{\"@type\":\"PropertyValueSpecification\",\"valueRequired\":true,\"valueName\":\"search_term_string\"}}],\"inLanguage\":\"fr-FR\"},{\"@type\":[\"Person\",\"Organization\"],\"@id\":\"https:\\\/\\\/terreatribord.bzh\\\/blog\\\/#\\\/schema\\\/person\\\/799840395f3f8c1f423b7eac8cacc075\",\"name\":\"Charlotte\",\"image\":{\"@type\":\"ImageObject\",\"inLanguage\":\"fr-FR\",\"@id\":\"https:\\\/\\\/blog.terreatribord.bzh\\\/wp-content\\\/uploads\\\/2021\\\/08\\\/36825346_2456960194321511_447552153637093376_n.jpg\",\"url\":\"https:\\\/\\\/blog.terreatribord.bzh\\\/wp-content\\\/uploads\\\/2021\\\/08\\\/36825346_2456960194321511_447552153637093376_n.jpg\",\"contentUrl\":\"https:\\\/\\\/blog.terreatribord.bzh\\\/wp-content\\\/uploads\\\/2021\\\/08\\\/36825346_2456960194321511_447552153637093376_n.jpg\",\"width\":1462,\"height\":1462,\"caption\":\"Charlotte\"},\"logo\":{\"@id\":\"https:\\\/\\\/blog.terreatribord.bzh\\\/wp-content\\\/uploads\\\/2021\\\/08\\\/36825346_2456960194321511_447552153637093376_n.jpg\"},\"sameAs\":[\"https:\\\/\\\/blog.terreatribord.bzh\"]}]}<\/script>\n<!-- \/ Yoast SEO plugin. -->","yoast_head_json":{"title":"Tr\u00e9guier, la capitale historique du Tr\u00e9gor - Terre \u00e0 Tribord !","description":"Guide touristique de Tr\u00e9guier : d\u00e9couvrez l\u2019histoire, la cath\u00e9drale, les maisons \u00e0 pans de bois et mes adresses.","robots":{"index":"index","follow":"follow","max-snippet":"max-snippet:-1","max-image-preview":"max-image-preview:large","max-video-preview":"max-video-preview:-1"},"canonical":"https:\/\/terreatribord.bzh\/blog\/2026\/02\/15\/treguier-la-capitale-historique-du-tregor\/","og_locale":"fr_FR","og_type":"article","og_title":"Tr\u00e9guier la capitale historique du Tr\u00e9gor","og_description":"Guide touristique de Tr\u00e9guier : d\u00e9couvrez l\u2019histoire, la cath\u00e9drale, les maisons \u00e0 pans de bois et mes adresses.","og_url":"https:\/\/terreatribord.bzh\/blog\/2026\/02\/15\/treguier-la-capitale-historique-du-tregor\/","og_site_name":"Terre \u00e0 Tribord !","article_published_time":"2026-02-15T13:01:54+00:00","article_modified_time":"2026-02-15T13:01:55+00:00","og_image":[{"width":750,"height":1000,"url":"https:\/\/terreatribord.bzh\/blog\/wp-content\/uploads\/2026\/02\/treguier3.jpg","type":"image\/jpeg"}],"author":"Charlotte","twitter_card":"summary_large_image","twitter_misc":{"\u00c9crit par":"Charlotte","Dur\u00e9e de lecture estim\u00e9e":"9 minutes"},"schema":{"@context":"https:\/\/schema.org","@graph":[{"@type":"Article","@id":"https:\/\/terreatribord.bzh\/blog\/2026\/02\/15\/treguier-la-capitale-historique-du-tregor\/#article","isPartOf":{"@id":"https:\/\/terreatribord.bzh\/blog\/2026\/02\/15\/treguier-la-capitale-historique-du-tregor\/"},"author":{"name":"Charlotte","@id":"https:\/\/terreatribord.bzh\/blog\/#\/schema\/person\/799840395f3f8c1f423b7eac8cacc075"},"headline":"Tr\u00e9guier, la capitale historique du Tr\u00e9gor","datePublished":"2026-02-15T13:01:54+00:00","dateModified":"2026-02-15T13:01:55+00:00","mainEntityOfPage":{"@id":"https:\/\/terreatribord.bzh\/blog\/2026\/02\/15\/treguier-la-capitale-historique-du-tregor\/"},"wordCount":1679,"publisher":{"@id":"https:\/\/terreatribord.bzh\/blog\/#\/schema\/person\/799840395f3f8c1f423b7eac8cacc075"},"image":{"@id":"https:\/\/terreatribord.bzh\/blog\/2026\/02\/15\/treguier-la-capitale-historique-du-tregor\/#primaryimage"},"thumbnailUrl":"https:\/\/terreatribord.bzh\/blog\/wp-content\/uploads\/2026\/02\/treguier3.jpg","keywords":["Balade","Patrimoine historique","Produits du terroir","Traditions bretonnes","Ville"],"articleSection":["D\u00e9couverte de la Bretagne"],"inLanguage":"fr-FR"},{"@type":"WebPage","@id":"https:\/\/terreatribord.bzh\/blog\/2026\/02\/15\/treguier-la-capitale-historique-du-tregor\/","url":"https:\/\/terreatribord.bzh\/blog\/2026\/02\/15\/treguier-la-capitale-historique-du-tregor\/","name":"Tr\u00e9guier, la capitale historique du Tr\u00e9gor - Terre \u00e0 Tribord !","isPartOf":{"@id":"https:\/\/terreatribord.bzh\/blog\/#website"},"primaryImageOfPage":{"@id":"https:\/\/terreatribord.bzh\/blog\/2026\/02\/15\/treguier-la-capitale-historique-du-tregor\/#primaryimage"},"image":{"@id":"https:\/\/terreatribord.bzh\/blog\/2026\/02\/15\/treguier-la-capitale-historique-du-tregor\/#primaryimage"},"thumbnailUrl":"https:\/\/terreatribord.bzh\/blog\/wp-content\/uploads\/2026\/02\/treguier3.jpg","datePublished":"2026-02-15T13:01:54+00:00","dateModified":"2026-02-15T13:01:55+00:00","description":"Guide touristique de Tr\u00e9guier : d\u00e9couvrez l\u2019histoire, la cath\u00e9drale, les maisons \u00e0 pans de bois et mes adresses.","breadcrumb":{"@id":"https:\/\/terreatribord.bzh\/blog\/2026\/02\/15\/treguier-la-capitale-historique-du-tregor\/#breadcrumb"},"inLanguage":"fr-FR","potentialAction":[{"@type":"ReadAction","target":["https:\/\/terreatribord.bzh\/blog\/2026\/02\/15\/treguier-la-capitale-historique-du-tregor\/"]}]},{"@type":"ImageObject","inLanguage":"fr-FR","@id":"https:\/\/terreatribord.bzh\/blog\/2026\/02\/15\/treguier-la-capitale-historique-du-tregor\/#primaryimage","url":"https:\/\/terreatribord.bzh\/blog\/wp-content\/uploads\/2026\/02\/treguier3.jpg","contentUrl":"https:\/\/terreatribord.bzh\/blog\/wp-content\/uploads\/2026\/02\/treguier3.jpg","width":750,"height":1000,"caption":"tr\u00e9guier c\u00f4tes d'armor bretagne"},{"@type":"BreadcrumbList","@id":"https:\/\/terreatribord.bzh\/blog\/2026\/02\/15\/treguier-la-capitale-historique-du-tregor\/#breadcrumb","itemListElement":[{"@type":"ListItem","position":1,"name":"Accueil","item":"https:\/\/terreatribord.bzh\/blog\/"},{"@type":"ListItem","position":2,"name":"Tr\u00e9guier, la capitale historique du Tr\u00e9gor"}]},{"@type":"WebSite","@id":"https:\/\/terreatribord.bzh\/blog\/#website","url":"https:\/\/terreatribord.bzh\/blog\/","name":"Terre \u00e0 Tribord !","description":"Le blog qui met le cap sur la Bretagne.","publisher":{"@id":"https:\/\/terreatribord.bzh\/blog\/#\/schema\/person\/799840395f3f8c1f423b7eac8cacc075"},"potentialAction":[{"@type":"SearchAction","target":{"@type":"EntryPoint","urlTemplate":"https:\/\/terreatribord.bzh\/blog\/?s={search_term_string}"},"query-input":{"@type":"PropertyValueSpecification","valueRequired":true,"valueName":"search_term_string"}}],"inLanguage":"fr-FR"},{"@type":["Person","Organization"],"@id":"https:\/\/terreatribord.bzh\/blog\/#\/schema\/person\/799840395f3f8c1f423b7eac8cacc075","name":"Charlotte","image":{"@type":"ImageObject","inLanguage":"fr-FR","@id":"https:\/\/blog.terreatribord.bzh\/wp-content\/uploads\/2021\/08\/36825346_2456960194321511_447552153637093376_n.jpg","url":"https:\/\/blog.terreatribord.bzh\/wp-content\/uploads\/2021\/08\/36825346_2456960194321511_447552153637093376_n.jpg","contentUrl":"https:\/\/blog.terreatribord.bzh\/wp-content\/uploads\/2021\/08\/36825346_2456960194321511_447552153637093376_n.jpg","width":1462,"height":1462,"caption":"Charlotte"},"logo":{"@id":"https:\/\/blog.terreatribord.bzh\/wp-content\/uploads\/2021\/08\/36825346_2456960194321511_447552153637093376_n.jpg"},"sameAs":["https:\/\/blog.terreatribord.bzh"]}]}},"_links":{"self":[{"href":"https:\/\/terreatribord.bzh\/blog\/wp-json\/wp\/v2\/posts\/946","targetHints":{"allow":["GET"]}}],"collection":[{"href":"https:\/\/terreatribord.bzh\/blog\/wp-json\/wp\/v2\/posts"}],"about":[{"href":"https:\/\/terreatribord.bzh\/blog\/wp-json\/wp\/v2\/types\/post"}],"author":[{"embeddable":true,"href":"https:\/\/terreatribord.bzh\/blog\/wp-json\/wp\/v2\/users\/1"}],"replies":[{"embeddable":true,"href":"https:\/\/terreatribord.bzh\/blog\/wp-json\/wp\/v2\/comments?post=946"}],"version-history":[{"count":3,"href":"https:\/\/terreatribord.bzh\/blog\/wp-json\/wp\/v2\/posts\/946\/revisions"}],"predecessor-version":[{"id":957,"href":"https:\/\/terreatribord.bzh\/blog\/wp-json\/wp\/v2\/posts\/946\/revisions\/957"}],"wp:featuredmedia":[{"embeddable":true,"href":"https:\/\/terreatribord.bzh\/blog\/wp-json\/wp\/v2\/media\/952"}],"wp:attachment":[{"href":"https:\/\/terreatribord.bzh\/blog\/wp-json\/wp\/v2\/media?parent=946"}],"wp:term":[{"taxonomy":"category","embeddable":true,"href":"https:\/\/terreatribord.bzh\/blog\/wp-json\/wp\/v2\/categories?post=946"},{"taxonomy":"post_tag","embeddable":true,"href":"https:\/\/terreatribord.bzh\/blog\/wp-json\/wp\/v2\/tags?post=946"}],"curies":[{"name":"wp","href":"https:\/\/api.w.org\/{rel}","templated":true}]}}